{"id":10970,"date":"2023-06-01T15:02:46","date_gmt":"2023-06-01T18:02:46","guid":{"rendered":"https:\/\/tecnologia.prefeitura.sp.gov.br\/?p=10970"},"modified":"2023-06-02T16:46:49","modified_gmt":"2023-06-02T19:46:49","slug":"28o-forum-tecnico-de-tecnologia-da-informacoes-e-comunicacao-boas-praticas-em-governanca-de-dados","status":"publish","type":"post","link":"https:\/\/tecnologia.prefeitura.sp.gov.br\/?p=10970","title":{"rendered":"28\u00ba F\u00f3rum T\u00e9cnico de Tecnologia da Informa\u00e7\u00f5es e Comunica\u00e7\u00e3o \u2013 Boas Pr\u00e1ticas em Governan\u00e7a de Dados"},"content":{"rendered":"\t\t<div data-elementor-type=\"wp-post\" data-elementor-id=\"10970\" class=\"elementor elementor-10970\">\n\t\t\t\t\t\t<section class=\"elementor-section elementor-top-section elementor-element elementor-element-4eb0519 elementor-section-boxed elementor-section-height-default elementor-section-height-default\" data-id=\"4eb0519\" data-element_type=\"section\" data-e-type=\"section\">\n\t\t\t\t\t\t<div class=\"elementor-container elementor-column-gap-default\">\n\t\t\t\t\t<div class=\"elementor-column elementor-col-100 elementor-top-column elementor-element elementor-element-6ebf329\" data-id=\"6ebf329\" data-element_type=\"column\" data-e-type=\"column\">\n\t\t\t<div class=\"elementor-widget-wrap elementor-element-populated\">\n\t\t\t\t\t\t<div class=\"elementor-element elementor-element-6d34d69 elementor-widget elementor-widget-text-editor\" data-id=\"6d34d69\" data-element_type=\"widget\" data-e-type=\"widget\" data-widget_type=\"text-editor.default\">\n\t\t\t\t<div class=\"elementor-widget-container\">\n\t\t\t\t\t\t\t\t\t<p><span class=\"ui-provider bxe bxf c d e f g h i j k l m n o p q r s t bxg bxh w x y z ab ac ae af ag ah ai aj ak\" dir=\"ltr\">\u00a0O 28\u00ba F\u00f3rum T\u00e9cnico de Tecnologia da Informa\u00e7\u00e3o e Comunica\u00e7\u00e3o teve como tema as Boas Pr\u00e1ticas em Governan\u00e7a de Dados e foi realizado no formato virtual na plataforma Microsoft Teams. O f\u00f3rum contou com a participa\u00e7\u00e3o dos l\u00edderes de TIC dos \u00f3rg\u00e3os setoriais da Prefeitura Municipal de S\u00e3o Paulo e convidados, ao total, cerca de 77 pessoas participaram do f\u00f3rum.\u00a0<\/span><\/p><p>O chefe de gabinete, Roger Willians, iniciou o f\u00f3rum agradecendo a todos os participantes e ressaltou a import\u00e2ncia do tema na Estrat\u00e9gia de Transforma\u00e7\u00e3o Digital que ser\u00e1 lan\u00e7ada no pr\u00f3ximo m\u00eas. Al\u00e9m da transforma\u00e7\u00e3o digital, ele citou que o tema tamb\u00e9m contribui na implanta\u00e7\u00e3o do Cadastro de Base de Pessoas e no Login \u00danico, o qual est\u00e1 em testes em algumas secretarias. Finalizando, desejou em nome do Secret\u00e1rio Bruno Lima, um bom f\u00f3rum a todos.\u00a0<\/p><p>Prosseguindo, a Coordenadora da CGTIC (Coordenadoria de Gest\u00e3o de Tecnologia da Informa\u00e7\u00e3o e Comunica\u00e7\u00e3o, Cl\u00e1udia Ciufatelli Barale, agradeceu a todos os participantes e passou a palavra para o analista Rafael Neves, que deu prosseguimento ao f\u00f3rum apresentando a agenda do dia.\u00a0<\/p><p>A primeira apresenta\u00e7\u00e3o foi realizada pelo Sr. Luiz Dorsa, diretor EITL e parceiro de Lideran\u00e7a Gartner, e teve como tema: &#8220;Alavancando os benef\u00edcios de uma cultura data driven&#8221;.\u00a0<\/p><p>Ap\u00f3s uma breve apresenta\u00e7\u00e3o pessoal e da empresa Gartner, Luiz Dorsa abordou a necessidade de uma transforma\u00e7\u00e3o cultural nas organiza\u00e7\u00f5es para que ocorra uma transforma\u00e7\u00e3o digital, trazendo para o centro do triangulo composto de pessoas, processos e tecnologia a cultura dos dados.\u00a0<\/p><p>Abordou tamb\u00e9m os cuidados que se deve ter ao trabalhar com dados, desde a confiabilidade dos dados, como s\u00e3o os processos de governan\u00e7a dos dados, como \u00e9 a capacita\u00e7\u00e3o dos profissionais que trabalham com os dados e os cuidados com a privacidade.\u00a0<\/p><p>Um ponto relevante foi a apresenta\u00e7\u00e3o de um levantamento realizado pela empresa Gartner junto aos CDOs de diversas empresas, mostrando que a 40% enfrentavam desafios culturais para aceitas essa mudan\u00e7a e que 25% enfrentavam resist\u00eancia \u00e0s mudan\u00e7as no modelo.\u00a0<\/p><p>Abordou tamb\u00e9m os problemas comuns devido a baixa maturidade na cultura de dados e que essa baixa maturidade pode levar a um ciclo negativo, no qual diferentes setores de uma mesma organiza\u00e7\u00e3o podem produzir informa\u00e7\u00f5es paralelas, o que pode levar a diverg\u00eancias e conceitos diferentes, gerando desconfian\u00e7a sobre os dados coletados.\u00a0<\/p><p>Luiz Dorsa refor\u00e7ou a import\u00e2ncia de um Patroc\u00ednio Forte para que a mudan\u00e7a seja efetiva, sem esse apoio as \u00e1reas t\u00e9cnicas dificilmente conseguem avan\u00e7ar no processo de implanta\u00e7\u00e3o de uma cultura voltada a dados nas organiza\u00e7\u00f5es e citou a papel fundamenta da comunica\u00e7\u00e3o em todo processo.\u00a0<\/p><p>Um slide com as estat\u00edsticas do Gartner sobre o uso dos dados se destacou, informando que mais de 95% dos l\u00edderes continuar\u00e3o a tomar uma decis\u00e3o por meio da intui\u00e7\u00e3o ao inv\u00e9s de usar dados e fatos. O que leva ao questionamento sobre o grau de confian\u00e7a dos l\u00edderes nos dados.\u00a0<\/p><p>Prosseguiu apresentando o Plano de Alfabetiza\u00e7\u00e3o de dados como um programa de mudan\u00e7as, os cinco passo de conscientiza\u00e7\u00e3o e finalizou apresentando o modelo de Curadoria de Dados.\u00a0<\/p><p>Em seguida o analista Loyd Kozawa apresentou o relat\u00f3rio do Diagn\u00f3stico de TIC 2023 e finalizando as apresenta\u00e7\u00f5es do f\u00f3rum, o analista <span data-contrast=\"auto\">Thyago Athayde Silveira de Oliveira apresentou o dashboard publicado do PETIC 21-24 e demonstrou v\u00e1rias funcionalidades do PowerBI.\u00a0<\/span><\/p><p><span class=\"ui-provider bxe bxf c d e f g h i j k l m n o p q r s t bxg bxh w x y z ab ac ae af ag ah ai aj ak\" dir=\"ltr\">Em seguida foi aberto um espa\u00e7o para d\u00favidas e finalizando o f\u00f3rum, o analista R<\/span>afael Neves encerrou agradecendo a participa\u00e7\u00e3o de todos.\u00a0<\/p><p><span data-contrast=\"auto\">Data: 31\/05\/2023;<\/span><span data-ccp-props=\"{\">\u00a0<\/span><\/p><p><span data-contrast=\"auto\">Via: V\u00eddeo confer\u00eancia via Microsoft Teams;<\/span><\/p><p><span data-contrast=\"auto\">Participantes: Aproximadamente 74 pessoas.<\/span><span data-ccp-props=\"{\">\u00a0<\/span><\/p><p><span data-contrast=\"auto\">Palestrantes:\u00a0<\/span><span data-ccp-props=\"{\">\u00a0<\/span><\/p><p><span class=\"ui-provider bxe bxf c d e f g h i j k l m n o p q r s t bxg bxh w x y z ab ac ae af ag ah ai aj ak\" dir=\"ltr\">Luiz Dorsa &#8211; (<\/span>Executive Partner Data &amp; Analytics &#8211; <span class=\"ui-provider bxe bxf c d e f g h i j k l m n o p q r s t bxg bxh w x y z ab ac ae af ag ah ai aj ak\" dir=\"ltr\">Gartner)<\/span><\/p><p><span data-contrast=\"auto\">Loyd Hiroki Kozawa (SMIT\/CGTIC\/DEGOV)<\/span><span data-ccp-props=\"{\">\u00a0<\/span><\/p><p><span data-contrast=\"auto\">Thyago Athayde Silveira de Oliveira (SMIT\/CGTIC\/DEGOV)<\/span><span data-ccp-props=\"{\">\u00a0<\/span><\/p>\t\t\t\t\t\t\t\t<\/div>\n\t\t\t\t<\/div>\n\t\t\t\t<div class=\"elementor-element elementor-element-911cd7f elementor-widget-divider--view-line elementor-widget elementor-widget-divider\" data-id=\"911cd7f\" data-element_type=\"widget\" data-e-type=\"widget\" data-widget_type=\"divider.default\">\n\t\t\t\t<div class=\"elementor-widget-container\">\n\t\t\t\t\t\t\t<div class=\"elementor-divider\">\n\t\t\t<span class=\"elementor-divider-separator\">\n\t\t\t\t\t\t<\/span>\n\t\t<\/div>\n\t\t\t\t\t\t<\/div>\n\t\t\t\t<\/div>\n\t\t\t\t\t<\/div>\n\t\t<\/div>\n\t\t\t\t\t<\/div>\n\t\t<\/section>\n\t\t\t\t<section class=\"elementor-section elementor-top-section elementor-element elementor-element-b807a99 elementor-section-boxed elementor-section-height-default elementor-section-height-default\" data-id=\"b807a99\" data-element_type=\"section\" data-e-type=\"section\">\n\t\t\t\t\t\t<div class=\"elementor-container elementor-column-gap-default\">\n\t\t\t\t\t<div class=\"elementor-column elementor-col-100 elementor-top-column elementor-element elementor-element-89a3305\" data-id=\"89a3305\" data-element_type=\"column\" data-e-type=\"column\">\n\t\t\t<div class=\"elementor-widget-wrap elementor-element-populated\">\n\t\t\t\t\t\t<div class=\"elementor-element elementor-element-b094250 elementor-widget elementor-widget-text-editor\" data-id=\"b094250\" data-element_type=\"widget\" data-e-type=\"widget\" data-widget_type=\"text-editor.default\">\n\t\t\t\t<div class=\"elementor-widget-container\">\n\t\t\t\t\t\t\t\t\t<h4><strong>Acesse abaixo o material da apresenta\u00e7\u00e3o do 28\u00ba F\u00f3rum T\u00e9cnico de TIC e nossa se\u00e7\u00e3o de Governan\u00e7a de TIC<\/strong><\/h4>\t\t\t\t\t\t\t\t<\/div>\n\t\t\t\t<\/div>\n\t\t\t\t<section class=\"elementor-section elementor-inner-section elementor-element elementor-element-a86e713 elementor-section-boxed elementor-section-height-default elementor-section-height-default\" data-id=\"a86e713\" data-element_type=\"section\" data-e-type=\"section\">\n\t\t\t\t\t\t<div class=\"elementor-container elementor-column-gap-default\">\n\t\t\t\t\t<div class=\"elementor-column elementor-col-33 elementor-inner-column elementor-element elementor-element-c7096fb\" data-id=\"c7096fb\" data-element_type=\"column\" data-e-type=\"column\">\n\t\t\t<div class=\"elementor-widget-wrap elementor-element-populated\">\n\t\t\t\t\t\t<div class=\"elementor-element elementor-element-e98bcb0 elementor-align-center elementor-widget elementor-widget-button\" data-id=\"e98bcb0\" data-element_type=\"widget\" data-e-type=\"widget\" data-widget_type=\"button.default\">\n\t\t\t\t<div class=\"elementor-widget-container\">\n\t\t\t\t\t\t\t\t\t<div class=\"elementor-button-wrapper\">\n\t\t\t\t\t<a class=\"elementor-button elementor-button-link elementor-size-sm\" href=\"https:\/\/tecnologia.prefeitura.sp.gov.br\/wp-content\/uploads\/2023\/06\/Boas-Praticas-em-Governanca-de-Dados-Dorsa.pdf\" target=\"_blank\">\n\t\t\t\t\t\t<span class=\"elementor-button-content-wrapper\">\n\t\t\t\t\t\t\t\t\t<span class=\"elementor-button-text\">Apresenta\u00e7\u00e3o Gartner<\/span>\n\t\t\t\t\t<\/span>\n\t\t\t\t\t<\/a>\n\t\t\t\t<\/div>\n\t\t\t\t\t\t\t\t<\/div>\n\t\t\t\t<\/div>\n\t\t\t\t\t<\/div>\n\t\t<\/div>\n\t\t\t\t<div class=\"elementor-column elementor-col-33 elementor-inner-column elementor-element elementor-element-804859d\" data-id=\"804859d\" data-element_type=\"column\" data-e-type=\"column\">\n\t\t\t<div class=\"elementor-widget-wrap elementor-element-populated\">\n\t\t\t\t\t\t<div class=\"elementor-element elementor-element-2180334 elementor-align-center elementor-widget elementor-widget-button\" data-id=\"2180334\" data-element_type=\"widget\" data-e-type=\"widget\" data-widget_type=\"button.default\">\n\t\t\t\t<div class=\"elementor-widget-container\">\n\t\t\t\t\t\t\t\t\t<div class=\"elementor-button-wrapper\">\n\t\t\t\t\t<a class=\"elementor-button elementor-button-link elementor-size-sm\" href=\"https:\/\/tecnologia.prefeitura.sp.gov.br\/wp-content\/uploads\/2023\/06\/Apresentacao-28o-FFTIC-1.pdf\" target=\"_blank\">\n\t\t\t\t\t\t<span class=\"elementor-button-content-wrapper\">\n\t\t\t\t\t\t\t\t\t<span class=\"elementor-button-text\">Apresenta\u00e7\u00e3o 28\u00ba F\u00f3rum T\u00e9cnico de TIC<\/span>\n\t\t\t\t\t<\/span>\n\t\t\t\t\t<\/a>\n\t\t\t\t<\/div>\n\t\t\t\t\t\t\t\t<\/div>\n\t\t\t\t<\/div>\n\t\t\t\t\t<\/div>\n\t\t<\/div>\n\t\t\t\t<div class=\"elementor-column elementor-col-33 elementor-inner-column elementor-element elementor-element-f0973ee\" data-id=\"f0973ee\" data-element_type=\"column\" data-e-type=\"column\">\n\t\t\t<div class=\"elementor-widget-wrap elementor-element-populated\">\n\t\t\t\t\t\t<div class=\"elementor-element elementor-element-b45455a elementor-align-center elementor-widget elementor-widget-button\" data-id=\"b45455a\" data-element_type=\"widget\" data-e-type=\"widget\" data-widget_type=\"button.default\">\n\t\t\t\t<div class=\"elementor-widget-container\">\n\t\t\t\t\t\t\t\t\t<div class=\"elementor-button-wrapper\">\n\t\t\t\t\t<a class=\"elementor-button elementor-button-link elementor-size-sm\" href=\"https:\/\/tecnologia.prefeitura.sp.gov.br\/?page_id=1161\" target=\"_blank\">\n\t\t\t\t\t\t<span class=\"elementor-button-content-wrapper\">\n\t\t\t\t\t\t\t\t\t<span class=\"elementor-button-text\">Governan\u00e7a de TIC<\/span>\n\t\t\t\t\t<\/span>\n\t\t\t\t\t<\/a>\n\t\t\t\t<\/div>\n\t\t\t\t\t\t\t\t<\/div>\n\t\t\t\t<\/div>\n\t\t\t\t\t<\/div>\n\t\t<\/div>\n\t\t\t\t\t<\/div>\n\t\t<\/section>\n\t\t\t\t<div class=\"elementor-element elementor-element-e3c71dc elementor-widget-divider--view-line elementor-widget elementor-widget-divider\" data-id=\"e3c71dc\" data-element_type=\"widget\" data-e-type=\"widget\" data-widget_type=\"divider.default\">\n\t\t\t\t<div class=\"elementor-widget-container\">\n\t\t\t\t\t\t\t<div class=\"elementor-divider\">\n\t\t\t<span class=\"elementor-divider-separator\">\n\t\t\t\t\t\t<\/span>\n\t\t<\/div>\n\t\t\t\t\t\t<\/div>\n\t\t\t\t<\/div>\n\t\t\t\t\t<\/div>\n\t\t<\/div>\n\t\t\t\t\t<\/div>\n\t\t<\/section>\n\t\t\t\t<section class=\"elementor-section elementor-top-section elementor-element elementor-element-027ba5d elementor-section-boxed elementor-section-height-default elementor-section-height-default\" data-id=\"027ba5d\" data-element_type=\"section\" data-e-type=\"section\">\n\t\t\t\t\t\t<div class=\"elementor-container elementor-column-gap-default\">\n\t\t\t\t\t<div class=\"elementor-column elementor-col-100 elementor-top-column elementor-element elementor-element-52d8af8\" data-id=\"52d8af8\" data-element_type=\"column\" data-e-type=\"column\">\n\t\t\t<div class=\"elementor-widget-wrap elementor-element-populated\">\n\t\t\t\t\t\t<div class=\"elementor-element elementor-element-7e366df elementor-widget elementor-widget-heading\" data-id=\"7e366df\" data-element_type=\"widget\" data-e-type=\"widget\" data-widget_type=\"heading.default\">\n\t\t\t\t<div class=\"elementor-widget-container\">\n\t\t\t\t\t<h2 class=\"elementor-heading-title elementor-size-default\">Veja algumas imagens do 28\u00ba  FTTIC<\/h2>\t\t\t\t<\/div>\n\t\t\t\t<\/div>\n\t\t\t\t<div class=\"elementor-element elementor-element-f8c06e7 elementor-arrows-position-inside elementor-pagination-position-outside elementor-widget elementor-widget-image-carousel\" data-id=\"f8c06e7\" data-element_type=\"widget\" data-e-type=\"widget\" data-settings=\"{&quot;slides_to_show&quot;:&quot;1&quot;,&quot;navigation&quot;:&quot;both&quot;,&quot;autoplay&quot;:&quot;yes&quot;,&quot;pause_on_hover&quot;:&quot;yes&quot;,&quot;pause_on_interaction&quot;:&quot;yes&quot;,&quot;autoplay_speed&quot;:5000,&quot;infinite&quot;:&quot;yes&quot;,&quot;effect&quot;:&quot;slide&quot;,&quot;speed&quot;:500}\" data-widget_type=\"image-carousel.default\">\n\t\t\t\t<div class=\"elementor-widget-container\">\n\t\t\t\t\t\t\t<div class=\"elementor-image-carousel-wrapper swiper\" role=\"region\" aria-roledescription=\"carousel\" aria-label=\"Carrossel de imagens\" dir=\"ltr\">\n\t\t\t<div class=\"elementor-image-carousel swiper-wrapper\" aria-live=\"off\">\n\t\t\t\t\t\t\t\t<div class=\"swiper-slide\" role=\"group\" aria-roledescription=\"slide\" aria-label=\"1 de 10\"><figure class=\"swiper-slide-inner\"><img decoding=\"async\" class=\"swiper-slide-image\" src=\"https:\/\/tecnologia.prefeitura.sp.gov.br\/wp-content\/uploads\/2023\/06\/Captura-de-Tela-98.png\" alt=\"Captura de Tela (98)\" \/><\/figure><\/div><div class=\"swiper-slide\" role=\"group\" aria-roledescription=\"slide\" aria-label=\"2 de 10\"><figure class=\"swiper-slide-inner\"><img decoding=\"async\" class=\"swiper-slide-image\" src=\"https:\/\/tecnologia.prefeitura.sp.gov.br\/wp-content\/uploads\/2023\/06\/Captura-de-Tela-104.png\" alt=\"Captura de Tela (104)\" \/><\/figure><\/div><div class=\"swiper-slide\" role=\"group\" aria-roledescription=\"slide\" aria-label=\"3 de 10\"><figure class=\"swiper-slide-inner\"><img decoding=\"async\" class=\"swiper-slide-image\" src=\"https:\/\/tecnologia.prefeitura.sp.gov.br\/wp-content\/uploads\/2023\/06\/Print-Forum-4.jpg\" alt=\"Print F\u00f3rum 4\" \/><\/figure><\/div><div class=\"swiper-slide\" role=\"group\" aria-roledescription=\"slide\" aria-label=\"4 de 10\"><figure class=\"swiper-slide-inner\"><img decoding=\"async\" class=\"swiper-slide-image\" src=\"https:\/\/tecnologia.prefeitura.sp.gov.br\/wp-content\/uploads\/2023\/06\/Captura-de-Tela-126.png\" alt=\"Captura de Tela (126)\" \/><\/figure><\/div><div class=\"swiper-slide\" role=\"group\" aria-roledescription=\"slide\" aria-label=\"5 de 10\"><figure class=\"swiper-slide-inner\"><img decoding=\"async\" class=\"swiper-slide-image\" src=\"https:\/\/tecnologia.prefeitura.sp.gov.br\/wp-content\/uploads\/2023\/06\/Captura-de-Tela-137.png\" alt=\"Captura de Tela (137)\" \/><\/figure><\/div><div class=\"swiper-slide\" role=\"group\" aria-roledescription=\"slide\" aria-label=\"6 de 10\"><figure class=\"swiper-slide-inner\"><img decoding=\"async\" class=\"swiper-slide-image\" src=\"https:\/\/tecnologia.prefeitura.sp.gov.br\/wp-content\/uploads\/2023\/06\/Captura-de-Tela-143.png\" alt=\"Captura de Tela (143)\" \/><\/figure><\/div><div class=\"swiper-slide\" role=\"group\" aria-roledescription=\"slide\" aria-label=\"7 de 10\"><figure class=\"swiper-slide-inner\"><img decoding=\"async\" class=\"swiper-slide-image\" src=\"https:\/\/tecnologia.prefeitura.sp.gov.br\/wp-content\/uploads\/2023\/06\/Print-Forum-13.jpg\" alt=\"Print F\u00f3rum 13\" \/><\/figure><\/div><div class=\"swiper-slide\" role=\"group\" aria-roledescription=\"slide\" aria-label=\"8 de 10\"><figure class=\"swiper-slide-inner\"><img decoding=\"async\" class=\"swiper-slide-image\" src=\"https:\/\/tecnologia.prefeitura.sp.gov.br\/wp-content\/uploads\/2023\/06\/Captura-de-Tela-151-1.png\" alt=\"Captura de Tela (151)\" \/><\/figure><\/div><div class=\"swiper-slide\" role=\"group\" aria-roledescription=\"slide\" aria-label=\"9 de 10\"><figure class=\"swiper-slide-inner\"><img decoding=\"async\" class=\"swiper-slide-image\" src=\"https:\/\/tecnologia.prefeitura.sp.gov.br\/wp-content\/uploads\/2023\/06\/Captura-de-Tela-161.png\" alt=\"Captura de Tela (161)\" \/><\/figure><\/div><div class=\"swiper-slide\" role=\"group\" aria-roledescription=\"slide\" aria-label=\"10 de 10\"><figure class=\"swiper-slide-inner\"><img decoding=\"async\" class=\"swiper-slide-image\" src=\"https:\/\/tecnologia.prefeitura.sp.gov.br\/wp-content\/uploads\/2023\/06\/Print-Forum-16.jpg\" alt=\"Print F\u00f3rum 16\" \/><\/figure><\/div>\t\t\t<\/div>\n\t\t\t\t\t\t\t\t\t\t\t\t<div class=\"elementor-swiper-button elementor-swiper-button-prev\" role=\"button\" tabindex=\"0\">\n\t\t\t\t\t\t<i aria-hidden=\"true\" class=\"eicon-chevron-left\"><\/i>\t\t\t\t\t<\/div>\n\t\t\t\t\t<div class=\"elementor-swiper-button elementor-swiper-button-next\" role=\"button\" tabindex=\"0\">\n\t\t\t\t\t\t<i aria-hidden=\"true\" class=\"eicon-chevron-right\"><\/i>\t\t\t\t\t<\/div>\n\t\t\t\t\n\t\t\t\t\t\t\t\t\t<div class=\"swiper-pagination\"><\/div>\n\t\t\t\t\t\t\t\t\t<\/div>\n\t\t\t\t\t\t<\/div>\n\t\t\t\t<\/div>\n\t\t\t\t\t<\/div>\n\t\t<\/div>\n\t\t\t\t\t<\/div>\n\t\t<\/section>\n\t\t\t\t<section class=\"elementor-section elementor-top-section elementor-element elementor-element-8fc5044 elementor-section-boxed elementor-section-height-default elementor-section-height-default\" data-id=\"8fc5044\" data-element_type=\"section\" data-e-type=\"section\">\n\t\t\t\t\t\t<div class=\"elementor-container elementor-column-gap-default\">\n\t\t\t\t\t<div class=\"elementor-column elementor-col-100 elementor-top-column elementor-element elementor-element-b0f1a44\" data-id=\"b0f1a44\" data-element_type=\"column\" data-e-type=\"column\">\n\t\t\t<div class=\"elementor-widget-wrap elementor-element-populated\">\n\t\t\t\t\t\t\t<\/div>\n\t\t<\/div>\n\t\t\t\t\t<\/div>\n\t\t<\/section>\n\t\t\t\t<section class=\"elementor-section elementor-top-section elementor-element elementor-element-5dd63b1 elementor-section-boxed elementor-section-height-default elementor-section-height-default\" data-id=\"5dd63b1\" data-element_type=\"section\" data-e-type=\"section\">\n\t\t\t\t\t\t<div class=\"elementor-container elementor-column-gap-default\">\n\t\t\t\t\t<div class=\"elementor-column elementor-col-100 elementor-top-column elementor-element elementor-element-1e136e4\" data-id=\"1e136e4\" data-element_type=\"column\" data-e-type=\"column\">\n\t\t\t<div class=\"elementor-widget-wrap elementor-element-populated\">\n\t\t\t\t\t\t<div class=\"elementor-element elementor-element-c8e38b1 elementor-widget elementor-widget-text-editor\" data-id=\"c8e38b1\" data-element_type=\"widget\" data-e-type=\"widget\" data-widget_type=\"text-editor.default\">\n\t\t\t\t<div class=\"elementor-widget-container\">\n\t\t\t\t\t\t\t\t\t<p><strong>Saiba mais sobre o F\u00f3rum T\u00e9cnico de Tecnologia da Informa\u00e7\u00e3o e Comunica\u00e7\u00e3o \u2013 FTTIC<\/strong><\/p><p>O F\u00f3rum T\u00e9cnico de Tecnologia da Informa\u00e7\u00e3o e Comunica\u00e7\u00e3o \u2013 FTTIC consiste no conjunto dos respons\u00e1veis t\u00e9cnicos em Tecnologia da Informa\u00e7\u00e3o e Comunica\u00e7\u00e3o dos \u00d3rg\u00e3os Setoriais que comp\u00f5e o Sistema Municipal de Tecnologia da Informa\u00e7\u00e3o e Comunica\u00e7\u00e3o \u2013 SMTIC. Criado atrav\u00e9s do Decreto 57.653\/2017, que disp\u00f5e sobre a Pol\u00edtica Municipal de Governan\u00e7a de Tecnologia da Informa\u00e7\u00e3o e Comunica\u00e7\u00e3o \u2013 PMGTIC, os l\u00edderes dos \u00f3rg\u00e3os participam de encontros peri\u00f3dicos que buscam como principais objetivos:<\/p><p>I &#8211; Promover a integra\u00e7\u00e3o entre respons\u00e1veis t\u00e9cnicos em tecnologia da informa\u00e7\u00e3o dos \u00d3rg\u00e3os Setoriais;<\/p><p>II &#8211; Alinhar as quest\u00f5es relativas \u00e0 PMGTIC, especialmente quanto aos instrumentos de governan\u00e7a de tecnologia da informa\u00e7\u00e3o e comunica\u00e7\u00e3o;<\/p><p>III &#8211; Acelerar a resolu\u00e7\u00e3o das quest\u00f5es t\u00e9cnicas dos \u00f3rg\u00e3os setoriais, bem como das d\u00favidas potencialmente comuns a todos, promovendo o aumento de maturidade em tecnologia da informa\u00e7\u00e3o e comunica\u00e7\u00e3o;<\/p><p>IV &#8211; Prover o \u00d3rg\u00e3o Central de informa\u00e7\u00f5es a respeito da materializa\u00e7\u00e3o das a\u00e7\u00f5es da PMGTIC em cada \u00f3rg\u00e3o, debatendo seus principais aspectos e implica\u00e7\u00f5es;<\/p><p>V &#8211; Possibilitar aos \u00d3rg\u00e3os e Entidades Setoriais, meio para a apresenta\u00e7\u00e3o de propostas de melhorias nos instrumentos de governan\u00e7a, bem como na implementa\u00e7\u00e3o da PMGTIC.<\/p><p>Para acessar os \u00faltimos f\u00f3runs realizados <a href=\"https:\/\/tecnologia.prefeitura.sp.gov.br\/?page_id=1208\">clique aqui .<\/a><\/p>\t\t\t\t\t\t\t\t<\/div>\n\t\t\t\t<\/div>\n\t\t\t\t\t<\/div>\n\t\t<\/div>\n\t\t\t\t\t<\/div>\n\t\t<\/section>\n\t\t\t\t<\/div>\n\t\t","protected":false},"excerpt":{"rendered":"<p>&nbsp;O 28\u00ba F\u00f3rum T\u00e9cnico de Tecnologia da Informa\u00e7\u00e3o e Comunica\u00e7\u00e3o teve como tema as Boas Pr\u00e1ticas em Governan\u00e7a de Dados e foi realizado no formato virtual na plataforma Microsoft Teams. O f\u00f3rum contou com a participa\u00e7\u00e3o dos l\u00edderes de TIC dos \u00f3rg\u00e3os setoriais da Prefeitura Municipal de S\u00e3o Paulo e convidados, ao total, cerca de [&hellip;]<\/p>\n","protected":false},"author":26,"featured_media":11089,"comment_status":"closed","ping_status":"open","sticky":false,"template":"","format":"standard","meta":{"_monsterinsights_skip_tracking":false,"_monsterinsights_sitenote_active":false,"_monsterinsights_sitenote_note":"","_monsterinsights_sitenote_category":0,"site-sidebar-layout":"default","site-content-layout":"","ast-site-content-layout":"","site-content-style":"default","site-sidebar-style":"default","ast-global-header-display":"","ast-banner-title-visibility":"","ast-main-header-display":"","ast-hfb-above-header-display":"","ast-hfb-below-header-display":"","ast-hfb-mobile-header-display":"","site-post-title":"","ast-breadcrumbs-content":"","ast-featured-img":"","footer-sml-layout":"","theme-transparent-header-meta":"","adv-header-id-meta":"","stick-header-meta":"","header-above-stick-meta":"","header-main-stick-meta":"","header-below-stick-meta":"","astra-migrate-meta-layouts":"default","ast-page-background-enabled":"default","ast-page-background-meta":{"desktop":{"background-color":"var(--ast-global-color-5)","background-image":"","background-repeat":"repeat","background-position":"center center","background-size":"auto","background-attachment":"scroll","background-type":"","background-media":"","overlay-type":"","overlay-color":"","overlay-opacity":"","overlay-gradient":""},"tablet":{"background-color":"","background-image":"","background-repeat":"repeat","background-position":"center center","background-size":"auto","background-attachment":"scroll","background-type":"","background-media":"","overlay-type":"","overlay-color":"","overlay-opacity":"","overlay-gradient":""},"mobile":{"background-color":"","background-image":"","background-repeat":"repeat","background-position":"center center","background-size":"auto","background-attachment":"scroll","background-type":"","background-media":"","overlay-type":"","overlay-color":"","overlay-opacity":"","overlay-gradient":""}},"ast-content-background-meta":{"desktop":{"background-color":"var(--ast-global-color-4)","background-image":"","background-repeat":"repeat","background-position":"center center","background-size":"auto","background-attachment":"scroll","background-type":"","background-media":"","overlay-type":"","overlay-color":"","overlay-opacity":"","overlay-gradient":""},"tablet":{"background-color":"var(--ast-global-color-4)","background-image":"","background-repeat":"repeat","background-position":"center center","background-size":"auto","background-attachment":"scroll","background-type":"","background-media":"","overlay-type":"","overlay-color":"","overlay-opacity":"","overlay-gradient":""},"mobile":{"background-color":"var(--ast-global-color-4)","background-image":"","background-repeat":"repeat","background-position":"center center","background-size":"auto","background-attachment":"scroll","background-type":"","background-media":"","overlay-type":"","overlay-color":"","overlay-opacity":"","overlay-gradient":""}},"footnotes":""},"categories":[13,8],"tags":[269,37,99,698,42,30,29,41,26,38,34],"class_list":["post-10970","post","type-post","status-publish","format-standard","has-post-thumbnail","hentry","category-fttic","category-noticias","tag-dados","tag-forum","tag-governanca","tag-governanca-de-dados","tag-inovacao-e-tecnologia","tag-prefeitura","tag-sao-paulo","tag-smit","tag-tecnologia","tag-ti","tag-tic"],"yoast_head":"<!-- This site is optimized with the Yoast SEO plugin v27.0 - https:\/\/yoast.com\/product\/yoast-seo-wordpress\/ -->\n<title>28\u00ba F\u00f3rum T\u00e9cnico de Tecnologia da Informa\u00e7\u00f5es e Comunica\u00e7\u00e3o \u2013 Boas Pr\u00e1ticas em Governan\u00e7a de Dados &#8211;<\/title>\n<meta name=\"robots\" content=\"index, follow, max-snippet:-1, max-image-preview:large, max-video-preview:-1\" \/>\n<link rel=\"canonical\" href=\"https:\/\/tecnologia.prefeitura.sp.gov.br\/?p=10970\" \/>\n<meta property=\"og:locale\" content=\"pt_BR\" \/>\n<meta property=\"og:type\" content=\"article\" \/>\n<meta property=\"og:title\" content=\"28\u00ba F\u00f3rum T\u00e9cnico de Tecnologia da Informa\u00e7\u00f5es e Comunica\u00e7\u00e3o \u2013 Boas Pr\u00e1ticas em Governan\u00e7a de Dados &#8211;\" \/>\n<meta property=\"og:description\" content=\"&nbsp;O 28\u00ba F\u00f3rum T\u00e9cnico de Tecnologia da Informa\u00e7\u00e3o e Comunica\u00e7\u00e3o teve como tema as Boas Pr\u00e1ticas em Governan\u00e7a de Dados e foi realizado no formato virtual na plataforma Microsoft Teams. O f\u00f3rum contou com a participa\u00e7\u00e3o dos l\u00edderes de TIC dos \u00f3rg\u00e3os setoriais da Prefeitura Municipal de S\u00e3o Paulo e convidados, ao total, cerca de [&hellip;]\" \/>\n<meta property=\"og:url\" content=\"https:\/\/tecnologia.prefeitura.sp.gov.br\/?p=10970\" \/>\n<meta property=\"article:published_time\" content=\"2023-06-01T18:02:46+00:00\" \/>\n<meta property=\"article:modified_time\" content=\"2023-06-02T19:46:49+00:00\" \/>\n<meta property=\"og:image\" content=\"https:\/\/tecnologia.prefeitura.sp.gov.br\/wp-content\/uploads\/2023\/06\/capa-28-forum-tic.png\" \/>\n\t<meta property=\"og:image:width\" content=\"946\" \/>\n\t<meta property=\"og:image:height\" content=\"511\" \/>\n\t<meta property=\"og:image:type\" content=\"image\/png\" \/>\n<meta name=\"author\" content=\"Loyd Kozawa\" \/>\n<meta name=\"twitter:card\" content=\"summary_large_image\" \/>\n<meta name=\"twitter:label1\" content=\"Escrito por\" \/>\n\t<meta name=\"twitter:data1\" content=\"Loyd Kozawa\" \/>\n\t<meta name=\"twitter:label2\" content=\"Est. tempo de leitura\" \/>\n\t<meta name=\"twitter:data2\" content=\"5 minutos\" \/>\n<script type=\"application\/ld+json\" class=\"yoast-schema-graph\">{\"@context\":\"https:\/\/schema.org\",\"@graph\":[{\"@type\":\"Article\",\"@id\":\"https:\/\/tecnologia.prefeitura.sp.gov.br\/?p=10970#article\",\"isPartOf\":{\"@id\":\"https:\/\/tecnologia.prefeitura.sp.gov.br\/?p=10970\"},\"author\":{\"name\":\"Loyd Kozawa\",\"@id\":\"https:\/\/tecnologia.prefeitura.sp.gov.br\/#\/schema\/person\/c6746aee2f7efe3a2801402d2f67c004\"},\"headline\":\"28\u00ba F\u00f3rum T\u00e9cnico de Tecnologia da Informa\u00e7\u00f5es e Comunica\u00e7\u00e3o \u2013 Boas Pr\u00e1ticas em Governan\u00e7a de Dados\",\"datePublished\":\"2023-06-01T18:02:46+00:00\",\"dateModified\":\"2023-06-02T19:46:49+00:00\",\"mainEntityOfPage\":{\"@id\":\"https:\/\/tecnologia.prefeitura.sp.gov.br\/?p=10970\"},\"wordCount\":1017,\"publisher\":{\"@id\":\"https:\/\/tecnologia.prefeitura.sp.gov.br\/#organization\"},\"image\":{\"@id\":\"https:\/\/tecnologia.prefeitura.sp.gov.br\/?p=10970#primaryimage\"},\"thumbnailUrl\":\"https:\/\/tecnologia.prefeitura.sp.gov.br\/wp-content\/uploads\/2023\/06\/capa-28-forum-tic.png\",\"keywords\":[\"dados\",\"forum\",\"governan\u00e7a\",\"governan\u00e7a de dados\",\"Inova\u00e7\u00e3o e Tecnologia\",\"Prefeitura\",\"S\u00e3o Paulo\",\"SMIT\",\"tecnologia\",\"ti\",\"tic\"],\"articleSection\":[\"F\u00f3rum de Tecnologia\",\"Not\u00edcias\"],\"inLanguage\":\"pt-BR\"},{\"@type\":\"WebPage\",\"@id\":\"https:\/\/tecnologia.prefeitura.sp.gov.br\/?p=10970\",\"url\":\"https:\/\/tecnologia.prefeitura.sp.gov.br\/?p=10970\",\"name\":\"28\u00ba F\u00f3rum T\u00e9cnico de Tecnologia da Informa\u00e7\u00f5es e Comunica\u00e7\u00e3o \u2013 Boas Pr\u00e1ticas em Governan\u00e7a de Dados &#8211;\",\"isPartOf\":{\"@id\":\"https:\/\/tecnologia.prefeitura.sp.gov.br\/#website\"},\"primaryImageOfPage\":{\"@id\":\"https:\/\/tecnologia.prefeitura.sp.gov.br\/?p=10970#primaryimage\"},\"image\":{\"@id\":\"https:\/\/tecnologia.prefeitura.sp.gov.br\/?p=10970#primaryimage\"},\"thumbnailUrl\":\"https:\/\/tecnologia.prefeitura.sp.gov.br\/wp-content\/uploads\/2023\/06\/capa-28-forum-tic.png\",\"datePublished\":\"2023-06-01T18:02:46+00:00\",\"dateModified\":\"2023-06-02T19:46:49+00:00\",\"breadcrumb\":{\"@id\":\"https:\/\/tecnologia.prefeitura.sp.gov.br\/?p=10970#breadcrumb\"},\"inLanguage\":\"pt-BR\",\"potentialAction\":[{\"@type\":\"ReadAction\",\"target\":[\"https:\/\/tecnologia.prefeitura.sp.gov.br\/?p=10970\"]}]},{\"@type\":\"ImageObject\",\"inLanguage\":\"pt-BR\",\"@id\":\"https:\/\/tecnologia.prefeitura.sp.gov.br\/?p=10970#primaryimage\",\"url\":\"https:\/\/tecnologia.prefeitura.sp.gov.br\/wp-content\/uploads\/2023\/06\/capa-28-forum-tic.png\",\"contentUrl\":\"https:\/\/tecnologia.prefeitura.sp.gov.br\/wp-content\/uploads\/2023\/06\/capa-28-forum-tic.png\",\"width\":946,\"height\":511},{\"@type\":\"BreadcrumbList\",\"@id\":\"https:\/\/tecnologia.prefeitura.sp.gov.br\/?p=10970#breadcrumb\",\"itemListElement\":[{\"@type\":\"ListItem\",\"position\":1,\"name\":\"In\u00edcio\",\"item\":\"https:\/\/tecnologia.prefeitura.sp.gov.br\/\"},{\"@type\":\"ListItem\",\"position\":2,\"name\":\"28\u00ba F\u00f3rum T\u00e9cnico de Tecnologia da Informa\u00e7\u00f5es e Comunica\u00e7\u00e3o \u2013 Boas Pr\u00e1ticas em Governan\u00e7a de Dados\"}]},{\"@type\":\"WebSite\",\"@id\":\"https:\/\/tecnologia.prefeitura.sp.gov.br\/#website\",\"url\":\"https:\/\/tecnologia.prefeitura.sp.gov.br\/\",\"name\":\"Tecnologia cidade de S\u00e3o Paulo\",\"description\":\"Este portal foi criado com o intuito de divulgar diretrizes, boas pr\u00e1ticas e casos de sucesso no uso de tecnologia na Prefeitura da cidade de S\u00e3o Paulo. Seu p\u00fablico prim\u00e1rio s\u00e3o os servidores e servidoras p\u00fablicos, para que tenhamos mais pessoas entendendo de tecnologia para resolver problemas de pessoas.\",\"publisher\":{\"@id\":\"https:\/\/tecnologia.prefeitura.sp.gov.br\/#organization\"},\"potentialAction\":[{\"@type\":\"SearchAction\",\"target\":{\"@type\":\"EntryPoint\",\"urlTemplate\":\"https:\/\/tecnologia.prefeitura.sp.gov.br\/?s={search_term_string}\"},\"query-input\":{\"@type\":\"PropertyValueSpecification\",\"valueRequired\":true,\"valueName\":\"search_term_string\"}}],\"inLanguage\":\"pt-BR\"},{\"@type\":\"Organization\",\"@id\":\"https:\/\/tecnologia.prefeitura.sp.gov.br\/#organization\",\"name\":\"Secretaria Municipal de Inova\u00e7\u00e3o e Tecnologia\",\"url\":\"https:\/\/tecnologia.prefeitura.sp.gov.br\/\",\"logo\":{\"@type\":\"ImageObject\",\"inLanguage\":\"pt-BR\",\"@id\":\"https:\/\/tecnologia.prefeitura.sp.gov.br\/#\/schema\/logo\/image\/\",\"url\":\"http:\/\/54.207.50.161\/wp-content\/uploads\/2019\/10\/logo-gov-ti.png\",\"contentUrl\":\"http:\/\/54.207.50.161\/wp-content\/uploads\/2019\/10\/logo-gov-ti.png\",\"width\":250,\"height\":215,\"caption\":\"Secretaria Municipal de Inova\u00e7\u00e3o e Tecnologia\"},\"image\":{\"@id\":\"https:\/\/tecnologia.prefeitura.sp.gov.br\/#\/schema\/logo\/image\/\"}},{\"@type\":\"Person\",\"@id\":\"https:\/\/tecnologia.prefeitura.sp.gov.br\/#\/schema\/person\/c6746aee2f7efe3a2801402d2f67c004\",\"name\":\"Loyd Kozawa\",\"image\":{\"@type\":\"ImageObject\",\"inLanguage\":\"pt-BR\",\"@id\":\"https:\/\/tecnologia.prefeitura.sp.gov.br\/#\/schema\/person\/image\/\",\"url\":\"https:\/\/secure.gravatar.com\/avatar\/fa1930c7e0897853af7ca85aadaadab696a6b56691f59864821ca9d03a02572b?s=96&d=mm&r=g\",\"contentUrl\":\"https:\/\/secure.gravatar.com\/avatar\/fa1930c7e0897853af7ca85aadaadab696a6b56691f59864821ca9d03a02572b?s=96&d=mm&r=g\",\"caption\":\"Loyd Kozawa\"},\"url\":\"https:\/\/tecnologia.prefeitura.sp.gov.br\/?author=26\"}]}<\/script>\n<!-- \/ Yoast SEO plugin. -->","yoast_head_json":{"title":"28\u00ba F\u00f3rum T\u00e9cnico de Tecnologia da Informa\u00e7\u00f5es e Comunica\u00e7\u00e3o \u2013 Boas Pr\u00e1ticas em Governan\u00e7a de Dados &#8211;","robots":{"index":"index","follow":"follow","max-snippet":"max-snippet:-1","max-image-preview":"max-image-preview:large","max-video-preview":"max-video-preview:-1"},"canonical":"https:\/\/tecnologia.prefeitura.sp.gov.br\/?p=10970","og_locale":"pt_BR","og_type":"article","og_title":"28\u00ba F\u00f3rum T\u00e9cnico de Tecnologia da Informa\u00e7\u00f5es e Comunica\u00e7\u00e3o \u2013 Boas Pr\u00e1ticas em Governan\u00e7a de Dados &#8211;","og_description":"&nbsp;O 28\u00ba F\u00f3rum T\u00e9cnico de Tecnologia da Informa\u00e7\u00e3o e Comunica\u00e7\u00e3o teve como tema as Boas Pr\u00e1ticas em Governan\u00e7a de Dados e foi realizado no formato virtual na plataforma Microsoft Teams. O f\u00f3rum contou com a participa\u00e7\u00e3o dos l\u00edderes de TIC dos \u00f3rg\u00e3os setoriais da Prefeitura Municipal de S\u00e3o Paulo e convidados, ao total, cerca de [&hellip;]","og_url":"https:\/\/tecnologia.prefeitura.sp.gov.br\/?p=10970","article_published_time":"2023-06-01T18:02:46+00:00","article_modified_time":"2023-06-02T19:46:49+00:00","og_image":[{"width":946,"height":511,"url":"https:\/\/tecnologia.prefeitura.sp.gov.br\/wp-content\/uploads\/2023\/06\/capa-28-forum-tic.png","type":"image\/png"}],"author":"Loyd Kozawa","twitter_card":"summary_large_image","twitter_misc":{"Escrito por":"Loyd Kozawa","Est. tempo de leitura":"5 minutos"},"schema":{"@context":"https:\/\/schema.org","@graph":[{"@type":"Article","@id":"https:\/\/tecnologia.prefeitura.sp.gov.br\/?p=10970#article","isPartOf":{"@id":"https:\/\/tecnologia.prefeitura.sp.gov.br\/?p=10970"},"author":{"name":"Loyd Kozawa","@id":"https:\/\/tecnologia.prefeitura.sp.gov.br\/#\/schema\/person\/c6746aee2f7efe3a2801402d2f67c004"},"headline":"28\u00ba F\u00f3rum T\u00e9cnico de Tecnologia da Informa\u00e7\u00f5es e Comunica\u00e7\u00e3o \u2013 Boas Pr\u00e1ticas em Governan\u00e7a de Dados","datePublished":"2023-06-01T18:02:46+00:00","dateModified":"2023-06-02T19:46:49+00:00","mainEntityOfPage":{"@id":"https:\/\/tecnologia.prefeitura.sp.gov.br\/?p=10970"},"wordCount":1017,"publisher":{"@id":"https:\/\/tecnologia.prefeitura.sp.gov.br\/#organization"},"image":{"@id":"https:\/\/tecnologia.prefeitura.sp.gov.br\/?p=10970#primaryimage"},"thumbnailUrl":"https:\/\/tecnologia.prefeitura.sp.gov.br\/wp-content\/uploads\/2023\/06\/capa-28-forum-tic.png","keywords":["dados","forum","governan\u00e7a","governan\u00e7a de dados","Inova\u00e7\u00e3o e Tecnologia","Prefeitura","S\u00e3o Paulo","SMIT","tecnologia","ti","tic"],"articleSection":["F\u00f3rum de Tecnologia","Not\u00edcias"],"inLanguage":"pt-BR"},{"@type":"WebPage","@id":"https:\/\/tecnologia.prefeitura.sp.gov.br\/?p=10970","url":"https:\/\/tecnologia.prefeitura.sp.gov.br\/?p=10970","name":"28\u00ba F\u00f3rum T\u00e9cnico de Tecnologia da Informa\u00e7\u00f5es e Comunica\u00e7\u00e3o \u2013 Boas Pr\u00e1ticas em Governan\u00e7a de Dados &#8211;","isPartOf":{"@id":"https:\/\/tecnologia.prefeitura.sp.gov.br\/#website"},"primaryImageOfPage":{"@id":"https:\/\/tecnologia.prefeitura.sp.gov.br\/?p=10970#primaryimage"},"image":{"@id":"https:\/\/tecnologia.prefeitura.sp.gov.br\/?p=10970#primaryimage"},"thumbnailUrl":"https:\/\/tecnologia.prefeitura.sp.gov.br\/wp-content\/uploads\/2023\/06\/capa-28-forum-tic.png","datePublished":"2023-06-01T18:02:46+00:00","dateModified":"2023-06-02T19:46:49+00:00","breadcrumb":{"@id":"https:\/\/tecnologia.prefeitura.sp.gov.br\/?p=10970#breadcrumb"},"inLanguage":"pt-BR","potentialAction":[{"@type":"ReadAction","target":["https:\/\/tecnologia.prefeitura.sp.gov.br\/?p=10970"]}]},{"@type":"ImageObject","inLanguage":"pt-BR","@id":"https:\/\/tecnologia.prefeitura.sp.gov.br\/?p=10970#primaryimage","url":"https:\/\/tecnologia.prefeitura.sp.gov.br\/wp-content\/uploads\/2023\/06\/capa-28-forum-tic.png","contentUrl":"https:\/\/tecnologia.prefeitura.sp.gov.br\/wp-content\/uploads\/2023\/06\/capa-28-forum-tic.png","width":946,"height":511},{"@type":"BreadcrumbList","@id":"https:\/\/tecnologia.prefeitura.sp.gov.br\/?p=10970#breadcrumb","itemListElement":[{"@type":"ListItem","position":1,"name":"In\u00edcio","item":"https:\/\/tecnologia.prefeitura.sp.gov.br\/"},{"@type":"ListItem","position":2,"name":"28\u00ba F\u00f3rum T\u00e9cnico de Tecnologia da Informa\u00e7\u00f5es e Comunica\u00e7\u00e3o \u2013 Boas Pr\u00e1ticas em Governan\u00e7a de Dados"}]},{"@type":"WebSite","@id":"https:\/\/tecnologia.prefeitura.sp.gov.br\/#website","url":"https:\/\/tecnologia.prefeitura.sp.gov.br\/","name":"Tecnologia cidade de S\u00e3o Paulo","description":"Este portal foi criado com o intuito de divulgar diretrizes, boas pr\u00e1ticas e casos de sucesso no uso de tecnologia na Prefeitura da cidade de S\u00e3o Paulo. Seu p\u00fablico prim\u00e1rio s\u00e3o os servidores e servidoras p\u00fablicos, para que tenhamos mais pessoas entendendo de tecnologia para resolver problemas de pessoas.","publisher":{"@id":"https:\/\/tecnologia.prefeitura.sp.gov.br\/#organization"},"potentialAction":[{"@type":"SearchAction","target":{"@type":"EntryPoint","urlTemplate":"https:\/\/tecnologia.prefeitura.sp.gov.br\/?s={search_term_string}"},"query-input":{"@type":"PropertyValueSpecification","valueRequired":true,"valueName":"search_term_string"}}],"inLanguage":"pt-BR"},{"@type":"Organization","@id":"https:\/\/tecnologia.prefeitura.sp.gov.br\/#organization","name":"Secretaria Municipal de Inova\u00e7\u00e3o e Tecnologia","url":"https:\/\/tecnologia.prefeitura.sp.gov.br\/","logo":{"@type":"ImageObject","inLanguage":"pt-BR","@id":"https:\/\/tecnologia.prefeitura.sp.gov.br\/#\/schema\/logo\/image\/","url":"http:\/\/54.207.50.161\/wp-content\/uploads\/2019\/10\/logo-gov-ti.png","contentUrl":"http:\/\/54.207.50.161\/wp-content\/uploads\/2019\/10\/logo-gov-ti.png","width":250,"height":215,"caption":"Secretaria Municipal de Inova\u00e7\u00e3o e Tecnologia"},"image":{"@id":"https:\/\/tecnologia.prefeitura.sp.gov.br\/#\/schema\/logo\/image\/"}},{"@type":"Person","@id":"https:\/\/tecnologia.prefeitura.sp.gov.br\/#\/schema\/person\/c6746aee2f7efe3a2801402d2f67c004","name":"Loyd Kozawa","image":{"@type":"ImageObject","inLanguage":"pt-BR","@id":"https:\/\/tecnologia.prefeitura.sp.gov.br\/#\/schema\/person\/image\/","url":"https:\/\/secure.gravatar.com\/avatar\/fa1930c7e0897853af7ca85aadaadab696a6b56691f59864821ca9d03a02572b?s=96&d=mm&r=g","contentUrl":"https:\/\/secure.gravatar.com\/avatar\/fa1930c7e0897853af7ca85aadaadab696a6b56691f59864821ca9d03a02572b?s=96&d=mm&r=g","caption":"Loyd Kozawa"},"url":"https:\/\/tecnologia.prefeitura.sp.gov.br\/?author=26"}]}},"_links":{"self":[{"href":"https:\/\/tecnologia.prefeitura.sp.gov.br\/index.php?rest_route=\/wp\/v2\/posts\/10970","targetHints":{"allow":["GET"]}}],"collection":[{"href":"https:\/\/tecnologia.prefeitura.sp.gov.br\/index.php?rest_route=\/wp\/v2\/posts"}],"about":[{"href":"https:\/\/tecnologia.prefeitura.sp.gov.br\/index.php?rest_route=\/wp\/v2\/types\/post"}],"author":[{"embeddable":true,"href":"https:\/\/tecnologia.prefeitura.sp.gov.br\/index.php?rest_route=\/wp\/v2\/users\/26"}],"replies":[{"embeddable":true,"href":"https:\/\/tecnologia.prefeitura.sp.gov.br\/index.php?rest_route=%2Fwp%2Fv2%2Fcomments&post=10970"}],"version-history":[{"count":50,"href":"https:\/\/tecnologia.prefeitura.sp.gov.br\/index.php?rest_route=\/wp\/v2\/posts\/10970\/revisions"}],"predecessor-version":[{"id":11090,"href":"https:\/\/tecnologia.prefeitura.sp.gov.br\/index.php?rest_route=\/wp\/v2\/posts\/10970\/revisions\/11090"}],"wp:featuredmedia":[{"embeddable":true,"href":"https:\/\/tecnologia.prefeitura.sp.gov.br\/index.php?rest_route=\/wp\/v2\/media\/11089"}],"wp:attachment":[{"href":"https:\/\/tecnologia.prefeitura.sp.gov.br\/index.php?rest_route=%2Fwp%2Fv2%2Fmedia&parent=10970"}],"wp:term":[{"taxonomy":"category","embeddable":true,"href":"https:\/\/tecnologia.prefeitura.sp.gov.br\/index.php?rest_route=%2Fwp%2Fv2%2Fcategories&post=10970"},{"taxonomy":"post_tag","embeddable":true,"href":"https:\/\/tecnologia.prefeitura.sp.gov.br\/index.php?rest_route=%2Fwp%2Fv2%2Ftags&post=10970"}],"curies":[{"name":"wp","href":"https:\/\/api.w.org\/{rel}","templated":true}]}}