{"id":11347,"date":"2023-07-07T14:58:50","date_gmt":"2023-07-07T17:58:50","guid":{"rendered":"https:\/\/tecnologia.prefeitura.sp.gov.br\/?p=11347"},"modified":"2023-07-07T15:09:58","modified_gmt":"2023-07-07T18:09:58","slug":"prefeitura-lanca-guia-para-promover-comunicacao-inclusiva-e-acessivel","status":"publish","type":"post","link":"https:\/\/tecnologia.prefeitura.sp.gov.br\/?p=11347","title":{"rendered":"Prefeitura lan\u00e7a guia para promover comunica\u00e7\u00e3o inclusiva e acess\u00edvel"},"content":{"rendered":"\t\t<div data-elementor-type=\"wp-post\" data-elementor-id=\"11347\" class=\"elementor elementor-11347\">\n\t\t\t\t\t\t<section class=\"elementor-section elementor-top-section elementor-element elementor-element-5a58d210 elementor-section-boxed elementor-section-height-default elementor-section-height-default\" data-id=\"5a58d210\" data-element_type=\"section\" data-e-type=\"section\">\n\t\t\t\t\t\t<div class=\"elementor-container elementor-column-gap-default\">\n\t\t\t\t\t<div class=\"elementor-column elementor-col-100 elementor-top-column elementor-element elementor-element-36805da0\" data-id=\"36805da0\" data-element_type=\"column\" data-e-type=\"column\">\n\t\t\t<div class=\"elementor-widget-wrap elementor-element-populated\">\n\t\t\t\t\t\t<div class=\"elementor-element elementor-element-1d455cd elementor-widget elementor-widget-text-editor\" data-id=\"1d455cd\" data-element_type=\"widget\" data-e-type=\"widget\" data-widget_type=\"text-editor.default\">\n\t\t\t\t<div class=\"elementor-widget-container\">\n\t\t\t\t\t\t\t\t\t<h4>Publica\u00e7\u00e3o in\u00e9dita ensina a constru\u00e7\u00e3o de oficinas presenciais e virtuais sobre o tema<\/h4>\t\t\t\t\t\t\t\t<\/div>\n\t\t\t\t<\/div>\n\t\t\t\t<div class=\"elementor-element elementor-element-462042ab elementor-widget elementor-widget-text-editor\" data-id=\"462042ab\" data-element_type=\"widget\" data-e-type=\"widget\" data-widget_type=\"text-editor.default\">\n\t\t\t\t<div class=\"elementor-widget-container\">\n\t\t\t\t\t\t\t\t\t<p>O Laborat\u00f3rio de Inova\u00e7\u00e3o em Governo da Prefeitura de S\u00e3o Paulo &#8211;\u00a0 (011.lab) &#8211; anunciou o lan\u00e7amento do guia &#8220;Como fazer oficinas de Linguagem Simples?&#8221;, uma estrat\u00e9gia para enfrentar os desafios da gest\u00e3o municipal na entrega de servi\u00e7os que se comuniquem de forma mais efetiva \u00e0s necessidades da popula\u00e7\u00e3o. O guia, apresentado em um evento realizado no Museu da L\u00edngua Portuguesa em 26 de junho, \u00e9 o primeiro do Brasil a fornecer um passo a passo para a constru\u00e7\u00e3o de oficinas sobre o tema, tanto presenciais quanto virtuais. O Programa Municipal de Linguagem Simples, criado em 2019 pela Prefeitura de S\u00e3o Paulo, busca simplificar a linguagem utilizada pela administra\u00e7\u00e3o p\u00fablica, tornando-a acess\u00edvel a todos os cidad\u00e3os. Acesse os Guias:<\/p>\t\t\t\t\t\t\t\t<\/div>\n\t\t\t\t<\/div>\n\t\t\t\t<section class=\"elementor-section elementor-inner-section elementor-element elementor-element-0437398 elementor-section-boxed elementor-section-height-default elementor-section-height-default\" data-id=\"0437398\" data-element_type=\"section\" data-e-type=\"section\">\n\t\t\t\t\t\t<div class=\"elementor-container elementor-column-gap-default\">\n\t\t\t\t\t<div class=\"elementor-column elementor-col-50 elementor-inner-column elementor-element elementor-element-e8cca92\" data-id=\"e8cca92\" data-element_type=\"column\" data-e-type=\"column\">\n\t\t\t<div class=\"elementor-widget-wrap elementor-element-populated\">\n\t\t\t\t\t\t<div class=\"elementor-element elementor-element-fbc674e elementor-widget elementor-widget-heading\" data-id=\"fbc674e\" data-element_type=\"widget\" data-e-type=\"widget\" data-widget_type=\"heading.default\">\n\t\t\t\t<div class=\"elementor-widget-container\">\n\t\t\t\t\t<h2 class=\"elementor-heading-title elementor-size-medium\"> \"Como fazer oficinas presenciais de Linguagem Simples?\"<\/h2>\t\t\t\t<\/div>\n\t\t\t\t<\/div>\n\t\t\t\t<div class=\"elementor-element elementor-element-7e8db89 elementor-widget elementor-widget-image\" data-id=\"7e8db89\" data-element_type=\"widget\" data-e-type=\"widget\" data-widget_type=\"image.default\">\n\t\t\t\t<div class=\"elementor-widget-container\">\n\t\t\t\t\t\t\t\t\t\t\t\t\t\t\t<img fetchpriority=\"high\" decoding=\"async\" width=\"500\" height=\"499\" src=\"https:\/\/tecnologia.prefeitura.sp.gov.br\/wp-content\/uploads\/2023\/07\/649b2bf94799e3d60de73be5_Ferramentas-Evento-Museu-Azul-p-500.png\" class=\"attachment-medium_large size-medium_large wp-image-11349\" alt=\"\" srcset=\"https:\/\/tecnologia.prefeitura.sp.gov.br\/wp-content\/uploads\/2023\/07\/649b2bf94799e3d60de73be5_Ferramentas-Evento-Museu-Azul-p-500.png 500w, https:\/\/tecnologia.prefeitura.sp.gov.br\/wp-content\/uploads\/2023\/07\/649b2bf94799e3d60de73be5_Ferramentas-Evento-Museu-Azul-p-500-300x300.png 300w, https:\/\/tecnologia.prefeitura.sp.gov.br\/wp-content\/uploads\/2023\/07\/649b2bf94799e3d60de73be5_Ferramentas-Evento-Museu-Azul-p-500-150x150.png 150w\" sizes=\"(max-width: 500px) 100vw, 500px\" \/>\t\t\t\t\t\t\t\t\t\t\t\t\t\t\t<\/div>\n\t\t\t\t<\/div>\n\t\t\t\t<div class=\"elementor-element elementor-element-f5b560d elementor-align-center elementor-widget elementor-widget-button\" data-id=\"f5b560d\" data-element_type=\"widget\" data-e-type=\"widget\" data-widget_type=\"button.default\">\n\t\t\t\t<div class=\"elementor-widget-container\">\n\t\t\t\t\t\t\t\t\t<div class=\"elementor-button-wrapper\">\n\t\t\t\t\t<a class=\"elementor-button elementor-button-link elementor-size-sm\" href=\"https:\/\/uploads-ssl.webflow.com\/5e18ca34b827fa4e18593184\/649b2f2c719847a17c4a2589_Guia%20_Como%20fazer%20oficinas%20presenciais%20de%20Linguagem%20Simples.pdf\" target=\"_blank\">\n\t\t\t\t\t\t<span class=\"elementor-button-content-wrapper\">\n\t\t\t\t\t\t\t\t\t<span class=\"elementor-button-text\">Acesse o Guia<\/span>\n\t\t\t\t\t<\/span>\n\t\t\t\t\t<\/a>\n\t\t\t\t<\/div>\n\t\t\t\t\t\t\t\t<\/div>\n\t\t\t\t<\/div>\n\t\t\t\t<div class=\"elementor-element elementor-element-3b2afd1 elementor-align-center elementor-widget elementor-widget-button\" data-id=\"3b2afd1\" data-element_type=\"widget\" data-e-type=\"widget\" data-widget_type=\"button.default\">\n\t\t\t\t<div class=\"elementor-widget-container\">\n\t\t\t\t\t\t\t\t\t<div class=\"elementor-button-wrapper\">\n\t\t\t\t\t<a class=\"elementor-button elementor-button-link elementor-size-sm\" href=\"https:\/\/uploads-ssl.webflow.com\/5e18ca34b827fa4e18593184\/649b2d58ba3642b9936aa2f6__Mini%20Guia_%20Como%20fazer%20oficinas%20presenciais%20de%20Linguagem%20Simples_.pdf\" target=\"_blank\">\n\t\t\t\t\t\t<span class=\"elementor-button-content-wrapper\">\n\t\t\t\t\t\t\t\t\t<span class=\"elementor-button-text\">Acesse o Mini Guia<\/span>\n\t\t\t\t\t<\/span>\n\t\t\t\t\t<\/a>\n\t\t\t\t<\/div>\n\t\t\t\t\t\t\t\t<\/div>\n\t\t\t\t<\/div>\n\t\t\t\t\t<\/div>\n\t\t<\/div>\n\t\t\t\t<div class=\"elementor-column elementor-col-50 elementor-inner-column elementor-element elementor-element-70ab933\" data-id=\"70ab933\" data-element_type=\"column\" data-e-type=\"column\">\n\t\t\t<div class=\"elementor-widget-wrap elementor-element-populated\">\n\t\t\t\t\t\t<div class=\"elementor-element elementor-element-17e155c elementor-widget elementor-widget-heading\" data-id=\"17e155c\" data-element_type=\"widget\" data-e-type=\"widget\" data-widget_type=\"heading.default\">\n\t\t\t\t<div class=\"elementor-widget-container\">\n\t\t\t\t\t<h2 class=\"elementor-heading-title elementor-size-medium\"> \"Como fazer oficinas virtuais de Linguagem Simples?\"\n<\/h2>\t\t\t\t<\/div>\n\t\t\t\t<\/div>\n\t\t\t\t<div class=\"elementor-element elementor-element-60d0b44 elementor-widget elementor-widget-image\" data-id=\"60d0b44\" data-element_type=\"widget\" data-e-type=\"widget\" data-widget_type=\"image.default\">\n\t\t\t\t<div class=\"elementor-widget-container\">\n\t\t\t\t\t\t\t\t\t\t\t\t\t\t\t<img decoding=\"async\" width=\"500\" height=\"499\" src=\"https:\/\/tecnologia.prefeitura.sp.gov.br\/wp-content\/uploads\/2023\/07\/649b2bf7fc1ad7fcefe00381_Ferramentas-Evento-museu-p-500.png\" class=\"attachment-large size-large wp-image-11350\" alt=\"\" srcset=\"https:\/\/tecnologia.prefeitura.sp.gov.br\/wp-content\/uploads\/2023\/07\/649b2bf7fc1ad7fcefe00381_Ferramentas-Evento-museu-p-500.png 500w, https:\/\/tecnologia.prefeitura.sp.gov.br\/wp-content\/uploads\/2023\/07\/649b2bf7fc1ad7fcefe00381_Ferramentas-Evento-museu-p-500-300x300.png 300w, https:\/\/tecnologia.prefeitura.sp.gov.br\/wp-content\/uploads\/2023\/07\/649b2bf7fc1ad7fcefe00381_Ferramentas-Evento-museu-p-500-150x150.png 150w\" sizes=\"(max-width: 500px) 100vw, 500px\" \/>\t\t\t\t\t\t\t\t\t\t\t\t\t\t\t<\/div>\n\t\t\t\t<\/div>\n\t\t\t\t<div class=\"elementor-element elementor-element-a768f8d elementor-align-center elementor-widget elementor-widget-button\" data-id=\"a768f8d\" data-element_type=\"widget\" data-e-type=\"widget\" data-widget_type=\"button.default\">\n\t\t\t\t<div class=\"elementor-widget-container\">\n\t\t\t\t\t\t\t\t\t<div class=\"elementor-button-wrapper\">\n\t\t\t\t\t<a class=\"elementor-button elementor-button-link elementor-size-sm\" href=\"https:\/\/uploads-ssl.webflow.com\/5e18ca34b827fa4e18593184\/649b2f4c31ef11cb4f0c54b0_Guia%20_Como%20fazer%20oficinas%20virtuais%20de%20Linguagem%20Simples.pdf\" target=\"_blank\">\n\t\t\t\t\t\t<span class=\"elementor-button-content-wrapper\">\n\t\t\t\t\t\t\t\t\t<span class=\"elementor-button-text\">Acesse o Guia<\/span>\n\t\t\t\t\t<\/span>\n\t\t\t\t\t<\/a>\n\t\t\t\t<\/div>\n\t\t\t\t\t\t\t\t<\/div>\n\t\t\t\t<\/div>\n\t\t\t\t<div class=\"elementor-element elementor-element-26ae1b2 elementor-align-center elementor-widget elementor-widget-button\" data-id=\"26ae1b2\" data-element_type=\"widget\" data-e-type=\"widget\" data-widget_type=\"button.default\">\n\t\t\t\t<div class=\"elementor-widget-container\">\n\t\t\t\t\t\t\t\t\t<div class=\"elementor-button-wrapper\">\n\t\t\t\t\t<a class=\"elementor-button elementor-button-link elementor-size-sm\" href=\"https:\/\/uploads-ssl.webflow.com\/5e18ca34b827fa4e18593184\/649b2d58179dbe87c0ed7bdc_Mini%20Guia_%20Como%20fazer%20oficinas%20virtuais%20de%20Linguagem%20Simples_.pdf\" target=\"_blank\">\n\t\t\t\t\t\t<span class=\"elementor-button-content-wrapper\">\n\t\t\t\t\t\t\t\t\t<span class=\"elementor-button-text\">Acesse o Mini Guia<\/span>\n\t\t\t\t\t<\/span>\n\t\t\t\t\t<\/a>\n\t\t\t\t<\/div>\n\t\t\t\t\t\t\t\t<\/div>\n\t\t\t\t<\/div>\n\t\t\t\t\t<\/div>\n\t\t<\/div>\n\t\t\t\t\t<\/div>\n\t\t<\/section>\n\t\t\t\t<div class=\"elementor-element elementor-element-bd97b25 elementor-widget elementor-widget-spacer\" data-id=\"bd97b25\" data-element_type=\"widget\" data-e-type=\"widget\" data-widget_type=\"spacer.default\">\n\t\t\t\t<div class=\"elementor-widget-container\">\n\t\t\t\t\t\t\t<div class=\"elementor-spacer\">\n\t\t\t<div class=\"elementor-spacer-inner\"><\/div>\n\t\t<\/div>\n\t\t\t\t\t\t<\/div>\n\t\t\t\t<\/div>\n\t\t\t\t<div class=\"elementor-element elementor-element-199d509 elementor-widget elementor-widget-text-editor\" data-id=\"199d509\" data-element_type=\"widget\" data-e-type=\"widget\" data-widget_type=\"text-editor.default\">\n\t\t\t\t<div class=\"elementor-widget-container\">\n\t\t\t\t\t\t\t\t\t<p>A Linguagem Simples \u00e9 uma forma de comunica\u00e7\u00e3o que busca transmitir informa\u00e7\u00f5es de maneira clara, objetiva e inclusiva. A iniciativa tem como objetivo principal aproximar o governo da popula\u00e7\u00e3o, considerando os desafios do analfabetismo funcional e da desigualdade enfrentados pelo Brasil. De acordo com estudos da ONG A\u00e7\u00e3o Educativa e do Instituto Paulo Montenegro, cerca de tr\u00eas em cada dez brasileiros entre 15 e 64 anos s\u00e3o considerados analfabetos funcionais, o que afeta a compreens\u00e3o de textos e dificulta o acesso a servi\u00e7os e direitos.<\/p><p>O evento de lan\u00e7amento contou com as presen\u00e7as dos secret\u00e1rios municipais Marcela Arruda (Gest\u00e3o) e Humberto de Alencar (adjunto da Secretaria de Inova\u00e7\u00e3o e Tecnologia), al\u00e9m de contar com mais de 150 pessoas, incluindo representantes de \u00f3rg\u00e3os p\u00fablicos, entusiastas do tema e organiza\u00e7\u00f5es da sociedade civil dedicadas \u00e0 inova\u00e7\u00e3o na gest\u00e3o p\u00fablica.<\/p><p>O guia representa um avan\u00e7o significativo no compromisso do (011).lab e da Prefeitura em melhorar a comunica\u00e7\u00e3o governamental, visando alcan\u00e7ar todas as pessoas e garantir o acesso igualit\u00e1rio a servi\u00e7os e direitos. A iniciativa refor\u00e7a a import\u00e2ncia de uma linguagem clara, livre de siglas e palavras complexas, contribuindo para a aproxima\u00e7\u00e3o entre governo e popula\u00e7\u00e3o.<\/p><p>Para mais informa\u00e7\u00f5es sobre o Programa Municipal de Linguagem Simples e o guia &#8220;Como fazer oficinas de Linguagem Simples?&#8221;, visite o site oficial da Prefeitura ou entre em contato com a Secretaria Municipal de Inova\u00e7\u00e3o e Tecnologia (SMIT), ou com a Secretaria Municipal de Gest\u00e3o (SEGES).<\/p>\t\t\t\t\t\t\t\t<\/div>\n\t\t\t\t<\/div>\n\t\t\t\t\t<\/div>\n\t\t<\/div>\n\t\t\t\t\t<\/div>\n\t\t<\/section>\n\t\t\t\t<section class=\"elementor-section elementor-top-section elementor-element elementor-element-b73970c elementor-section-boxed elementor-section-height-default elementor-section-height-default\" data-id=\"b73970c\" data-element_type=\"section\" data-e-type=\"section\">\n\t\t\t\t\t\t<div class=\"elementor-container elementor-column-gap-default\">\n\t\t\t\t\t<div class=\"elementor-column elementor-col-100 elementor-top-column elementor-element elementor-element-d81a8d2\" data-id=\"d81a8d2\" data-element_type=\"column\" data-e-type=\"column\">\n\t\t\t<div class=\"elementor-widget-wrap elementor-element-populated\">\n\t\t\t\t\t\t<div class=\"elementor-element elementor-element-000aee6 elementor-widget elementor-widget-spacer\" data-id=\"000aee6\" data-element_type=\"widget\" data-e-type=\"widget\" data-widget_type=\"spacer.default\">\n\t\t\t\t<div class=\"elementor-widget-container\">\n\t\t\t\t\t\t\t<div class=\"elementor-spacer\">\n\t\t\t<div class=\"elementor-spacer-inner\"><\/div>\n\t\t<\/div>\n\t\t\t\t\t\t<\/div>\n\t\t\t\t<\/div>\n\t\t\t\t<div class=\"elementor-element elementor-element-24ff1a9 elementor-widget elementor-widget-text-editor\" data-id=\"24ff1a9\" data-element_type=\"widget\" data-e-type=\"widget\" data-widget_type=\"text-editor.default\">\n\t\t\t\t<div class=\"elementor-widget-container\">\n\t\t\t\t\t\t\t\t\t<p><strong>Fonte:<\/strong>\u00a0<strong>\u00a0<\/strong><a href=\"https:\/\/www.capital.sp.gov.br\/noticia\/prefeitura-lanca-guia-para-promover-comunicacao-inclusiva-e-acessivel\" target=\"_blank\" rel=\"noopener\">Portal da Cidade de S\u00e3o Paulo \u2013 Prefeitura lan\u00e7a guia para promover comunica\u00e7\u00e3o inclusiva e acess\u00edvel<\/a><\/p>\t\t\t\t\t\t\t\t<\/div>\n\t\t\t\t<\/div>\n\t\t\t\t\t<\/div>\n\t\t<\/div>\n\t\t\t\t\t<\/div>\n\t\t<\/section>\n\t\t\t\t<\/div>\n\t\t","protected":false},"excerpt":{"rendered":"<p>Publica\u00e7\u00e3o in\u00e9dita ensina a constru\u00e7\u00e3o de oficinas presenciais e virtuais sobre o tema O Laborat\u00f3rio de Inova\u00e7\u00e3o em Governo da Prefeitura de S\u00e3o Paulo &#8211;&nbsp; (011.lab) &#8211; anunciou o lan\u00e7amento do guia &#8220;Como fazer oficinas de Linguagem Simples?&#8221;, uma estrat\u00e9gia para enfrentar os desafios da gest\u00e3o municipal na entrega de servi\u00e7os que se comuniquem de [&hellip;]<\/p>\n","protected":false},"author":24,"featured_media":11360,"comment_status":"closed","ping_status":"open","sticky":false,"template":"","format":"standard","meta":{"_monsterinsights_skip_tracking":false,"_monsterinsights_sitenote_active":false,"_monsterinsights_sitenote_note":"","_monsterinsights_sitenote_category":0,"site-sidebar-layout":"default","site-content-layout":"","ast-site-content-layout":"","site-content-style":"default","site-sidebar-style":"default","ast-global-header-display":"","ast-banner-title-visibility":"","ast-main-header-display":"","ast-hfb-above-header-display":"","ast-hfb-below-header-display":"","ast-hfb-mobile-header-display":"","site-post-title":"","ast-breadcrumbs-content":"","ast-featured-img":"","footer-sml-layout":"","theme-transparent-header-meta":"","adv-header-id-meta":"","stick-header-meta":"","header-above-stick-meta":"","header-main-stick-meta":"","header-below-stick-meta":"","astra-migrate-meta-layouts":"default","ast-page-background-enabled":"default","ast-page-background-meta":{"desktop":{"background-color":"var(--ast-global-color-5)","background-image":"","background-repeat":"repeat","background-position":"center center","background-size":"auto","background-attachment":"scroll","background-type":"","background-media":"","overlay-type":"","overlay-color":"","overlay-opacity":"","overlay-gradient":""},"tablet":{"background-color":"","background-image":"","background-repeat":"repeat","background-position":"center center","background-size":"auto","background-attachment":"scroll","background-type":"","background-media":"","overlay-type":"","overlay-color":"","overlay-opacity":"","overlay-gradient":""},"mobile":{"background-color":"","background-image":"","background-repeat":"repeat","background-position":"center center","background-size":"auto","background-attachment":"scroll","background-type":"","background-media":"","overlay-type":"","overlay-color":"","overlay-opacity":"","overlay-gradient":""}},"ast-content-background-meta":{"desktop":{"background-color":"var(--ast-global-color-4)","background-image":"","background-repeat":"repeat","background-position":"center center","background-size":"auto","background-attachment":"scroll","background-type":"","background-media":"","overlay-type":"","overlay-color":"","overlay-opacity":"","overlay-gradient":""},"tablet":{"background-color":"var(--ast-global-color-4)","background-image":"","background-repeat":"repeat","background-position":"center center","background-size":"auto","background-attachment":"scroll","background-type":"","background-media":"","overlay-type":"","overlay-color":"","overlay-opacity":"","overlay-gradient":""},"mobile":{"background-color":"var(--ast-global-color-4)","background-image":"","background-repeat":"repeat","background-position":"center center","background-size":"auto","background-attachment":"scroll","background-type":"","background-media":"","overlay-type":"","overlay-color":"","overlay-opacity":"","overlay-gradient":""}},"footnotes":""},"categories":[8],"tags":[309,735,734,732,733,731,258,736,41],"class_list":["post-11347","post","type-post","status-publish","format-standard","has-post-thumbnail","hentry","category-noticias","tag-011-lab-2","tag-comunicacao-acessivel","tag-comunicacao-inclusiva","tag-guia","tag-guia-de-linguagem-simples","tag-linguagem-simples","tag-prefeitura-sao-paulo","tag-seges","tag-smit"],"yoast_head":"<!-- This site is optimized with the Yoast SEO plugin v27.0 - https:\/\/yoast.com\/product\/yoast-seo-wordpress\/ -->\n<title>Prefeitura lan\u00e7a guia para promover comunica\u00e7\u00e3o inclusiva e acess\u00edvel &#8211;<\/title>\n<meta name=\"robots\" content=\"index, follow, max-snippet:-1, max-image-preview:large, max-video-preview:-1\" \/>\n<link rel=\"canonical\" href=\"https:\/\/tecnologia.prefeitura.sp.gov.br\/?p=11347\" \/>\n<meta property=\"og:locale\" content=\"pt_BR\" \/>\n<meta property=\"og:type\" content=\"article\" \/>\n<meta property=\"og:title\" content=\"Prefeitura lan\u00e7a guia para promover comunica\u00e7\u00e3o inclusiva e acess\u00edvel &#8211;\" \/>\n<meta property=\"og:description\" content=\"Publica\u00e7\u00e3o in\u00e9dita ensina a constru\u00e7\u00e3o de oficinas presenciais e virtuais sobre o tema O Laborat\u00f3rio de Inova\u00e7\u00e3o em Governo da Prefeitura de S\u00e3o Paulo &#8211;&nbsp; (011.lab) &#8211; anunciou o lan\u00e7amento do guia &#8220;Como fazer oficinas de Linguagem Simples?&#8221;, uma estrat\u00e9gia para enfrentar os desafios da gest\u00e3o municipal na entrega de servi\u00e7os que se comuniquem de [&hellip;]\" \/>\n<meta property=\"og:url\" content=\"https:\/\/tecnologia.prefeitura.sp.gov.br\/?p=11347\" \/>\n<meta property=\"article:published_time\" content=\"2023-07-07T17:58:50+00:00\" \/>\n<meta property=\"article:modified_time\" content=\"2023-07-07T18:09:58+00:00\" \/>\n<meta property=\"og:image\" content=\"https:\/\/tecnologia.prefeitura.sp.gov.br\/wp-content\/uploads\/2023\/07\/Modelo-de-capa-para-noticias-do-Portal-de-Tecnologia-38-1024x512.png\" \/>\n\t<meta property=\"og:image:width\" content=\"1024\" \/>\n\t<meta property=\"og:image:height\" content=\"512\" \/>\n\t<meta property=\"og:image:type\" content=\"image\/png\" \/>\n<meta name=\"author\" content=\"Isabelly Aparecida Teles Santos\" \/>\n<meta name=\"twitter:card\" content=\"summary_large_image\" \/>\n<meta name=\"twitter:label1\" content=\"Escrito por\" \/>\n\t<meta name=\"twitter:data1\" content=\"Isabelly Aparecida Teles Santos\" \/>\n\t<meta name=\"twitter:label2\" content=\"Est. tempo de leitura\" \/>\n\t<meta name=\"twitter:data2\" content=\"2 minutos\" \/>\n<script type=\"application\/ld+json\" class=\"yoast-schema-graph\">{\"@context\":\"https:\/\/schema.org\",\"@graph\":[{\"@type\":\"Article\",\"@id\":\"https:\/\/tecnologia.prefeitura.sp.gov.br\/?p=11347#article\",\"isPartOf\":{\"@id\":\"https:\/\/tecnologia.prefeitura.sp.gov.br\/?p=11347\"},\"author\":{\"name\":\"Isabelly Aparecida Teles Santos\",\"@id\":\"https:\/\/tecnologia.prefeitura.sp.gov.br\/#\/schema\/person\/fe2b05d45295f7fd085dbd4e226438da\"},\"headline\":\"Prefeitura lan\u00e7a guia para promover comunica\u00e7\u00e3o inclusiva e acess\u00edvel\",\"datePublished\":\"2023-07-07T17:58:50+00:00\",\"dateModified\":\"2023-07-07T18:09:58+00:00\",\"mainEntityOfPage\":{\"@id\":\"https:\/\/tecnologia.prefeitura.sp.gov.br\/?p=11347\"},\"wordCount\":475,\"publisher\":{\"@id\":\"https:\/\/tecnologia.prefeitura.sp.gov.br\/#organization\"},\"image\":{\"@id\":\"https:\/\/tecnologia.prefeitura.sp.gov.br\/?p=11347#primaryimage\"},\"thumbnailUrl\":\"https:\/\/tecnologia.prefeitura.sp.gov.br\/wp-content\/uploads\/2023\/07\/Modelo-de-capa-para-noticias-do-Portal-de-Tecnologia-38.png\",\"keywords\":[\"011.lab\",\"comunica\u00e7\u00e3o acessivel\",\"comunica\u00e7\u00e3o inclusiva\",\"guia\",\"guia de linguagem simples\",\"linguagem simples\",\"Prefeitura S\u00e3o Paulo\",\"SEGES\",\"SMIT\"],\"articleSection\":[\"Not\u00edcias\"],\"inLanguage\":\"pt-BR\"},{\"@type\":\"WebPage\",\"@id\":\"https:\/\/tecnologia.prefeitura.sp.gov.br\/?p=11347\",\"url\":\"https:\/\/tecnologia.prefeitura.sp.gov.br\/?p=11347\",\"name\":\"Prefeitura lan\u00e7a guia para promover comunica\u00e7\u00e3o inclusiva e acess\u00edvel &#8211;\",\"isPartOf\":{\"@id\":\"https:\/\/tecnologia.prefeitura.sp.gov.br\/#website\"},\"primaryImageOfPage\":{\"@id\":\"https:\/\/tecnologia.prefeitura.sp.gov.br\/?p=11347#primaryimage\"},\"image\":{\"@id\":\"https:\/\/tecnologia.prefeitura.sp.gov.br\/?p=11347#primaryimage\"},\"thumbnailUrl\":\"https:\/\/tecnologia.prefeitura.sp.gov.br\/wp-content\/uploads\/2023\/07\/Modelo-de-capa-para-noticias-do-Portal-de-Tecnologia-38.png\",\"datePublished\":\"2023-07-07T17:58:50+00:00\",\"dateModified\":\"2023-07-07T18:09:58+00:00\",\"breadcrumb\":{\"@id\":\"https:\/\/tecnologia.prefeitura.sp.gov.br\/?p=11347#breadcrumb\"},\"inLanguage\":\"pt-BR\",\"potentialAction\":[{\"@type\":\"ReadAction\",\"target\":[\"https:\/\/tecnologia.prefeitura.sp.gov.br\/?p=11347\"]}]},{\"@type\":\"ImageObject\",\"inLanguage\":\"pt-BR\",\"@id\":\"https:\/\/tecnologia.prefeitura.sp.gov.br\/?p=11347#primaryimage\",\"url\":\"https:\/\/tecnologia.prefeitura.sp.gov.br\/wp-content\/uploads\/2023\/07\/Modelo-de-capa-para-noticias-do-Portal-de-Tecnologia-38.png\",\"contentUrl\":\"https:\/\/tecnologia.prefeitura.sp.gov.br\/wp-content\/uploads\/2023\/07\/Modelo-de-capa-para-noticias-do-Portal-de-Tecnologia-38.png\",\"width\":6912,\"height\":3456},{\"@type\":\"BreadcrumbList\",\"@id\":\"https:\/\/tecnologia.prefeitura.sp.gov.br\/?p=11347#breadcrumb\",\"itemListElement\":[{\"@type\":\"ListItem\",\"position\":1,\"name\":\"In\u00edcio\",\"item\":\"https:\/\/tecnologia.prefeitura.sp.gov.br\/\"},{\"@type\":\"ListItem\",\"position\":2,\"name\":\"Prefeitura lan\u00e7a guia para promover comunica\u00e7\u00e3o inclusiva e acess\u00edvel\"}]},{\"@type\":\"WebSite\",\"@id\":\"https:\/\/tecnologia.prefeitura.sp.gov.br\/#website\",\"url\":\"https:\/\/tecnologia.prefeitura.sp.gov.br\/\",\"name\":\"Tecnologia cidade de S\u00e3o Paulo\",\"description\":\"Este portal foi criado com o intuito de divulgar diretrizes, boas pr\u00e1ticas e casos de sucesso no uso de tecnologia na Prefeitura da cidade de S\u00e3o Paulo. Seu p\u00fablico prim\u00e1rio s\u00e3o os servidores e servidoras p\u00fablicos, para que tenhamos mais pessoas entendendo de tecnologia para resolver problemas de pessoas.\",\"publisher\":{\"@id\":\"https:\/\/tecnologia.prefeitura.sp.gov.br\/#organization\"},\"potentialAction\":[{\"@type\":\"SearchAction\",\"target\":{\"@type\":\"EntryPoint\",\"urlTemplate\":\"https:\/\/tecnologia.prefeitura.sp.gov.br\/?s={search_term_string}\"},\"query-input\":{\"@type\":\"PropertyValueSpecification\",\"valueRequired\":true,\"valueName\":\"search_term_string\"}}],\"inLanguage\":\"pt-BR\"},{\"@type\":\"Organization\",\"@id\":\"https:\/\/tecnologia.prefeitura.sp.gov.br\/#organization\",\"name\":\"Secretaria Municipal de Inova\u00e7\u00e3o e Tecnologia\",\"url\":\"https:\/\/tecnologia.prefeitura.sp.gov.br\/\",\"logo\":{\"@type\":\"ImageObject\",\"inLanguage\":\"pt-BR\",\"@id\":\"https:\/\/tecnologia.prefeitura.sp.gov.br\/#\/schema\/logo\/image\/\",\"url\":\"http:\/\/54.207.50.161\/wp-content\/uploads\/2019\/10\/logo-gov-ti.png\",\"contentUrl\":\"http:\/\/54.207.50.161\/wp-content\/uploads\/2019\/10\/logo-gov-ti.png\",\"width\":250,\"height\":215,\"caption\":\"Secretaria Municipal de Inova\u00e7\u00e3o e Tecnologia\"},\"image\":{\"@id\":\"https:\/\/tecnologia.prefeitura.sp.gov.br\/#\/schema\/logo\/image\/\"}},{\"@type\":\"Person\",\"@id\":\"https:\/\/tecnologia.prefeitura.sp.gov.br\/#\/schema\/person\/fe2b05d45295f7fd085dbd4e226438da\",\"name\":\"Isabelly Aparecida Teles Santos\",\"image\":{\"@type\":\"ImageObject\",\"inLanguage\":\"pt-BR\",\"@id\":\"https:\/\/tecnologia.prefeitura.sp.gov.br\/#\/schema\/person\/image\/\",\"url\":\"https:\/\/secure.gravatar.com\/avatar\/881951bbedb45e5254998ac332c5f3f646310b891f77d6de2f5b230adf797173?s=96&d=mm&r=g\",\"contentUrl\":\"https:\/\/secure.gravatar.com\/avatar\/881951bbedb45e5254998ac332c5f3f646310b891f77d6de2f5b230adf797173?s=96&d=mm&r=g\",\"caption\":\"Isabelly Aparecida Teles Santos\"},\"url\":\"https:\/\/tecnologia.prefeitura.sp.gov.br\/?author=24\"}]}<\/script>\n<!-- \/ Yoast SEO plugin. -->","yoast_head_json":{"title":"Prefeitura lan\u00e7a guia para promover comunica\u00e7\u00e3o inclusiva e acess\u00edvel &#8211;","robots":{"index":"index","follow":"follow","max-snippet":"max-snippet:-1","max-image-preview":"max-image-preview:large","max-video-preview":"max-video-preview:-1"},"canonical":"https:\/\/tecnologia.prefeitura.sp.gov.br\/?p=11347","og_locale":"pt_BR","og_type":"article","og_title":"Prefeitura lan\u00e7a guia para promover comunica\u00e7\u00e3o inclusiva e acess\u00edvel &#8211;","og_description":"Publica\u00e7\u00e3o in\u00e9dita ensina a constru\u00e7\u00e3o de oficinas presenciais e virtuais sobre o tema O Laborat\u00f3rio de Inova\u00e7\u00e3o em Governo da Prefeitura de S\u00e3o Paulo &#8211;&nbsp; (011.lab) &#8211; anunciou o lan\u00e7amento do guia &#8220;Como fazer oficinas de Linguagem Simples?&#8221;, uma estrat\u00e9gia para enfrentar os desafios da gest\u00e3o municipal na entrega de servi\u00e7os que se comuniquem de [&hellip;]","og_url":"https:\/\/tecnologia.prefeitura.sp.gov.br\/?p=11347","article_published_time":"2023-07-07T17:58:50+00:00","article_modified_time":"2023-07-07T18:09:58+00:00","og_image":[{"width":1024,"height":512,"url":"https:\/\/tecnologia.prefeitura.sp.gov.br\/wp-content\/uploads\/2023\/07\/Modelo-de-capa-para-noticias-do-Portal-de-Tecnologia-38-1024x512.png","type":"image\/png"}],"author":"Isabelly Aparecida Teles Santos","twitter_card":"summary_large_image","twitter_misc":{"Escrito por":"Isabelly Aparecida Teles Santos","Est. tempo de leitura":"2 minutos"},"schema":{"@context":"https:\/\/schema.org","@graph":[{"@type":"Article","@id":"https:\/\/tecnologia.prefeitura.sp.gov.br\/?p=11347#article","isPartOf":{"@id":"https:\/\/tecnologia.prefeitura.sp.gov.br\/?p=11347"},"author":{"name":"Isabelly Aparecida Teles Santos","@id":"https:\/\/tecnologia.prefeitura.sp.gov.br\/#\/schema\/person\/fe2b05d45295f7fd085dbd4e226438da"},"headline":"Prefeitura lan\u00e7a guia para promover comunica\u00e7\u00e3o inclusiva e acess\u00edvel","datePublished":"2023-07-07T17:58:50+00:00","dateModified":"2023-07-07T18:09:58+00:00","mainEntityOfPage":{"@id":"https:\/\/tecnologia.prefeitura.sp.gov.br\/?p=11347"},"wordCount":475,"publisher":{"@id":"https:\/\/tecnologia.prefeitura.sp.gov.br\/#organization"},"image":{"@id":"https:\/\/tecnologia.prefeitura.sp.gov.br\/?p=11347#primaryimage"},"thumbnailUrl":"https:\/\/tecnologia.prefeitura.sp.gov.br\/wp-content\/uploads\/2023\/07\/Modelo-de-capa-para-noticias-do-Portal-de-Tecnologia-38.png","keywords":["011.lab","comunica\u00e7\u00e3o acessivel","comunica\u00e7\u00e3o inclusiva","guia","guia de linguagem simples","linguagem simples","Prefeitura S\u00e3o Paulo","SEGES","SMIT"],"articleSection":["Not\u00edcias"],"inLanguage":"pt-BR"},{"@type":"WebPage","@id":"https:\/\/tecnologia.prefeitura.sp.gov.br\/?p=11347","url":"https:\/\/tecnologia.prefeitura.sp.gov.br\/?p=11347","name":"Prefeitura lan\u00e7a guia para promover comunica\u00e7\u00e3o inclusiva e acess\u00edvel &#8211;","isPartOf":{"@id":"https:\/\/tecnologia.prefeitura.sp.gov.br\/#website"},"primaryImageOfPage":{"@id":"https:\/\/tecnologia.prefeitura.sp.gov.br\/?p=11347#primaryimage"},"image":{"@id":"https:\/\/tecnologia.prefeitura.sp.gov.br\/?p=11347#primaryimage"},"thumbnailUrl":"https:\/\/tecnologia.prefeitura.sp.gov.br\/wp-content\/uploads\/2023\/07\/Modelo-de-capa-para-noticias-do-Portal-de-Tecnologia-38.png","datePublished":"2023-07-07T17:58:50+00:00","dateModified":"2023-07-07T18:09:58+00:00","breadcrumb":{"@id":"https:\/\/tecnologia.prefeitura.sp.gov.br\/?p=11347#breadcrumb"},"inLanguage":"pt-BR","potentialAction":[{"@type":"ReadAction","target":["https:\/\/tecnologia.prefeitura.sp.gov.br\/?p=11347"]}]},{"@type":"ImageObject","inLanguage":"pt-BR","@id":"https:\/\/tecnologia.prefeitura.sp.gov.br\/?p=11347#primaryimage","url":"https:\/\/tecnologia.prefeitura.sp.gov.br\/wp-content\/uploads\/2023\/07\/Modelo-de-capa-para-noticias-do-Portal-de-Tecnologia-38.png","contentUrl":"https:\/\/tecnologia.prefeitura.sp.gov.br\/wp-content\/uploads\/2023\/07\/Modelo-de-capa-para-noticias-do-Portal-de-Tecnologia-38.png","width":6912,"height":3456},{"@type":"BreadcrumbList","@id":"https:\/\/tecnologia.prefeitura.sp.gov.br\/?p=11347#breadcrumb","itemListElement":[{"@type":"ListItem","position":1,"name":"In\u00edcio","item":"https:\/\/tecnologia.prefeitura.sp.gov.br\/"},{"@type":"ListItem","position":2,"name":"Prefeitura lan\u00e7a guia para promover comunica\u00e7\u00e3o inclusiva e acess\u00edvel"}]},{"@type":"WebSite","@id":"https:\/\/tecnologia.prefeitura.sp.gov.br\/#website","url":"https:\/\/tecnologia.prefeitura.sp.gov.br\/","name":"Tecnologia cidade de S\u00e3o Paulo","description":"Este portal foi criado com o intuito de divulgar diretrizes, boas pr\u00e1ticas e casos de sucesso no uso de tecnologia na Prefeitura da cidade de S\u00e3o Paulo. Seu p\u00fablico prim\u00e1rio s\u00e3o os servidores e servidoras p\u00fablicos, para que tenhamos mais pessoas entendendo de tecnologia para resolver problemas de pessoas.","publisher":{"@id":"https:\/\/tecnologia.prefeitura.sp.gov.br\/#organization"},"potentialAction":[{"@type":"SearchAction","target":{"@type":"EntryPoint","urlTemplate":"https:\/\/tecnologia.prefeitura.sp.gov.br\/?s={search_term_string}"},"query-input":{"@type":"PropertyValueSpecification","valueRequired":true,"valueName":"search_term_string"}}],"inLanguage":"pt-BR"},{"@type":"Organization","@id":"https:\/\/tecnologia.prefeitura.sp.gov.br\/#organization","name":"Secretaria Municipal de Inova\u00e7\u00e3o e Tecnologia","url":"https:\/\/tecnologia.prefeitura.sp.gov.br\/","logo":{"@type":"ImageObject","inLanguage":"pt-BR","@id":"https:\/\/tecnologia.prefeitura.sp.gov.br\/#\/schema\/logo\/image\/","url":"http:\/\/54.207.50.161\/wp-content\/uploads\/2019\/10\/logo-gov-ti.png","contentUrl":"http:\/\/54.207.50.161\/wp-content\/uploads\/2019\/10\/logo-gov-ti.png","width":250,"height":215,"caption":"Secretaria Municipal de Inova\u00e7\u00e3o e Tecnologia"},"image":{"@id":"https:\/\/tecnologia.prefeitura.sp.gov.br\/#\/schema\/logo\/image\/"}},{"@type":"Person","@id":"https:\/\/tecnologia.prefeitura.sp.gov.br\/#\/schema\/person\/fe2b05d45295f7fd085dbd4e226438da","name":"Isabelly Aparecida Teles Santos","image":{"@type":"ImageObject","inLanguage":"pt-BR","@id":"https:\/\/tecnologia.prefeitura.sp.gov.br\/#\/schema\/person\/image\/","url":"https:\/\/secure.gravatar.com\/avatar\/881951bbedb45e5254998ac332c5f3f646310b891f77d6de2f5b230adf797173?s=96&d=mm&r=g","contentUrl":"https:\/\/secure.gravatar.com\/avatar\/881951bbedb45e5254998ac332c5f3f646310b891f77d6de2f5b230adf797173?s=96&d=mm&r=g","caption":"Isabelly Aparecida Teles Santos"},"url":"https:\/\/tecnologia.prefeitura.sp.gov.br\/?author=24"}]}},"_links":{"self":[{"href":"https:\/\/tecnologia.prefeitura.sp.gov.br\/index.php?rest_route=\/wp\/v2\/posts\/11347","targetHints":{"allow":["GET"]}}],"collection":[{"href":"https:\/\/tecnologia.prefeitura.sp.gov.br\/index.php?rest_route=\/wp\/v2\/posts"}],"about":[{"href":"https:\/\/tecnologia.prefeitura.sp.gov.br\/index.php?rest_route=\/wp\/v2\/types\/post"}],"author":[{"embeddable":true,"href":"https:\/\/tecnologia.prefeitura.sp.gov.br\/index.php?rest_route=\/wp\/v2\/users\/24"}],"replies":[{"embeddable":true,"href":"https:\/\/tecnologia.prefeitura.sp.gov.br\/index.php?rest_route=%2Fwp%2Fv2%2Fcomments&post=11347"}],"version-history":[{"count":11,"href":"https:\/\/tecnologia.prefeitura.sp.gov.br\/index.php?rest_route=\/wp\/v2\/posts\/11347\/revisions"}],"predecessor-version":[{"id":11361,"href":"https:\/\/tecnologia.prefeitura.sp.gov.br\/index.php?rest_route=\/wp\/v2\/posts\/11347\/revisions\/11361"}],"wp:featuredmedia":[{"embeddable":true,"href":"https:\/\/tecnologia.prefeitura.sp.gov.br\/index.php?rest_route=\/wp\/v2\/media\/11360"}],"wp:attachment":[{"href":"https:\/\/tecnologia.prefeitura.sp.gov.br\/index.php?rest_route=%2Fwp%2Fv2%2Fmedia&parent=11347"}],"wp:term":[{"taxonomy":"category","embeddable":true,"href":"https:\/\/tecnologia.prefeitura.sp.gov.br\/index.php?rest_route=%2Fwp%2Fv2%2Fcategories&post=11347"},{"taxonomy":"post_tag","embeddable":true,"href":"https:\/\/tecnologia.prefeitura.sp.gov.br\/index.php?rest_route=%2Fwp%2Fv2%2Ftags&post=11347"}],"curies":[{"name":"wp","href":"https:\/\/api.w.org\/{rel}","templated":true}]}}