{"id":11404,"date":"2023-07-20T12:00:00","date_gmt":"2023-07-20T15:00:00","guid":{"rendered":"https:\/\/tecnologia.prefeitura.sp.gov.br\/?p=11404"},"modified":"2023-07-19T15:47:23","modified_gmt":"2023-07-19T18:47:23","slug":"smit-enaltece-o-dia-internacional-do-nelson-mandela-relembrando-programa-especial-do-fab-lab-livre-sp","status":"publish","type":"post","link":"https:\/\/tecnologia.prefeitura.sp.gov.br\/?p=11404","title":{"rendered":"SMIT enaltece o Dia Internacional do Nelson Mandela relembrando programa especial do Fab Lab Livre SP"},"content":{"rendered":"\t\t<div data-elementor-type=\"wp-post\" data-elementor-id=\"11404\" class=\"elementor elementor-11404\">\n\t\t\t\t\t\t<section class=\"elementor-section elementor-top-section elementor-element elementor-element-5a58d210 elementor-section-boxed elementor-section-height-default elementor-section-height-default\" data-id=\"5a58d210\" data-element_type=\"section\" data-e-type=\"section\">\n\t\t\t\t\t\t<div class=\"elementor-container elementor-column-gap-default\">\n\t\t\t\t\t<div class=\"elementor-column elementor-col-100 elementor-top-column elementor-element elementor-element-36805da0\" data-id=\"36805da0\" data-element_type=\"column\" data-e-type=\"column\">\n\t\t\t<div class=\"elementor-widget-wrap elementor-element-populated\">\n\t\t\t\t\t\t<div class=\"elementor-element elementor-element-1d455cd elementor-widget elementor-widget-text-editor\" data-id=\"1d455cd\" data-element_type=\"widget\" data-e-type=\"widget\" data-widget_type=\"text-editor.default\">\n\t\t\t\t<div class=\"elementor-widget-container\">\n\t\t\t\t\t\t\t\t\t<h4 class=\"post-splash\">Iniciativa destaca a luta pela igualdade racial e reconhece projetos que promovem os direitos da popula\u00e7\u00e3o negra e grupos \u00e9tnico raciais na cidade.<\/h4>\t\t\t\t\t\t\t\t<\/div>\n\t\t\t\t<\/div>\n\t\t\t\t<div class=\"elementor-element elementor-element-462042ab elementor-widget elementor-widget-text-editor\" data-id=\"462042ab\" data-element_type=\"widget\" data-e-type=\"widget\" data-widget_type=\"text-editor.default\">\n\t\t\t\t<div class=\"elementor-widget-container\">\n\t\t\t\t\t\t\t\t\t<p>No dia 18 de julho, o mundo celebra o Dia Mundial do Nelson Mandela, uma data em homenagem ao l\u00edder sul-africano, Nelson Mandela, conhecido por sua incans\u00e1vel luta contra a segrega\u00e7\u00e3o racial e por sua contribui\u00e7\u00e3o para a promo\u00e7\u00e3o dos direitos humanos e igualdade social. Nesse contexto, a rede FAB LAB LIVRE SP, coordenada pela Secretaria Municipal de Inova\u00e7\u00e3o e Tecnologia (SMIT), por meio da Prefeitura de S\u00e3o Paulo, enalteceu o legado de Mandela com um programa especial.<\/p><p>Como forma de representar a luta pela igualdade racial na cidade de S\u00e3o Paulo, a rede FAB LAB LIVRE SP incluiu em sua programa\u00e7\u00e3o uma s\u00e9rie de oficinas para a cria\u00e7\u00e3o de prototipagem de trof\u00e9u do Pr\u00eamio Nelson Mandela. As atividades de design da premia\u00e7\u00e3o ocorreram no FAB LAB Centro Cultural Penha, durante dois s\u00e1bados consecutivos (24\/06 e 01\/07), com instru\u00e7\u00e3o de uma equipe t\u00e9cnica especializada em fabrica\u00e7\u00e3o digital e manuseio dos maquin\u00e1rios. Essas atividades foram direcionadas especificamente a pessoas negras e ind\u00edgenas com conhecimentos pr\u00e9vios em ferramentas digitais utilizadas nos campos do design de produto, arquitetura, artes visuais e \u00e1reas correlatas, teve o prop\u00f3sito de reconhecer e valorizar iniciativas que promovam os direitos da popula\u00e7\u00e3o negra e de outros grupos \u00e9tnico-raciais no munic\u00edpio de S\u00e3o Paulo.<\/p><p>Institu\u00eddo pela Coordena\u00e7\u00e3o de Promo\u00e7\u00e3o da Igualdade Racial, projeto vinculado \u00e0 Secretaria Municipal de Direitos Humanos e Cidadania (SMDHC), o Pr\u00eamio Nelson Mandela ser\u00e1 entregue em uma cerim\u00f4nia no m\u00eas de novembro, m\u00eas alusivo \u00e0 consci\u00eancia negra. O pr\u00eamio contemplar\u00e1 programas e projetos de associa\u00e7\u00f5es, funda\u00e7\u00f5es, organiza\u00e7\u00f5es n\u00e3o governamentais, n\u00facleos religiosos ou art\u00edsticos que se destacaram em suas contribui\u00e7\u00f5es para a promo\u00e7\u00e3o da igualdade racial e o avan\u00e7o dos direitos \u00e9tnico-raciais.<\/p><p>Mandela foi uma figura importante na luta contra o Apartheid, um regime de segrega\u00e7\u00e3o racial institu\u00eddo na \u00c1frica do Sul, que durou de 1948 a 1994. O Dia Internacional de Nelson Mandela, celebrado em sua data de anivers\u00e1rio, \u00e9 um momento especial que promove a reflex\u00e3o sobre a vida do memor\u00e1vel defensor da dignidade.<\/p><p>No Dia Mundial de Nelson Mandela, a cidade de S\u00e3o Paulo destaca e reconhece tr\u00eas iniciativas exemplares em prol dos direitos da popula\u00e7\u00e3o negra e de outros grupos \u00e9tnico-raciais. Essas a\u00e7\u00f5es s\u00e3o realizadas por associa\u00e7\u00f5es, funda\u00e7\u00f5es, organiza\u00e7\u00f5es n\u00e3o governamentais, n\u00facleos religiosos ou art\u00edsticos, que t\u00eam sede e atuam no munic\u00edpio h\u00e1 mais de um ano.<\/p><p>Para concorrer ao Pr\u00eamio Nelson Mandela, os projetos s\u00e3o submetidos \u00e0 avalia\u00e7\u00e3o de uma comiss\u00e3o julgadora composta por personalidades indicadas em listas tr\u00edplices pelas entidades vinculadas ao tema. A comiss\u00e3o seleciona as iniciativas inovadoras que beneficiam a comunidade negra, povos ind\u00edgenas e comunidades tradicionais da cidade de S\u00e3o Paulo. Os projetos devem ter sido desenvolvidos no per\u00edodo de at\u00e9 quatro anos antes da premia\u00e7\u00e3o.<\/p><p>Com essa homenagem ao grande l\u00edder, a cidade de S\u00e3o Paulo reafirma seu compromisso com a promo\u00e7\u00e3o da igualdade racial e o incentivo a iniciativas que impulsionem os direitos \u00e9tnico-raciais no munic\u00edpio. O Pr\u00eamio Nelson Mandela \u00e9 uma honrosa celebra\u00e7\u00e3o dessas a\u00e7\u00f5es transformadoras, contribuindo para um futuro mais justo e igualit\u00e1rio para todos.<\/p>\t\t\t\t\t\t\t\t<\/div>\n\t\t\t\t<\/div>\n\t\t\t\t\t<\/div>\n\t\t<\/div>\n\t\t\t\t\t<\/div>\n\t\t<\/section>\n\t\t\t\t<section class=\"elementor-section elementor-top-section elementor-element elementor-element-b73970c elementor-section-boxed elementor-section-height-default elementor-section-height-default\" data-id=\"b73970c\" data-element_type=\"section\" data-e-type=\"section\">\n\t\t\t\t\t\t<div class=\"elementor-container elementor-column-gap-default\">\n\t\t\t\t\t<div class=\"elementor-column elementor-col-100 elementor-top-column elementor-element elementor-element-d81a8d2\" data-id=\"d81a8d2\" data-element_type=\"column\" data-e-type=\"column\">\n\t\t\t<div class=\"elementor-widget-wrap elementor-element-populated\">\n\t\t\t\t\t\t<div class=\"elementor-element elementor-element-24ff1a9 elementor-widget elementor-widget-text-editor\" data-id=\"24ff1a9\" data-element_type=\"widget\" data-e-type=\"widget\" data-widget_type=\"text-editor.default\">\n\t\t\t\t<div class=\"elementor-widget-container\">\n\t\t\t\t\t\t\t\t\t<p><strong>Fonte:<\/strong> <a href=\"https:\/\/www.prefeitura.sp.gov.br\/cidade\/secretarias\/inovacao\/noticias\/?p=351058\" target=\"_blank\" rel=\"noopener\"><strong>\u00a0<\/strong>Portal da Cidade de S\u00e3o Paulo \u2013 SMIT enaltece o Dia Internacional do Nelson Mandela relembrando programa especial do Fab Lab Livre SP<\/a><\/p>\t\t\t\t\t\t\t\t<\/div>\n\t\t\t\t<\/div>\n\t\t\t\t\t<\/div>\n\t\t<\/div>\n\t\t\t\t\t<\/div>\n\t\t<\/section>\n\t\t\t\t<\/div>\n\t\t","protected":false},"excerpt":{"rendered":"<p>Iniciativa destaca a luta pela igualdade racial e reconhece projetos que promovem os direitos da popula\u00e7\u00e3o negra e grupos \u00e9tnico raciais na cidade. No dia 18 de julho, o mundo celebra o Dia Mundial do Nelson Mandela, uma data em homenagem ao l\u00edder sul-africano, Nelson Mandela, conhecido por sua incans\u00e1vel luta contra a segrega\u00e7\u00e3o racial [&hellip;]<\/p>\n","protected":false},"author":24,"featured_media":11410,"comment_status":"closed","ping_status":"open","sticky":false,"template":"","format":"standard","meta":{"_monsterinsights_skip_tracking":false,"_monsterinsights_sitenote_active":false,"_monsterinsights_sitenote_note":"","_monsterinsights_sitenote_category":0,"site-sidebar-layout":"default","site-content-layout":"","ast-site-content-layout":"","site-content-style":"default","site-sidebar-style":"default","ast-global-header-display":"","ast-banner-title-visibility":"","ast-main-header-display":"","ast-hfb-above-header-display":"","ast-hfb-below-header-display":"","ast-hfb-mobile-header-display":"","site-post-title":"","ast-breadcrumbs-content":"","ast-featured-img":"","footer-sml-layout":"","theme-transparent-header-meta":"","adv-header-id-meta":"","stick-header-meta":"","header-above-stick-meta":"","header-main-stick-meta":"","header-below-stick-meta":"","astra-migrate-meta-layouts":"default","ast-page-background-enabled":"default","ast-page-background-meta":{"desktop":{"background-color":"var(--ast-global-color-5)","background-image":"","background-repeat":"repeat","background-position":"center center","background-size":"auto","background-attachment":"scroll","background-type":"","background-media":"","overlay-type":"","overlay-color":"","overlay-opacity":"","overlay-gradient":""},"tablet":{"background-color":"","background-image":"","background-repeat":"repeat","background-position":"center center","background-size":"auto","background-attachment":"scroll","background-type":"","background-media":"","overlay-type":"","overlay-color":"","overlay-opacity":"","overlay-gradient":""},"mobile":{"background-color":"","background-image":"","background-repeat":"repeat","background-position":"center center","background-size":"auto","background-attachment":"scroll","background-type":"","background-media":"","overlay-type":"","overlay-color":"","overlay-opacity":"","overlay-gradient":""}},"ast-content-background-meta":{"desktop":{"background-color":"var(--ast-global-color-4)","background-image":"","background-repeat":"repeat","background-position":"center center","background-size":"auto","background-attachment":"scroll","background-type":"","background-media":"","overlay-type":"","overlay-color":"","overlay-opacity":"","overlay-gradient":""},"tablet":{"background-color":"var(--ast-global-color-4)","background-image":"","background-repeat":"repeat","background-position":"center center","background-size":"auto","background-attachment":"scroll","background-type":"","background-media":"","overlay-type":"","overlay-color":"","overlay-opacity":"","overlay-gradient":""},"mobile":{"background-color":"var(--ast-global-color-4)","background-image":"","background-repeat":"repeat","background-position":"center center","background-size":"auto","background-attachment":"scroll","background-type":"","background-media":"","overlay-type":"","overlay-color":"","overlay-opacity":"","overlay-gradient":""}},"footnotes":""},"categories":[8],"tags":[63,750,480,393,94,258,751,666,41],"class_list":["post-11404","post","type-post","status-publish","format-standard","has-post-thumbnail","hentry","category-noticias","tag-design","tag-dia-internacional-do-nelson-mandela","tag-fab-lab-livre-sp","tag-fabricacao-digital","tag-oficinas","tag-prefeitura-sao-paulo","tag-premio-nelson-mandela","tag-smdhc","tag-smit"],"yoast_head":"<!-- This site is optimized with the Yoast SEO plugin v27.0 - https:\/\/yoast.com\/product\/yoast-seo-wordpress\/ -->\n<title>SMIT enaltece o Dia Internacional do Nelson Mandela relembrando programa especial do Fab Lab Livre SP &#8211;<\/title>\n<meta name=\"robots\" content=\"index, follow, max-snippet:-1, max-image-preview:large, max-video-preview:-1\" \/>\n<link rel=\"canonical\" href=\"https:\/\/tecnologia.prefeitura.sp.gov.br\/?p=11404\" \/>\n<meta property=\"og:locale\" content=\"pt_BR\" \/>\n<meta property=\"og:type\" content=\"article\" \/>\n<meta property=\"og:title\" content=\"SMIT enaltece o Dia Internacional do Nelson Mandela relembrando programa especial do Fab Lab Livre SP &#8211;\" \/>\n<meta property=\"og:description\" content=\"Iniciativa destaca a luta pela igualdade racial e reconhece projetos que promovem os direitos da popula\u00e7\u00e3o negra e grupos \u00e9tnico raciais na cidade. No dia 18 de julho, o mundo celebra o Dia Mundial do Nelson Mandela, uma data em homenagem ao l\u00edder sul-africano, Nelson Mandela, conhecido por sua incans\u00e1vel luta contra a segrega\u00e7\u00e3o racial [&hellip;]\" \/>\n<meta property=\"og:url\" content=\"https:\/\/tecnologia.prefeitura.sp.gov.br\/?p=11404\" \/>\n<meta property=\"article:published_time\" content=\"2023-07-20T15:00:00+00:00\" \/>\n<meta property=\"og:image\" content=\"https:\/\/tecnologia.prefeitura.sp.gov.br\/wp-content\/uploads\/2023\/07\/Modelo-de-capa-para-noticias-do-Portal-de-Tecnologia-41-1024x512.png\" \/>\n\t<meta property=\"og:image:width\" content=\"1024\" \/>\n\t<meta property=\"og:image:height\" content=\"512\" \/>\n\t<meta property=\"og:image:type\" content=\"image\/png\" \/>\n<meta name=\"author\" content=\"Isabelly Aparecida Teles Santos\" \/>\n<meta name=\"twitter:card\" content=\"summary_large_image\" \/>\n<meta name=\"twitter:label1\" content=\"Escrito por\" \/>\n\t<meta name=\"twitter:data1\" content=\"Isabelly Aparecida Teles Santos\" \/>\n\t<meta name=\"twitter:label2\" content=\"Est. tempo de leitura\" \/>\n\t<meta name=\"twitter:data2\" content=\"2 minutos\" \/>\n<script type=\"application\/ld+json\" class=\"yoast-schema-graph\">{\"@context\":\"https:\/\/schema.org\",\"@graph\":[{\"@type\":\"Article\",\"@id\":\"https:\/\/tecnologia.prefeitura.sp.gov.br\/?p=11404#article\",\"isPartOf\":{\"@id\":\"https:\/\/tecnologia.prefeitura.sp.gov.br\/?p=11404\"},\"author\":{\"name\":\"Isabelly Aparecida Teles Santos\",\"@id\":\"https:\/\/tecnologia.prefeitura.sp.gov.br\/#\/schema\/person\/fe2b05d45295f7fd085dbd4e226438da\"},\"headline\":\"SMIT enaltece o Dia Internacional do Nelson Mandela relembrando programa especial do Fab Lab Livre SP\",\"datePublished\":\"2023-07-20T15:00:00+00:00\",\"mainEntityOfPage\":{\"@id\":\"https:\/\/tecnologia.prefeitura.sp.gov.br\/?p=11404\"},\"wordCount\":636,\"publisher\":{\"@id\":\"https:\/\/tecnologia.prefeitura.sp.gov.br\/#organization\"},\"image\":{\"@id\":\"https:\/\/tecnologia.prefeitura.sp.gov.br\/?p=11404#primaryimage\"},\"thumbnailUrl\":\"https:\/\/tecnologia.prefeitura.sp.gov.br\/wp-content\/uploads\/2023\/07\/Modelo-de-capa-para-noticias-do-Portal-de-Tecnologia-41.png\",\"keywords\":[\"design\",\"Dia Internacional do Nelson Mandela\",\"FAB LAB Livre SP\",\"fabrica\u00e7\u00e3o digital\",\"oficinas\",\"Prefeitura S\u00e3o Paulo\",\"Pr\u00eamio Nelson Mandela\",\"SMDHC\",\"SMIT\"],\"articleSection\":[\"Not\u00edcias\"],\"inLanguage\":\"pt-BR\"},{\"@type\":\"WebPage\",\"@id\":\"https:\/\/tecnologia.prefeitura.sp.gov.br\/?p=11404\",\"url\":\"https:\/\/tecnologia.prefeitura.sp.gov.br\/?p=11404\",\"name\":\"SMIT enaltece o Dia Internacional do Nelson Mandela relembrando programa especial do Fab Lab Livre SP &#8211;\",\"isPartOf\":{\"@id\":\"https:\/\/tecnologia.prefeitura.sp.gov.br\/#website\"},\"primaryImageOfPage\":{\"@id\":\"https:\/\/tecnologia.prefeitura.sp.gov.br\/?p=11404#primaryimage\"},\"image\":{\"@id\":\"https:\/\/tecnologia.prefeitura.sp.gov.br\/?p=11404#primaryimage\"},\"thumbnailUrl\":\"https:\/\/tecnologia.prefeitura.sp.gov.br\/wp-content\/uploads\/2023\/07\/Modelo-de-capa-para-noticias-do-Portal-de-Tecnologia-41.png\",\"datePublished\":\"2023-07-20T15:00:00+00:00\",\"breadcrumb\":{\"@id\":\"https:\/\/tecnologia.prefeitura.sp.gov.br\/?p=11404#breadcrumb\"},\"inLanguage\":\"pt-BR\",\"potentialAction\":[{\"@type\":\"ReadAction\",\"target\":[\"https:\/\/tecnologia.prefeitura.sp.gov.br\/?p=11404\"]}]},{\"@type\":\"ImageObject\",\"inLanguage\":\"pt-BR\",\"@id\":\"https:\/\/tecnologia.prefeitura.sp.gov.br\/?p=11404#primaryimage\",\"url\":\"https:\/\/tecnologia.prefeitura.sp.gov.br\/wp-content\/uploads\/2023\/07\/Modelo-de-capa-para-noticias-do-Portal-de-Tecnologia-41.png\",\"contentUrl\":\"https:\/\/tecnologia.prefeitura.sp.gov.br\/wp-content\/uploads\/2023\/07\/Modelo-de-capa-para-noticias-do-Portal-de-Tecnologia-41.png\",\"width\":6912,\"height\":3456},{\"@type\":\"BreadcrumbList\",\"@id\":\"https:\/\/tecnologia.prefeitura.sp.gov.br\/?p=11404#breadcrumb\",\"itemListElement\":[{\"@type\":\"ListItem\",\"position\":1,\"name\":\"In\u00edcio\",\"item\":\"https:\/\/tecnologia.prefeitura.sp.gov.br\/\"},{\"@type\":\"ListItem\",\"position\":2,\"name\":\"SMIT enaltece o Dia Internacional do Nelson Mandela relembrando programa especial do Fab Lab Livre SP\"}]},{\"@type\":\"WebSite\",\"@id\":\"https:\/\/tecnologia.prefeitura.sp.gov.br\/#website\",\"url\":\"https:\/\/tecnologia.prefeitura.sp.gov.br\/\",\"name\":\"Tecnologia cidade de S\u00e3o Paulo\",\"description\":\"Este portal foi criado com o intuito de divulgar diretrizes, boas pr\u00e1ticas e casos de sucesso no uso de tecnologia na Prefeitura da cidade de S\u00e3o Paulo. Seu p\u00fablico prim\u00e1rio s\u00e3o os servidores e servidoras p\u00fablicos, para que tenhamos mais pessoas entendendo de tecnologia para resolver problemas de pessoas.\",\"publisher\":{\"@id\":\"https:\/\/tecnologia.prefeitura.sp.gov.br\/#organization\"},\"potentialAction\":[{\"@type\":\"SearchAction\",\"target\":{\"@type\":\"EntryPoint\",\"urlTemplate\":\"https:\/\/tecnologia.prefeitura.sp.gov.br\/?s={search_term_string}\"},\"query-input\":{\"@type\":\"PropertyValueSpecification\",\"valueRequired\":true,\"valueName\":\"search_term_string\"}}],\"inLanguage\":\"pt-BR\"},{\"@type\":\"Organization\",\"@id\":\"https:\/\/tecnologia.prefeitura.sp.gov.br\/#organization\",\"name\":\"Secretaria Municipal de Inova\u00e7\u00e3o e Tecnologia\",\"url\":\"https:\/\/tecnologia.prefeitura.sp.gov.br\/\",\"logo\":{\"@type\":\"ImageObject\",\"inLanguage\":\"pt-BR\",\"@id\":\"https:\/\/tecnologia.prefeitura.sp.gov.br\/#\/schema\/logo\/image\/\",\"url\":\"http:\/\/54.207.50.161\/wp-content\/uploads\/2019\/10\/logo-gov-ti.png\",\"contentUrl\":\"http:\/\/54.207.50.161\/wp-content\/uploads\/2019\/10\/logo-gov-ti.png\",\"width\":250,\"height\":215,\"caption\":\"Secretaria Municipal de Inova\u00e7\u00e3o e Tecnologia\"},\"image\":{\"@id\":\"https:\/\/tecnologia.prefeitura.sp.gov.br\/#\/schema\/logo\/image\/\"}},{\"@type\":\"Person\",\"@id\":\"https:\/\/tecnologia.prefeitura.sp.gov.br\/#\/schema\/person\/fe2b05d45295f7fd085dbd4e226438da\",\"name\":\"Isabelly Aparecida Teles Santos\",\"image\":{\"@type\":\"ImageObject\",\"inLanguage\":\"pt-BR\",\"@id\":\"https:\/\/tecnologia.prefeitura.sp.gov.br\/#\/schema\/person\/image\/\",\"url\":\"https:\/\/secure.gravatar.com\/avatar\/881951bbedb45e5254998ac332c5f3f646310b891f77d6de2f5b230adf797173?s=96&d=mm&r=g\",\"contentUrl\":\"https:\/\/secure.gravatar.com\/avatar\/881951bbedb45e5254998ac332c5f3f646310b891f77d6de2f5b230adf797173?s=96&d=mm&r=g\",\"caption\":\"Isabelly Aparecida Teles Santos\"},\"url\":\"https:\/\/tecnologia.prefeitura.sp.gov.br\/?author=24\"}]}<\/script>\n<!-- \/ Yoast SEO plugin. -->","yoast_head_json":{"title":"SMIT enaltece o Dia Internacional do Nelson Mandela relembrando programa especial do Fab Lab Livre SP &#8211;","robots":{"index":"index","follow":"follow","max-snippet":"max-snippet:-1","max-image-preview":"max-image-preview:large","max-video-preview":"max-video-preview:-1"},"canonical":"https:\/\/tecnologia.prefeitura.sp.gov.br\/?p=11404","og_locale":"pt_BR","og_type":"article","og_title":"SMIT enaltece o Dia Internacional do Nelson Mandela relembrando programa especial do Fab Lab Livre SP &#8211;","og_description":"Iniciativa destaca a luta pela igualdade racial e reconhece projetos que promovem os direitos da popula\u00e7\u00e3o negra e grupos \u00e9tnico raciais na cidade. No dia 18 de julho, o mundo celebra o Dia Mundial do Nelson Mandela, uma data em homenagem ao l\u00edder sul-africano, Nelson Mandela, conhecido por sua incans\u00e1vel luta contra a segrega\u00e7\u00e3o racial [&hellip;]","og_url":"https:\/\/tecnologia.prefeitura.sp.gov.br\/?p=11404","article_published_time":"2023-07-20T15:00:00+00:00","og_image":[{"width":1024,"height":512,"url":"https:\/\/tecnologia.prefeitura.sp.gov.br\/wp-content\/uploads\/2023\/07\/Modelo-de-capa-para-noticias-do-Portal-de-Tecnologia-41-1024x512.png","type":"image\/png"}],"author":"Isabelly Aparecida Teles Santos","twitter_card":"summary_large_image","twitter_misc":{"Escrito por":"Isabelly Aparecida Teles Santos","Est. tempo de leitura":"2 minutos"},"schema":{"@context":"https:\/\/schema.org","@graph":[{"@type":"Article","@id":"https:\/\/tecnologia.prefeitura.sp.gov.br\/?p=11404#article","isPartOf":{"@id":"https:\/\/tecnologia.prefeitura.sp.gov.br\/?p=11404"},"author":{"name":"Isabelly Aparecida Teles Santos","@id":"https:\/\/tecnologia.prefeitura.sp.gov.br\/#\/schema\/person\/fe2b05d45295f7fd085dbd4e226438da"},"headline":"SMIT enaltece o Dia Internacional do Nelson Mandela relembrando programa especial do Fab Lab Livre SP","datePublished":"2023-07-20T15:00:00+00:00","mainEntityOfPage":{"@id":"https:\/\/tecnologia.prefeitura.sp.gov.br\/?p=11404"},"wordCount":636,"publisher":{"@id":"https:\/\/tecnologia.prefeitura.sp.gov.br\/#organization"},"image":{"@id":"https:\/\/tecnologia.prefeitura.sp.gov.br\/?p=11404#primaryimage"},"thumbnailUrl":"https:\/\/tecnologia.prefeitura.sp.gov.br\/wp-content\/uploads\/2023\/07\/Modelo-de-capa-para-noticias-do-Portal-de-Tecnologia-41.png","keywords":["design","Dia Internacional do Nelson Mandela","FAB LAB Livre SP","fabrica\u00e7\u00e3o digital","oficinas","Prefeitura S\u00e3o Paulo","Pr\u00eamio Nelson Mandela","SMDHC","SMIT"],"articleSection":["Not\u00edcias"],"inLanguage":"pt-BR"},{"@type":"WebPage","@id":"https:\/\/tecnologia.prefeitura.sp.gov.br\/?p=11404","url":"https:\/\/tecnologia.prefeitura.sp.gov.br\/?p=11404","name":"SMIT enaltece o Dia Internacional do Nelson Mandela relembrando programa especial do Fab Lab Livre SP &#8211;","isPartOf":{"@id":"https:\/\/tecnologia.prefeitura.sp.gov.br\/#website"},"primaryImageOfPage":{"@id":"https:\/\/tecnologia.prefeitura.sp.gov.br\/?p=11404#primaryimage"},"image":{"@id":"https:\/\/tecnologia.prefeitura.sp.gov.br\/?p=11404#primaryimage"},"thumbnailUrl":"https:\/\/tecnologia.prefeitura.sp.gov.br\/wp-content\/uploads\/2023\/07\/Modelo-de-capa-para-noticias-do-Portal-de-Tecnologia-41.png","datePublished":"2023-07-20T15:00:00+00:00","breadcrumb":{"@id":"https:\/\/tecnologia.prefeitura.sp.gov.br\/?p=11404#breadcrumb"},"inLanguage":"pt-BR","potentialAction":[{"@type":"ReadAction","target":["https:\/\/tecnologia.prefeitura.sp.gov.br\/?p=11404"]}]},{"@type":"ImageObject","inLanguage":"pt-BR","@id":"https:\/\/tecnologia.prefeitura.sp.gov.br\/?p=11404#primaryimage","url":"https:\/\/tecnologia.prefeitura.sp.gov.br\/wp-content\/uploads\/2023\/07\/Modelo-de-capa-para-noticias-do-Portal-de-Tecnologia-41.png","contentUrl":"https:\/\/tecnologia.prefeitura.sp.gov.br\/wp-content\/uploads\/2023\/07\/Modelo-de-capa-para-noticias-do-Portal-de-Tecnologia-41.png","width":6912,"height":3456},{"@type":"BreadcrumbList","@id":"https:\/\/tecnologia.prefeitura.sp.gov.br\/?p=11404#breadcrumb","itemListElement":[{"@type":"ListItem","position":1,"name":"In\u00edcio","item":"https:\/\/tecnologia.prefeitura.sp.gov.br\/"},{"@type":"ListItem","position":2,"name":"SMIT enaltece o Dia Internacional do Nelson Mandela relembrando programa especial do Fab Lab Livre SP"}]},{"@type":"WebSite","@id":"https:\/\/tecnologia.prefeitura.sp.gov.br\/#website","url":"https:\/\/tecnologia.prefeitura.sp.gov.br\/","name":"Tecnologia cidade de S\u00e3o Paulo","description":"Este portal foi criado com o intuito de divulgar diretrizes, boas pr\u00e1ticas e casos de sucesso no uso de tecnologia na Prefeitura da cidade de S\u00e3o Paulo. Seu p\u00fablico prim\u00e1rio s\u00e3o os servidores e servidoras p\u00fablicos, para que tenhamos mais pessoas entendendo de tecnologia para resolver problemas de pessoas.","publisher":{"@id":"https:\/\/tecnologia.prefeitura.sp.gov.br\/#organization"},"potentialAction":[{"@type":"SearchAction","target":{"@type":"EntryPoint","urlTemplate":"https:\/\/tecnologia.prefeitura.sp.gov.br\/?s={search_term_string}"},"query-input":{"@type":"PropertyValueSpecification","valueRequired":true,"valueName":"search_term_string"}}],"inLanguage":"pt-BR"},{"@type":"Organization","@id":"https:\/\/tecnologia.prefeitura.sp.gov.br\/#organization","name":"Secretaria Municipal de Inova\u00e7\u00e3o e Tecnologia","url":"https:\/\/tecnologia.prefeitura.sp.gov.br\/","logo":{"@type":"ImageObject","inLanguage":"pt-BR","@id":"https:\/\/tecnologia.prefeitura.sp.gov.br\/#\/schema\/logo\/image\/","url":"http:\/\/54.207.50.161\/wp-content\/uploads\/2019\/10\/logo-gov-ti.png","contentUrl":"http:\/\/54.207.50.161\/wp-content\/uploads\/2019\/10\/logo-gov-ti.png","width":250,"height":215,"caption":"Secretaria Municipal de Inova\u00e7\u00e3o e Tecnologia"},"image":{"@id":"https:\/\/tecnologia.prefeitura.sp.gov.br\/#\/schema\/logo\/image\/"}},{"@type":"Person","@id":"https:\/\/tecnologia.prefeitura.sp.gov.br\/#\/schema\/person\/fe2b05d45295f7fd085dbd4e226438da","name":"Isabelly Aparecida Teles Santos","image":{"@type":"ImageObject","inLanguage":"pt-BR","@id":"https:\/\/tecnologia.prefeitura.sp.gov.br\/#\/schema\/person\/image\/","url":"https:\/\/secure.gravatar.com\/avatar\/881951bbedb45e5254998ac332c5f3f646310b891f77d6de2f5b230adf797173?s=96&d=mm&r=g","contentUrl":"https:\/\/secure.gravatar.com\/avatar\/881951bbedb45e5254998ac332c5f3f646310b891f77d6de2f5b230adf797173?s=96&d=mm&r=g","caption":"Isabelly Aparecida Teles Santos"},"url":"https:\/\/tecnologia.prefeitura.sp.gov.br\/?author=24"}]}},"_links":{"self":[{"href":"https:\/\/tecnologia.prefeitura.sp.gov.br\/index.php?rest_route=\/wp\/v2\/posts\/11404","targetHints":{"allow":["GET"]}}],"collection":[{"href":"https:\/\/tecnologia.prefeitura.sp.gov.br\/index.php?rest_route=\/wp\/v2\/posts"}],"about":[{"href":"https:\/\/tecnologia.prefeitura.sp.gov.br\/index.php?rest_route=\/wp\/v2\/types\/post"}],"author":[{"embeddable":true,"href":"https:\/\/tecnologia.prefeitura.sp.gov.br\/index.php?rest_route=\/wp\/v2\/users\/24"}],"replies":[{"embeddable":true,"href":"https:\/\/tecnologia.prefeitura.sp.gov.br\/index.php?rest_route=%2Fwp%2Fv2%2Fcomments&post=11404"}],"version-history":[{"count":5,"href":"https:\/\/tecnologia.prefeitura.sp.gov.br\/index.php?rest_route=\/wp\/v2\/posts\/11404\/revisions"}],"predecessor-version":[{"id":11414,"href":"https:\/\/tecnologia.prefeitura.sp.gov.br\/index.php?rest_route=\/wp\/v2\/posts\/11404\/revisions\/11414"}],"wp:featuredmedia":[{"embeddable":true,"href":"https:\/\/tecnologia.prefeitura.sp.gov.br\/index.php?rest_route=\/wp\/v2\/media\/11410"}],"wp:attachment":[{"href":"https:\/\/tecnologia.prefeitura.sp.gov.br\/index.php?rest_route=%2Fwp%2Fv2%2Fmedia&parent=11404"}],"wp:term":[{"taxonomy":"category","embeddable":true,"href":"https:\/\/tecnologia.prefeitura.sp.gov.br\/index.php?rest_route=%2Fwp%2Fv2%2Fcategories&post=11404"},{"taxonomy":"post_tag","embeddable":true,"href":"https:\/\/tecnologia.prefeitura.sp.gov.br\/index.php?rest_route=%2Fwp%2Fv2%2Ftags&post=11404"}],"curies":[{"name":"wp","href":"https:\/\/api.w.org\/{rel}","templated":true}]}}