{"id":11428,"date":"2023-07-24T14:56:16","date_gmt":"2023-07-24T17:56:16","guid":{"rendered":"https:\/\/tecnologia.prefeitura.sp.gov.br\/?p=11428"},"modified":"2023-07-24T14:56:16","modified_gmt":"2023-07-24T17:56:16","slug":"fab-lab-livre-sp-e-programa-redencao-utilizam-laboratorios-de-fabricacao-digital-como-meio-para-reinsercao-social-e-capacitacao-profissional","status":"publish","type":"post","link":"https:\/\/tecnologia.prefeitura.sp.gov.br\/?p=11428","title":{"rendered":"Fab Lab Livre SP e Programa Reden\u00e7\u00e3o utilizam laborat\u00f3rios de fabrica\u00e7\u00e3o digital como meio para reinser\u00e7\u00e3o social e capacita\u00e7\u00e3o profissional"},"content":{"rendered":"\t\t<div data-elementor-type=\"wp-post\" data-elementor-id=\"11428\" class=\"elementor elementor-11428\">\n\t\t\t\t\t\t<section class=\"elementor-section elementor-top-section elementor-element elementor-element-5a58d210 elementor-section-boxed elementor-section-height-default elementor-section-height-default\" data-id=\"5a58d210\" data-element_type=\"section\" data-e-type=\"section\">\n\t\t\t\t\t\t<div class=\"elementor-container elementor-column-gap-default\">\n\t\t\t\t\t<div class=\"elementor-column elementor-col-100 elementor-top-column elementor-element elementor-element-36805da0\" data-id=\"36805da0\" data-element_type=\"column\" data-e-type=\"column\">\n\t\t\t<div class=\"elementor-widget-wrap elementor-element-populated\">\n\t\t\t\t\t\t<div class=\"elementor-element elementor-element-1d455cd elementor-widget elementor-widget-text-editor\" data-id=\"1d455cd\" data-element_type=\"widget\" data-e-type=\"widget\" data-widget_type=\"text-editor.default\">\n\t\t\t\t<div class=\"elementor-widget-container\">\n\t\t\t\t\t\t\t\t\t<header class=\"post-header\"><h4 class=\"post-splash\">A parceria visa potencializar a pol\u00edtica p\u00fablica de reinser\u00e7\u00e3o social e profissional como tratamento de dependentes qu\u00edmicos por meio dos espa\u00e7os e equipamentos dispon\u00edveis na rede de laborat\u00f3rios do Fab Lab Livre SP.<\/h4><\/header>\t\t\t\t\t\t\t\t<\/div>\n\t\t\t\t<\/div>\n\t\t\t\t<div class=\"elementor-element elementor-element-462042ab elementor-widget elementor-widget-text-editor\" data-id=\"462042ab\" data-element_type=\"widget\" data-e-type=\"widget\" data-widget_type=\"text-editor.default\">\n\t\t\t\t<div class=\"elementor-widget-container\">\n\t\t\t\t\t\t\t\t\t<p>Na sexta-feira 14 de julho, ocorreu a primeira oficina de marcenaria no Fab Lab Galeria Olido, da rede Fab Lab Livre SP, em parceria com Programa Reden\u00e7\u00e3o. A oficina foi muito bem recebida pelos participantes, que produziram uma sapateira vers\u00e1til com design moderno e minimalista.<br \/><br \/>Foram atendidos 7 benefici\u00e1rios do Projeto POT Reden\u00e7\u00e3o &#8211; espec\u00edfico para benefici\u00e1rios em situa\u00e7\u00e3o de vulnerabilidade e risco social com necessidades decorrentes do uso de crack e outras drogas e que se encontrem no Sistema Integrado de Acolhida Terap\u00eautica \u2013 SIAT III e SIAT II &#8211; e em tratamento nos equipamentos da Rede de Aten\u00e7\u00e3o Psicossocial &#8211; RAPS.<br \/><br \/>&#8220;A parceria entre a rede Fab Lab Livre SP e o Programa Reden\u00e7\u00e3o \u00e9 um importante marco para a pol\u00edtica de inclus\u00e3o digital do munic\u00edpio. Percebe-se que a fabrica\u00e7\u00e3o digital e a cultura maker est\u00e3o dispon\u00edveis para todos(as) na Cidade de S\u00e3o Paulo, promovendo n\u00e3o apenas inclus\u00e3o digital, mas tamb\u00e9m inclus\u00e3o social&#8221;, concluiu Delegado Bruno Lima, secret\u00e1rio municipal de Inova\u00e7\u00e3o e Tecnologia.<\/p><p>O Programa Reden\u00e7\u00e3o, em parceria com os laborat\u00f3rios da rede Fab Lab Livre SP, representa um esfor\u00e7o conjunto para enfrentar os desafios do uso abusivo de \u00e1lcool e outras drogas, e espera-se alcan\u00e7ar resultados ainda mais significativos, transformando vidas e construindo uma cidade com oportunidade para todos.<br \/><br \/>A parceria \u00e9 um projeto entre a Secretaria Municipal de Inova\u00e7\u00e3o e Tecnologia \u2013 SMIT por meio do Programa Fab Lab Livre SP e a Secretaria de Governo \u2013 SGM por meio do Programa Reden\u00e7\u00e3o.<br \/><br \/><strong>Sobre a rede Fab Lab Livre SP:<br \/><\/strong><br \/>O Fab Lab Livre SP \u00e9 uma rede de 13 laborat\u00f3rios p\u00fablicos de prototipagem r\u00e1pida de objetos, que proporcionam o acesso a ferramentas de fabrica\u00e7\u00e3o digital aos seus usu\u00e1rios, como impressoras 3D, cortadora a laser, fresadora CNC, computadores com software de desenho digital CAD, equipamentos de eletr\u00f4nica e rob\u00f3tica, ferramentas de marcenaria e mec\u00e2nica. Faz parte da miss\u00e3o da rede estimular o p\u00fablico a desenvolver ideias criativas e inovadoras por meio das tecnologias de fabrica\u00e7\u00e3o digital e t\u00e9cnicas mais tradicionais, sendo valores importantes o compartilhamento de ideias e o desenvolvimento de projetos &#8220;m\u00e3o na massa&#8221; por pessoas iniciantes ou experientes.<\/p>\t\t\t\t\t\t\t\t<\/div>\n\t\t\t\t<\/div>\n\t\t\t\t\t<\/div>\n\t\t<\/div>\n\t\t\t\t\t<\/div>\n\t\t<\/section>\n\t\t\t\t<section class=\"elementor-section elementor-top-section elementor-element elementor-element-b73970c elementor-section-boxed elementor-section-height-default elementor-section-height-default\" data-id=\"b73970c\" data-element_type=\"section\" data-e-type=\"section\">\n\t\t\t\t\t\t<div class=\"elementor-container elementor-column-gap-default\">\n\t\t\t\t\t<div class=\"elementor-column elementor-col-100 elementor-top-column elementor-element elementor-element-d81a8d2\" data-id=\"d81a8d2\" data-element_type=\"column\" data-e-type=\"column\">\n\t\t\t<div class=\"elementor-widget-wrap elementor-element-populated\">\n\t\t\t\t\t\t<div class=\"elementor-element elementor-element-24ff1a9 elementor-widget elementor-widget-text-editor\" data-id=\"24ff1a9\" data-element_type=\"widget\" data-e-type=\"widget\" data-widget_type=\"text-editor.default\">\n\t\t\t\t<div class=\"elementor-widget-container\">\n\t\t\t\t\t\t\t\t\t<p><strong>Fonte:<\/strong> <a href=\"https:\/\/www.prefeitura.sp.gov.br\/cidade\/secretarias\/inovacao\/noticias\/?p=351185\" target=\"_blank\" rel=\"noopener\"><strong>\u00a0<\/strong>Portal da Cidade de S\u00e3o Paulo \u2013 Fab Lab Livre SP e Programa Reden\u00e7\u00e3o utilizam laborat\u00f3rios de fabrica\u00e7\u00e3o digital como meio para reinser\u00e7\u00e3o social e capacita\u00e7\u00e3o profissional<\/a><\/p>\t\t\t\t\t\t\t\t<\/div>\n\t\t\t\t<\/div>\n\t\t\t\t\t<\/div>\n\t\t<\/div>\n\t\t\t\t\t<\/div>\n\t\t<\/section>\n\t\t\t\t<\/div>\n\t\t","protected":false},"excerpt":{"rendered":"<p>A parceria visa potencializar a pol\u00edtica p\u00fablica de reinser\u00e7\u00e3o social e profissional como tratamento de dependentes qu\u00edmicos por meio dos espa\u00e7os e equipamentos dispon\u00edveis na rede de laborat\u00f3rios do Fab Lab Livre SP. Na sexta-feira 14 de julho, ocorreu a primeira oficina de marcenaria no Fab Lab Galeria Olido, da rede Fab Lab Livre SP, [&hellip;]<\/p>\n","protected":false},"author":24,"featured_media":11439,"comment_status":"closed","ping_status":"open","sticky":false,"template":"","format":"standard","meta":{"_monsterinsights_skip_tracking":false,"_monsterinsights_sitenote_active":false,"_monsterinsights_sitenote_note":"","_monsterinsights_sitenote_category":0,"site-sidebar-layout":"default","site-content-layout":"","ast-site-content-layout":"","site-content-style":"default","site-sidebar-style":"default","ast-global-header-display":"","ast-banner-title-visibility":"","ast-main-header-display":"","ast-hfb-above-header-display":"","ast-hfb-below-header-display":"","ast-hfb-mobile-header-display":"","site-post-title":"","ast-breadcrumbs-content":"","ast-featured-img":"","footer-sml-layout":"","theme-transparent-header-meta":"","adv-header-id-meta":"","stick-header-meta":"","header-above-stick-meta":"","header-main-stick-meta":"","header-below-stick-meta":"","astra-migrate-meta-layouts":"default","ast-page-background-enabled":"default","ast-page-background-meta":{"desktop":{"background-color":"var(--ast-global-color-5)","background-image":"","background-repeat":"repeat","background-position":"center center","background-size":"auto","background-attachment":"scroll","background-type":"","background-media":"","overlay-type":"","overlay-color":"","overlay-opacity":"","overlay-gradient":""},"tablet":{"background-color":"","background-image":"","background-repeat":"repeat","background-position":"center center","background-size":"auto","background-attachment":"scroll","background-type":"","background-media":"","overlay-type":"","overlay-color":"","overlay-opacity":"","overlay-gradient":""},"mobile":{"background-color":"","background-image":"","background-repeat":"repeat","background-position":"center center","background-size":"auto","background-attachment":"scroll","background-type":"","background-media":"","overlay-type":"","overlay-color":"","overlay-opacity":"","overlay-gradient":""}},"ast-content-background-meta":{"desktop":{"background-color":"var(--ast-global-color-4)","background-image":"","background-repeat":"repeat","background-position":"center center","background-size":"auto","background-attachment":"scroll","background-type":"","background-media":"","overlay-type":"","overlay-color":"","overlay-opacity":"","overlay-gradient":""},"tablet":{"background-color":"var(--ast-global-color-4)","background-image":"","background-repeat":"repeat","background-position":"center center","background-size":"auto","background-attachment":"scroll","background-type":"","background-media":"","overlay-type":"","overlay-color":"","overlay-opacity":"","overlay-gradient":""},"mobile":{"background-color":"var(--ast-global-color-4)","background-image":"","background-repeat":"repeat","background-position":"center center","background-size":"auto","background-attachment":"scroll","background-type":"","background-media":"","overlay-type":"","overlay-color":"","overlay-opacity":"","overlay-gradient":""}},"footnotes":""},"categories":[8],"tags":[305,480,393,94,258,752,41],"class_list":["post-11428","post","type-post","status-publish","format-standard","has-post-thumbnail","hentry","category-noticias","tag-capacitacao-profissional","tag-fab-lab-livre-sp","tag-fabricacao-digital","tag-oficinas","tag-prefeitura-sao-paulo","tag-reinsercao-social","tag-smit"],"yoast_head":"<!-- This site is optimized with the Yoast SEO plugin v27.0 - https:\/\/yoast.com\/product\/yoast-seo-wordpress\/ -->\n<title>Fab Lab Livre SP e Programa Reden\u00e7\u00e3o utilizam laborat\u00f3rios de fabrica\u00e7\u00e3o digital como meio para reinser\u00e7\u00e3o social e capacita\u00e7\u00e3o profissional &#8211;<\/title>\n<meta name=\"robots\" content=\"index, follow, max-snippet:-1, max-image-preview:large, max-video-preview:-1\" \/>\n<link rel=\"canonical\" href=\"https:\/\/tecnologia.prefeitura.sp.gov.br\/?p=11428\" \/>\n<meta property=\"og:locale\" content=\"pt_BR\" \/>\n<meta property=\"og:type\" content=\"article\" \/>\n<meta property=\"og:title\" content=\"Fab Lab Livre SP e Programa Reden\u00e7\u00e3o utilizam laborat\u00f3rios de fabrica\u00e7\u00e3o digital como meio para reinser\u00e7\u00e3o social e capacita\u00e7\u00e3o profissional &#8211;\" \/>\n<meta property=\"og:description\" content=\"A parceria visa potencializar a pol\u00edtica p\u00fablica de reinser\u00e7\u00e3o social e profissional como tratamento de dependentes qu\u00edmicos por meio dos espa\u00e7os e equipamentos dispon\u00edveis na rede de laborat\u00f3rios do Fab Lab Livre SP. Na sexta-feira 14 de julho, ocorreu a primeira oficina de marcenaria no Fab Lab Galeria Olido, da rede Fab Lab Livre SP, [&hellip;]\" \/>\n<meta property=\"og:url\" content=\"https:\/\/tecnologia.prefeitura.sp.gov.br\/?p=11428\" \/>\n<meta property=\"article:published_time\" content=\"2023-07-24T17:56:16+00:00\" \/>\n<meta property=\"og:image\" content=\"https:\/\/tecnologia.prefeitura.sp.gov.br\/wp-content\/uploads\/2023\/07\/Modelo-de-capa-para-noticias-do-Portal-de-Tecnologia-42-1024x512.png\" \/>\n\t<meta property=\"og:image:width\" content=\"1024\" \/>\n\t<meta property=\"og:image:height\" content=\"512\" \/>\n\t<meta property=\"og:image:type\" content=\"image\/png\" \/>\n<meta name=\"author\" content=\"Isabelly Aparecida Teles Santos\" \/>\n<meta name=\"twitter:card\" content=\"summary_large_image\" \/>\n<meta name=\"twitter:label1\" content=\"Escrito por\" \/>\n\t<meta name=\"twitter:data1\" content=\"Isabelly Aparecida Teles Santos\" \/>\n\t<meta name=\"twitter:label2\" content=\"Est. tempo de leitura\" \/>\n\t<meta name=\"twitter:data2\" content=\"2 minutos\" \/>\n<script type=\"application\/ld+json\" class=\"yoast-schema-graph\">{\"@context\":\"https:\/\/schema.org\",\"@graph\":[{\"@type\":\"Article\",\"@id\":\"https:\/\/tecnologia.prefeitura.sp.gov.br\/?p=11428#article\",\"isPartOf\":{\"@id\":\"https:\/\/tecnologia.prefeitura.sp.gov.br\/?p=11428\"},\"author\":{\"name\":\"Isabelly Aparecida Teles Santos\",\"@id\":\"https:\/\/tecnologia.prefeitura.sp.gov.br\/#\/schema\/person\/fe2b05d45295f7fd085dbd4e226438da\"},\"headline\":\"Fab Lab Livre SP e Programa Reden\u00e7\u00e3o utilizam laborat\u00f3rios de fabrica\u00e7\u00e3o digital como meio para reinser\u00e7\u00e3o social e capacita\u00e7\u00e3o profissional\",\"datePublished\":\"2023-07-24T17:56:16+00:00\",\"mainEntityOfPage\":{\"@id\":\"https:\/\/tecnologia.prefeitura.sp.gov.br\/?p=11428\"},\"wordCount\":487,\"publisher\":{\"@id\":\"https:\/\/tecnologia.prefeitura.sp.gov.br\/#organization\"},\"image\":{\"@id\":\"https:\/\/tecnologia.prefeitura.sp.gov.br\/?p=11428#primaryimage\"},\"thumbnailUrl\":\"https:\/\/tecnologia.prefeitura.sp.gov.br\/wp-content\/uploads\/2023\/07\/Modelo-de-capa-para-noticias-do-Portal-de-Tecnologia-42.png\",\"keywords\":[\"capacita\u00e7\u00e3o profissional\",\"FAB LAB Livre SP\",\"fabrica\u00e7\u00e3o digital\",\"oficinas\",\"Prefeitura S\u00e3o Paulo\",\"reinser\u00e7\u00e3o social~\",\"SMIT\"],\"articleSection\":[\"Not\u00edcias\"],\"inLanguage\":\"pt-BR\"},{\"@type\":\"WebPage\",\"@id\":\"https:\/\/tecnologia.prefeitura.sp.gov.br\/?p=11428\",\"url\":\"https:\/\/tecnologia.prefeitura.sp.gov.br\/?p=11428\",\"name\":\"Fab Lab Livre SP e Programa Reden\u00e7\u00e3o utilizam laborat\u00f3rios de fabrica\u00e7\u00e3o digital como meio para reinser\u00e7\u00e3o social e capacita\u00e7\u00e3o profissional &#8211;\",\"isPartOf\":{\"@id\":\"https:\/\/tecnologia.prefeitura.sp.gov.br\/#website\"},\"primaryImageOfPage\":{\"@id\":\"https:\/\/tecnologia.prefeitura.sp.gov.br\/?p=11428#primaryimage\"},\"image\":{\"@id\":\"https:\/\/tecnologia.prefeitura.sp.gov.br\/?p=11428#primaryimage\"},\"thumbnailUrl\":\"https:\/\/tecnologia.prefeitura.sp.gov.br\/wp-content\/uploads\/2023\/07\/Modelo-de-capa-para-noticias-do-Portal-de-Tecnologia-42.png\",\"datePublished\":\"2023-07-24T17:56:16+00:00\",\"breadcrumb\":{\"@id\":\"https:\/\/tecnologia.prefeitura.sp.gov.br\/?p=11428#breadcrumb\"},\"inLanguage\":\"pt-BR\",\"potentialAction\":[{\"@type\":\"ReadAction\",\"target\":[\"https:\/\/tecnologia.prefeitura.sp.gov.br\/?p=11428\"]}]},{\"@type\":\"ImageObject\",\"inLanguage\":\"pt-BR\",\"@id\":\"https:\/\/tecnologia.prefeitura.sp.gov.br\/?p=11428#primaryimage\",\"url\":\"https:\/\/tecnologia.prefeitura.sp.gov.br\/wp-content\/uploads\/2023\/07\/Modelo-de-capa-para-noticias-do-Portal-de-Tecnologia-42.png\",\"contentUrl\":\"https:\/\/tecnologia.prefeitura.sp.gov.br\/wp-content\/uploads\/2023\/07\/Modelo-de-capa-para-noticias-do-Portal-de-Tecnologia-42.png\",\"width\":6912,\"height\":3456},{\"@type\":\"BreadcrumbList\",\"@id\":\"https:\/\/tecnologia.prefeitura.sp.gov.br\/?p=11428#breadcrumb\",\"itemListElement\":[{\"@type\":\"ListItem\",\"position\":1,\"name\":\"In\u00edcio\",\"item\":\"https:\/\/tecnologia.prefeitura.sp.gov.br\/\"},{\"@type\":\"ListItem\",\"position\":2,\"name\":\"Fab Lab Livre SP e Programa Reden\u00e7\u00e3o utilizam laborat\u00f3rios de fabrica\u00e7\u00e3o digital como meio para reinser\u00e7\u00e3o social e capacita\u00e7\u00e3o profissional\"}]},{\"@type\":\"WebSite\",\"@id\":\"https:\/\/tecnologia.prefeitura.sp.gov.br\/#website\",\"url\":\"https:\/\/tecnologia.prefeitura.sp.gov.br\/\",\"name\":\"Tecnologia cidade de S\u00e3o Paulo\",\"description\":\"Este portal foi criado com o intuito de divulgar diretrizes, boas pr\u00e1ticas e casos de sucesso no uso de tecnologia na Prefeitura da cidade de S\u00e3o Paulo. Seu p\u00fablico prim\u00e1rio s\u00e3o os servidores e servidoras p\u00fablicos, para que tenhamos mais pessoas entendendo de tecnologia para resolver problemas de pessoas.\",\"publisher\":{\"@id\":\"https:\/\/tecnologia.prefeitura.sp.gov.br\/#organization\"},\"potentialAction\":[{\"@type\":\"SearchAction\",\"target\":{\"@type\":\"EntryPoint\",\"urlTemplate\":\"https:\/\/tecnologia.prefeitura.sp.gov.br\/?s={search_term_string}\"},\"query-input\":{\"@type\":\"PropertyValueSpecification\",\"valueRequired\":true,\"valueName\":\"search_term_string\"}}],\"inLanguage\":\"pt-BR\"},{\"@type\":\"Organization\",\"@id\":\"https:\/\/tecnologia.prefeitura.sp.gov.br\/#organization\",\"name\":\"Secretaria Municipal de Inova\u00e7\u00e3o e Tecnologia\",\"url\":\"https:\/\/tecnologia.prefeitura.sp.gov.br\/\",\"logo\":{\"@type\":\"ImageObject\",\"inLanguage\":\"pt-BR\",\"@id\":\"https:\/\/tecnologia.prefeitura.sp.gov.br\/#\/schema\/logo\/image\/\",\"url\":\"http:\/\/54.207.50.161\/wp-content\/uploads\/2019\/10\/logo-gov-ti.png\",\"contentUrl\":\"http:\/\/54.207.50.161\/wp-content\/uploads\/2019\/10\/logo-gov-ti.png\",\"width\":250,\"height\":215,\"caption\":\"Secretaria Municipal de Inova\u00e7\u00e3o e Tecnologia\"},\"image\":{\"@id\":\"https:\/\/tecnologia.prefeitura.sp.gov.br\/#\/schema\/logo\/image\/\"}},{\"@type\":\"Person\",\"@id\":\"https:\/\/tecnologia.prefeitura.sp.gov.br\/#\/schema\/person\/fe2b05d45295f7fd085dbd4e226438da\",\"name\":\"Isabelly Aparecida Teles Santos\",\"image\":{\"@type\":\"ImageObject\",\"inLanguage\":\"pt-BR\",\"@id\":\"https:\/\/tecnologia.prefeitura.sp.gov.br\/#\/schema\/person\/image\/\",\"url\":\"https:\/\/secure.gravatar.com\/avatar\/881951bbedb45e5254998ac332c5f3f646310b891f77d6de2f5b230adf797173?s=96&d=mm&r=g\",\"contentUrl\":\"https:\/\/secure.gravatar.com\/avatar\/881951bbedb45e5254998ac332c5f3f646310b891f77d6de2f5b230adf797173?s=96&d=mm&r=g\",\"caption\":\"Isabelly Aparecida Teles Santos\"},\"url\":\"https:\/\/tecnologia.prefeitura.sp.gov.br\/?author=24\"}]}<\/script>\n<!-- \/ Yoast SEO plugin. -->","yoast_head_json":{"title":"Fab Lab Livre SP e Programa Reden\u00e7\u00e3o utilizam laborat\u00f3rios de fabrica\u00e7\u00e3o digital como meio para reinser\u00e7\u00e3o social e capacita\u00e7\u00e3o profissional &#8211;","robots":{"index":"index","follow":"follow","max-snippet":"max-snippet:-1","max-image-preview":"max-image-preview:large","max-video-preview":"max-video-preview:-1"},"canonical":"https:\/\/tecnologia.prefeitura.sp.gov.br\/?p=11428","og_locale":"pt_BR","og_type":"article","og_title":"Fab Lab Livre SP e Programa Reden\u00e7\u00e3o utilizam laborat\u00f3rios de fabrica\u00e7\u00e3o digital como meio para reinser\u00e7\u00e3o social e capacita\u00e7\u00e3o profissional &#8211;","og_description":"A parceria visa potencializar a pol\u00edtica p\u00fablica de reinser\u00e7\u00e3o social e profissional como tratamento de dependentes qu\u00edmicos por meio dos espa\u00e7os e equipamentos dispon\u00edveis na rede de laborat\u00f3rios do Fab Lab Livre SP. Na sexta-feira 14 de julho, ocorreu a primeira oficina de marcenaria no Fab Lab Galeria Olido, da rede Fab Lab Livre SP, [&hellip;]","og_url":"https:\/\/tecnologia.prefeitura.sp.gov.br\/?p=11428","article_published_time":"2023-07-24T17:56:16+00:00","og_image":[{"width":1024,"height":512,"url":"https:\/\/tecnologia.prefeitura.sp.gov.br\/wp-content\/uploads\/2023\/07\/Modelo-de-capa-para-noticias-do-Portal-de-Tecnologia-42-1024x512.png","type":"image\/png"}],"author":"Isabelly Aparecida Teles Santos","twitter_card":"summary_large_image","twitter_misc":{"Escrito por":"Isabelly Aparecida Teles Santos","Est. tempo de leitura":"2 minutos"},"schema":{"@context":"https:\/\/schema.org","@graph":[{"@type":"Article","@id":"https:\/\/tecnologia.prefeitura.sp.gov.br\/?p=11428#article","isPartOf":{"@id":"https:\/\/tecnologia.prefeitura.sp.gov.br\/?p=11428"},"author":{"name":"Isabelly Aparecida Teles Santos","@id":"https:\/\/tecnologia.prefeitura.sp.gov.br\/#\/schema\/person\/fe2b05d45295f7fd085dbd4e226438da"},"headline":"Fab Lab Livre SP e Programa Reden\u00e7\u00e3o utilizam laborat\u00f3rios de fabrica\u00e7\u00e3o digital como meio para reinser\u00e7\u00e3o social e capacita\u00e7\u00e3o profissional","datePublished":"2023-07-24T17:56:16+00:00","mainEntityOfPage":{"@id":"https:\/\/tecnologia.prefeitura.sp.gov.br\/?p=11428"},"wordCount":487,"publisher":{"@id":"https:\/\/tecnologia.prefeitura.sp.gov.br\/#organization"},"image":{"@id":"https:\/\/tecnologia.prefeitura.sp.gov.br\/?p=11428#primaryimage"},"thumbnailUrl":"https:\/\/tecnologia.prefeitura.sp.gov.br\/wp-content\/uploads\/2023\/07\/Modelo-de-capa-para-noticias-do-Portal-de-Tecnologia-42.png","keywords":["capacita\u00e7\u00e3o profissional","FAB LAB Livre SP","fabrica\u00e7\u00e3o digital","oficinas","Prefeitura S\u00e3o Paulo","reinser\u00e7\u00e3o social~","SMIT"],"articleSection":["Not\u00edcias"],"inLanguage":"pt-BR"},{"@type":"WebPage","@id":"https:\/\/tecnologia.prefeitura.sp.gov.br\/?p=11428","url":"https:\/\/tecnologia.prefeitura.sp.gov.br\/?p=11428","name":"Fab Lab Livre SP e Programa Reden\u00e7\u00e3o utilizam laborat\u00f3rios de fabrica\u00e7\u00e3o digital como meio para reinser\u00e7\u00e3o social e capacita\u00e7\u00e3o profissional &#8211;","isPartOf":{"@id":"https:\/\/tecnologia.prefeitura.sp.gov.br\/#website"},"primaryImageOfPage":{"@id":"https:\/\/tecnologia.prefeitura.sp.gov.br\/?p=11428#primaryimage"},"image":{"@id":"https:\/\/tecnologia.prefeitura.sp.gov.br\/?p=11428#primaryimage"},"thumbnailUrl":"https:\/\/tecnologia.prefeitura.sp.gov.br\/wp-content\/uploads\/2023\/07\/Modelo-de-capa-para-noticias-do-Portal-de-Tecnologia-42.png","datePublished":"2023-07-24T17:56:16+00:00","breadcrumb":{"@id":"https:\/\/tecnologia.prefeitura.sp.gov.br\/?p=11428#breadcrumb"},"inLanguage":"pt-BR","potentialAction":[{"@type":"ReadAction","target":["https:\/\/tecnologia.prefeitura.sp.gov.br\/?p=11428"]}]},{"@type":"ImageObject","inLanguage":"pt-BR","@id":"https:\/\/tecnologia.prefeitura.sp.gov.br\/?p=11428#primaryimage","url":"https:\/\/tecnologia.prefeitura.sp.gov.br\/wp-content\/uploads\/2023\/07\/Modelo-de-capa-para-noticias-do-Portal-de-Tecnologia-42.png","contentUrl":"https:\/\/tecnologia.prefeitura.sp.gov.br\/wp-content\/uploads\/2023\/07\/Modelo-de-capa-para-noticias-do-Portal-de-Tecnologia-42.png","width":6912,"height":3456},{"@type":"BreadcrumbList","@id":"https:\/\/tecnologia.prefeitura.sp.gov.br\/?p=11428#breadcrumb","itemListElement":[{"@type":"ListItem","position":1,"name":"In\u00edcio","item":"https:\/\/tecnologia.prefeitura.sp.gov.br\/"},{"@type":"ListItem","position":2,"name":"Fab Lab Livre SP e Programa Reden\u00e7\u00e3o utilizam laborat\u00f3rios de fabrica\u00e7\u00e3o digital como meio para reinser\u00e7\u00e3o social e capacita\u00e7\u00e3o profissional"}]},{"@type":"WebSite","@id":"https:\/\/tecnologia.prefeitura.sp.gov.br\/#website","url":"https:\/\/tecnologia.prefeitura.sp.gov.br\/","name":"Tecnologia cidade de S\u00e3o Paulo","description":"Este portal foi criado com o intuito de divulgar diretrizes, boas pr\u00e1ticas e casos de sucesso no uso de tecnologia na Prefeitura da cidade de S\u00e3o Paulo. Seu p\u00fablico prim\u00e1rio s\u00e3o os servidores e servidoras p\u00fablicos, para que tenhamos mais pessoas entendendo de tecnologia para resolver problemas de pessoas.","publisher":{"@id":"https:\/\/tecnologia.prefeitura.sp.gov.br\/#organization"},"potentialAction":[{"@type":"SearchAction","target":{"@type":"EntryPoint","urlTemplate":"https:\/\/tecnologia.prefeitura.sp.gov.br\/?s={search_term_string}"},"query-input":{"@type":"PropertyValueSpecification","valueRequired":true,"valueName":"search_term_string"}}],"inLanguage":"pt-BR"},{"@type":"Organization","@id":"https:\/\/tecnologia.prefeitura.sp.gov.br\/#organization","name":"Secretaria Municipal de Inova\u00e7\u00e3o e Tecnologia","url":"https:\/\/tecnologia.prefeitura.sp.gov.br\/","logo":{"@type":"ImageObject","inLanguage":"pt-BR","@id":"https:\/\/tecnologia.prefeitura.sp.gov.br\/#\/schema\/logo\/image\/","url":"http:\/\/54.207.50.161\/wp-content\/uploads\/2019\/10\/logo-gov-ti.png","contentUrl":"http:\/\/54.207.50.161\/wp-content\/uploads\/2019\/10\/logo-gov-ti.png","width":250,"height":215,"caption":"Secretaria Municipal de Inova\u00e7\u00e3o e Tecnologia"},"image":{"@id":"https:\/\/tecnologia.prefeitura.sp.gov.br\/#\/schema\/logo\/image\/"}},{"@type":"Person","@id":"https:\/\/tecnologia.prefeitura.sp.gov.br\/#\/schema\/person\/fe2b05d45295f7fd085dbd4e226438da","name":"Isabelly Aparecida Teles Santos","image":{"@type":"ImageObject","inLanguage":"pt-BR","@id":"https:\/\/tecnologia.prefeitura.sp.gov.br\/#\/schema\/person\/image\/","url":"https:\/\/secure.gravatar.com\/avatar\/881951bbedb45e5254998ac332c5f3f646310b891f77d6de2f5b230adf797173?s=96&d=mm&r=g","contentUrl":"https:\/\/secure.gravatar.com\/avatar\/881951bbedb45e5254998ac332c5f3f646310b891f77d6de2f5b230adf797173?s=96&d=mm&r=g","caption":"Isabelly Aparecida Teles Santos"},"url":"https:\/\/tecnologia.prefeitura.sp.gov.br\/?author=24"}]}},"_links":{"self":[{"href":"https:\/\/tecnologia.prefeitura.sp.gov.br\/index.php?rest_route=\/wp\/v2\/posts\/11428","targetHints":{"allow":["GET"]}}],"collection":[{"href":"https:\/\/tecnologia.prefeitura.sp.gov.br\/index.php?rest_route=\/wp\/v2\/posts"}],"about":[{"href":"https:\/\/tecnologia.prefeitura.sp.gov.br\/index.php?rest_route=\/wp\/v2\/types\/post"}],"author":[{"embeddable":true,"href":"https:\/\/tecnologia.prefeitura.sp.gov.br\/index.php?rest_route=\/wp\/v2\/users\/24"}],"replies":[{"embeddable":true,"href":"https:\/\/tecnologia.prefeitura.sp.gov.br\/index.php?rest_route=%2Fwp%2Fv2%2Fcomments&post=11428"}],"version-history":[{"count":11,"href":"https:\/\/tecnologia.prefeitura.sp.gov.br\/index.php?rest_route=\/wp\/v2\/posts\/11428\/revisions"}],"predecessor-version":[{"id":11440,"href":"https:\/\/tecnologia.prefeitura.sp.gov.br\/index.php?rest_route=\/wp\/v2\/posts\/11428\/revisions\/11440"}],"wp:featuredmedia":[{"embeddable":true,"href":"https:\/\/tecnologia.prefeitura.sp.gov.br\/index.php?rest_route=\/wp\/v2\/media\/11439"}],"wp:attachment":[{"href":"https:\/\/tecnologia.prefeitura.sp.gov.br\/index.php?rest_route=%2Fwp%2Fv2%2Fmedia&parent=11428"}],"wp:term":[{"taxonomy":"category","embeddable":true,"href":"https:\/\/tecnologia.prefeitura.sp.gov.br\/index.php?rest_route=%2Fwp%2Fv2%2Fcategories&post=11428"},{"taxonomy":"post_tag","embeddable":true,"href":"https:\/\/tecnologia.prefeitura.sp.gov.br\/index.php?rest_route=%2Fwp%2Fv2%2Ftags&post=11428"}],"curies":[{"name":"wp","href":"https:\/\/api.w.org\/{rel}","templated":true}]}}