{"id":11463,"date":"2023-07-28T10:00:00","date_gmt":"2023-07-28T13:00:00","guid":{"rendered":"https:\/\/tecnologia.prefeitura.sp.gov.br\/?p=11463"},"modified":"2023-07-27T14:26:09","modified_gmt":"2023-07-27T17:26:09","slug":"15a-campus-party-brasil-com-participacao-de-cerca-de-3-mil-estudantes-de-escolas-municipais-da-capital","status":"publish","type":"post","link":"https:\/\/tecnologia.prefeitura.sp.gov.br\/?p=11463","title":{"rendered":"15\u00aa Campus Party Brasil, com participa\u00e7\u00e3o de cerca de 3 mil estudantes de escolas municipais da capital"},"content":{"rendered":"\t\t<div data-elementor-type=\"wp-post\" data-elementor-id=\"11463\" class=\"elementor elementor-11463\">\n\t\t\t\t\t\t<section class=\"elementor-section elementor-top-section elementor-element elementor-element-5a58d210 elementor-section-boxed elementor-section-height-default elementor-section-height-default\" data-id=\"5a58d210\" data-element_type=\"section\" data-e-type=\"section\">\n\t\t\t\t\t\t<div class=\"elementor-container elementor-column-gap-default\">\n\t\t\t\t\t<div class=\"elementor-column elementor-col-100 elementor-top-column elementor-element elementor-element-36805da0\" data-id=\"36805da0\" data-element_type=\"column\" data-e-type=\"column\">\n\t\t\t<div class=\"elementor-widget-wrap elementor-element-populated\">\n\t\t\t\t\t\t<div class=\"elementor-element elementor-element-1d455cd elementor-widget elementor-widget-text-editor\" data-id=\"1d455cd\" data-element_type=\"widget\" data-e-type=\"widget\" data-widget_type=\"text-editor.default\">\n\t\t\t\t<div class=\"elementor-widget-container\">\n\t\t\t\t\t\t\t\t\t<header class=\"post-header\"><h4 class=\"post-splash\">A parceria visa potencializar a pol\u00edtica p\u00fablica de reinser\u00e7\u00e3o social e profissional como tratamento de dependentes qu\u00edmicos por meio dos espa\u00e7os e equipamentos dispon\u00edveis na rede de laborat\u00f3rios do Fab Lab Livre SP.<\/h4><\/header>\t\t\t\t\t\t\t\t<\/div>\n\t\t\t\t<\/div>\n\t\t\t\t<div class=\"elementor-element elementor-element-462042ab elementor-widget elementor-widget-text-editor\" data-id=\"462042ab\" data-element_type=\"widget\" data-e-type=\"widget\" data-widget_type=\"text-editor.default\">\n\t\t\t\t<div class=\"elementor-widget-container\">\n\t\t\t\t\t\t\t\t\t<p>A Prefeitura junto com a Secretaria Municipal de Educa\u00e7\u00e3o de S\u00e3o Paulo levar\u00e1, nesta quinta e sexta-feira, dias 27 e 28, cerca de 3 mil estudantes de 75 escolas para participarem da 15\u00aa Campus Party Brasil, que acontece no Pavilh\u00e3o de Exposi\u00e7\u00f5es do Anhembi.<\/p><p>A 15\u00aa Campus Party Brasil \u00e9 uma experi\u00eancia geek e o maior festival sobre tecnologia, disfun\u00e7\u00e3o, empreendedorismo e STEAM. A a\u00e7\u00e3o traz um universo de games, desenvolvimento, empreendedores, com muita cultura geek e divers\u00e3o.<\/p><p>No evento, os alunos ter\u00e3o contato com um universo de games, empreendedores, cultura geek e divers\u00e3o com uso de tecnologias. Ser\u00e1 uma oportunidade para desenvolver a criatividade e voltar para a escola com novas ideias.<\/p><p>Esses meninos e meninas participam do Programa Aluno Monitor em suas respectivas escolas. O programa \u00e9 desenvolvido pela Divis\u00e3o de Curr\u00edculo \u2013 Tecnologias para Aprendizagem, da SME-SP, desde 2009.<\/p><p>O objetivo \u00e9 potencializar o protagonismo do estudante ao mesmo tempo em que ele \u00e9 formado para o uso das tecnologias digitais. Os participantes utilizam os saberes para contribuir com o Professor Orientador de Educa\u00e7\u00e3o Digital (POED) e tamb\u00e9m com os professores das diferentes \u00e1reas no uso das Tecnologias de Informa\u00e7\u00e3o e Comunica\u00e7\u00e3o (TIC).<\/p><p>E, na sexta-feira (28), estudantes do Imprensa Jovem de algumas escolas tamb\u00e9m ir\u00e3o ao evento para fazer a cobertura com seus jovens rep\u00f3rteres. Ser\u00e3o 80 estudantes das EMEFs Jos\u00e9 M\u00e1rio Pires Azanha, Professora Anna Silveira Pedreira e Espa\u00e7o de Bitita.<\/p>\t\t\t\t\t\t\t\t<\/div>\n\t\t\t\t<\/div>\n\t\t\t\t\t<\/div>\n\t\t<\/div>\n\t\t\t\t\t<\/div>\n\t\t<\/section>\n\t\t\t\t<section class=\"elementor-section elementor-top-section elementor-element elementor-element-b73970c elementor-section-boxed elementor-section-height-default elementor-section-height-default\" data-id=\"b73970c\" data-element_type=\"section\" data-e-type=\"section\">\n\t\t\t\t\t\t<div class=\"elementor-container elementor-column-gap-default\">\n\t\t\t\t\t<div class=\"elementor-column elementor-col-100 elementor-top-column elementor-element elementor-element-d81a8d2\" data-id=\"d81a8d2\" data-element_type=\"column\" data-e-type=\"column\">\n\t\t\t<div class=\"elementor-widget-wrap elementor-element-populated\">\n\t\t\t\t\t\t<div class=\"elementor-element elementor-element-24ff1a9 elementor-widget elementor-widget-text-editor\" data-id=\"24ff1a9\" data-element_type=\"widget\" data-e-type=\"widget\" data-widget_type=\"text-editor.default\">\n\t\t\t\t<div class=\"elementor-widget-container\">\n\t\t\t\t\t\t\t\t\t<p><strong>Fonte:<\/strong> <strong>\u00a0<\/strong><a href=\"https:\/\/imprensa.prefeitura.sp.gov.br\/noticia\/campus-party-brasil-com-participacao-de-cerca-de-3-mil-estudantes-de-escolas-municipais-da-capital\">Portal Sala de Imprensa da Cidade de S\u00e3o Paulo &#8211; 15\u00aa Campus Party Brasil, com participa\u00e7\u00e3o de cerca de 3 mil estudantes de escolas municipais da capital<\/a><\/p><p>\u00a0<\/p><p>\u00a0<\/p>\t\t\t\t\t\t\t\t<\/div>\n\t\t\t\t<\/div>\n\t\t\t\t\t<\/div>\n\t\t<\/div>\n\t\t\t\t\t<\/div>\n\t\t<\/section>\n\t\t\t\t<\/div>\n\t\t","protected":false},"excerpt":{"rendered":"<p>A parceria visa potencializar a pol\u00edtica p\u00fablica de reinser\u00e7\u00e3o social e profissional como tratamento de dependentes qu\u00edmicos por meio dos espa\u00e7os e equipamentos dispon\u00edveis na rede de laborat\u00f3rios do Fab Lab Livre SP. A Prefeitura junto com a Secretaria Municipal de Educa\u00e7\u00e3o de S\u00e3o Paulo levar\u00e1, nesta quinta e sexta-feira, dias 27 e 28, cerca [&hellip;]<\/p>\n","protected":false},"author":24,"featured_media":11468,"comment_status":"closed","ping_status":"open","sticky":false,"template":"","format":"standard","meta":{"_monsterinsights_skip_tracking":false,"_monsterinsights_sitenote_active":false,"_monsterinsights_sitenote_note":"","_monsterinsights_sitenote_category":0,"site-sidebar-layout":"default","site-content-layout":"","ast-site-content-layout":"","site-content-style":"default","site-sidebar-style":"default","ast-global-header-display":"","ast-banner-title-visibility":"","ast-main-header-display":"","ast-hfb-above-header-display":"","ast-hfb-below-header-display":"","ast-hfb-mobile-header-display":"","site-post-title":"","ast-breadcrumbs-content":"","ast-featured-img":"","footer-sml-layout":"","theme-transparent-header-meta":"","adv-header-id-meta":"","stick-header-meta":"","header-above-stick-meta":"","header-main-stick-meta":"","header-below-stick-meta":"","astra-migrate-meta-layouts":"default","ast-page-background-enabled":"default","ast-page-background-meta":{"desktop":{"background-color":"var(--ast-global-color-5)","background-image":"","background-repeat":"repeat","background-position":"center center","background-size":"auto","background-attachment":"scroll","background-type":"","background-media":"","overlay-type":"","overlay-color":"","overlay-opacity":"","overlay-gradient":""},"tablet":{"background-color":"","background-image":"","background-repeat":"repeat","background-position":"center center","background-size":"auto","background-attachment":"scroll","background-type":"","background-media":"","overlay-type":"","overlay-color":"","overlay-opacity":"","overlay-gradient":""},"mobile":{"background-color":"","background-image":"","background-repeat":"repeat","background-position":"center center","background-size":"auto","background-attachment":"scroll","background-type":"","background-media":"","overlay-type":"","overlay-color":"","overlay-opacity":"","overlay-gradient":""}},"ast-content-background-meta":{"desktop":{"background-color":"var(--ast-global-color-4)","background-image":"","background-repeat":"repeat","background-position":"center center","background-size":"auto","background-attachment":"scroll","background-type":"","background-media":"","overlay-type":"","overlay-color":"","overlay-opacity":"","overlay-gradient":""},"tablet":{"background-color":"var(--ast-global-color-4)","background-image":"","background-repeat":"repeat","background-position":"center center","background-size":"auto","background-attachment":"scroll","background-type":"","background-media":"","overlay-type":"","overlay-color":"","overlay-opacity":"","overlay-gradient":""},"mobile":{"background-color":"var(--ast-global-color-4)","background-image":"","background-repeat":"repeat","background-position":"center center","background-size":"auto","background-attachment":"scroll","background-type":"","background-media":"","overlay-type":"","overlay-color":"","overlay-opacity":"","overlay-gradient":""}},"footnotes":""},"categories":[8],"tags":[762,763,71,765,767,157,768,329,764,766,26],"class_list":["post-11463","post","type-post","status-publish","format-standard","has-post-thumbnail","hentry","category-noticias","tag-campus-party","tag-campus-party-brasil","tag-desenvolvimento","tag-disfuncao","tag-empreendedores","tag-empreendedorismo","tag-festival","tag-games","tag-geek","tag-steam","tag-tecnologia"],"yoast_head":"<!-- This site is optimized with the Yoast SEO plugin v27.0 - https:\/\/yoast.com\/product\/yoast-seo-wordpress\/ -->\n<title>15\u00aa Campus Party Brasil, com participa\u00e7\u00e3o de cerca de 3 mil estudantes de escolas municipais da capital &#8211;<\/title>\n<meta name=\"robots\" content=\"index, follow, max-snippet:-1, max-image-preview:large, max-video-preview:-1\" \/>\n<link rel=\"canonical\" href=\"https:\/\/tecnologia.prefeitura.sp.gov.br\/?p=11463\" \/>\n<meta property=\"og:locale\" content=\"pt_BR\" \/>\n<meta property=\"og:type\" content=\"article\" \/>\n<meta property=\"og:title\" content=\"15\u00aa Campus Party Brasil, com participa\u00e7\u00e3o de cerca de 3 mil estudantes de escolas municipais da capital &#8211;\" \/>\n<meta property=\"og:description\" content=\"A parceria visa potencializar a pol\u00edtica p\u00fablica de reinser\u00e7\u00e3o social e profissional como tratamento de dependentes qu\u00edmicos por meio dos espa\u00e7os e equipamentos dispon\u00edveis na rede de laborat\u00f3rios do Fab Lab Livre SP. A Prefeitura junto com a Secretaria Municipal de Educa\u00e7\u00e3o de S\u00e3o Paulo levar\u00e1, nesta quinta e sexta-feira, dias 27 e 28, cerca [&hellip;]\" \/>\n<meta property=\"og:url\" content=\"https:\/\/tecnologia.prefeitura.sp.gov.br\/?p=11463\" \/>\n<meta property=\"article:published_time\" content=\"2023-07-28T13:00:00+00:00\" \/>\n<meta property=\"og:image\" content=\"https:\/\/tecnologia.prefeitura.sp.gov.br\/wp-content\/uploads\/2023\/07\/Modelo-de-capa-para-noticias-do-Portal-de-Tecnologia-3-scaled.jpg\" \/>\n\t<meta property=\"og:image:width\" content=\"2560\" \/>\n\t<meta property=\"og:image:height\" content=\"1280\" \/>\n\t<meta property=\"og:image:type\" content=\"image\/jpeg\" \/>\n<meta name=\"author\" content=\"Isabelly Aparecida Teles Santos\" \/>\n<meta name=\"twitter:card\" content=\"summary_large_image\" \/>\n<meta name=\"twitter:label1\" content=\"Escrito por\" \/>\n\t<meta name=\"twitter:data1\" content=\"Isabelly Aparecida Teles Santos\" \/>\n\t<meta name=\"twitter:label2\" content=\"Est. tempo de leitura\" \/>\n\t<meta name=\"twitter:data2\" content=\"2 minutos\" \/>\n<script type=\"application\/ld+json\" class=\"yoast-schema-graph\">{\"@context\":\"https:\/\/schema.org\",\"@graph\":[{\"@type\":\"Article\",\"@id\":\"https:\/\/tecnologia.prefeitura.sp.gov.br\/?p=11463#article\",\"isPartOf\":{\"@id\":\"https:\/\/tecnologia.prefeitura.sp.gov.br\/?p=11463\"},\"author\":{\"name\":\"Isabelly Aparecida Teles Santos\",\"@id\":\"https:\/\/tecnologia.prefeitura.sp.gov.br\/#\/schema\/person\/fe2b05d45295f7fd085dbd4e226438da\"},\"headline\":\"15\u00aa Campus Party Brasil, com participa\u00e7\u00e3o de cerca de 3 mil estudantes de escolas municipais da capital\",\"datePublished\":\"2023-07-28T13:00:00+00:00\",\"mainEntityOfPage\":{\"@id\":\"https:\/\/tecnologia.prefeitura.sp.gov.br\/?p=11463\"},\"wordCount\":329,\"publisher\":{\"@id\":\"https:\/\/tecnologia.prefeitura.sp.gov.br\/#organization\"},\"image\":{\"@id\":\"https:\/\/tecnologia.prefeitura.sp.gov.br\/?p=11463#primaryimage\"},\"thumbnailUrl\":\"https:\/\/tecnologia.prefeitura.sp.gov.br\/wp-content\/uploads\/2023\/07\/Modelo-de-capa-para-noticias-do-Portal-de-Tecnologia-3-scaled.jpg\",\"keywords\":[\"Campus Party\",\"Campus Party Brasil\",\"desenvolvimento\",\"disfun\u00e7\u00e3o\",\"empreendedores\",\"empreendedorismo\",\"festival\",\"games\",\"geek\",\"STEAM\",\"tecnologia\"],\"articleSection\":[\"Not\u00edcias\"],\"inLanguage\":\"pt-BR\"},{\"@type\":\"WebPage\",\"@id\":\"https:\/\/tecnologia.prefeitura.sp.gov.br\/?p=11463\",\"url\":\"https:\/\/tecnologia.prefeitura.sp.gov.br\/?p=11463\",\"name\":\"15\u00aa Campus Party Brasil, com participa\u00e7\u00e3o de cerca de 3 mil estudantes de escolas municipais da capital &#8211;\",\"isPartOf\":{\"@id\":\"https:\/\/tecnologia.prefeitura.sp.gov.br\/#website\"},\"primaryImageOfPage\":{\"@id\":\"https:\/\/tecnologia.prefeitura.sp.gov.br\/?p=11463#primaryimage\"},\"image\":{\"@id\":\"https:\/\/tecnologia.prefeitura.sp.gov.br\/?p=11463#primaryimage\"},\"thumbnailUrl\":\"https:\/\/tecnologia.prefeitura.sp.gov.br\/wp-content\/uploads\/2023\/07\/Modelo-de-capa-para-noticias-do-Portal-de-Tecnologia-3-scaled.jpg\",\"datePublished\":\"2023-07-28T13:00:00+00:00\",\"breadcrumb\":{\"@id\":\"https:\/\/tecnologia.prefeitura.sp.gov.br\/?p=11463#breadcrumb\"},\"inLanguage\":\"pt-BR\",\"potentialAction\":[{\"@type\":\"ReadAction\",\"target\":[\"https:\/\/tecnologia.prefeitura.sp.gov.br\/?p=11463\"]}]},{\"@type\":\"ImageObject\",\"inLanguage\":\"pt-BR\",\"@id\":\"https:\/\/tecnologia.prefeitura.sp.gov.br\/?p=11463#primaryimage\",\"url\":\"https:\/\/tecnologia.prefeitura.sp.gov.br\/wp-content\/uploads\/2023\/07\/Modelo-de-capa-para-noticias-do-Portal-de-Tecnologia-3-scaled.jpg\",\"contentUrl\":\"https:\/\/tecnologia.prefeitura.sp.gov.br\/wp-content\/uploads\/2023\/07\/Modelo-de-capa-para-noticias-do-Portal-de-Tecnologia-3-scaled.jpg\",\"width\":2560,\"height\":1280},{\"@type\":\"BreadcrumbList\",\"@id\":\"https:\/\/tecnologia.prefeitura.sp.gov.br\/?p=11463#breadcrumb\",\"itemListElement\":[{\"@type\":\"ListItem\",\"position\":1,\"name\":\"In\u00edcio\",\"item\":\"https:\/\/tecnologia.prefeitura.sp.gov.br\/\"},{\"@type\":\"ListItem\",\"position\":2,\"name\":\"15\u00aa Campus Party Brasil, com participa\u00e7\u00e3o de cerca de 3 mil estudantes de escolas municipais da capital\"}]},{\"@type\":\"WebSite\",\"@id\":\"https:\/\/tecnologia.prefeitura.sp.gov.br\/#website\",\"url\":\"https:\/\/tecnologia.prefeitura.sp.gov.br\/\",\"name\":\"Tecnologia cidade de S\u00e3o Paulo\",\"description\":\"Este portal foi criado com o intuito de divulgar diretrizes, boas pr\u00e1ticas e casos de sucesso no uso de tecnologia na Prefeitura da cidade de S\u00e3o Paulo. Seu p\u00fablico prim\u00e1rio s\u00e3o os servidores e servidoras p\u00fablicos, para que tenhamos mais pessoas entendendo de tecnologia para resolver problemas de pessoas.\",\"publisher\":{\"@id\":\"https:\/\/tecnologia.prefeitura.sp.gov.br\/#organization\"},\"potentialAction\":[{\"@type\":\"SearchAction\",\"target\":{\"@type\":\"EntryPoint\",\"urlTemplate\":\"https:\/\/tecnologia.prefeitura.sp.gov.br\/?s={search_term_string}\"},\"query-input\":{\"@type\":\"PropertyValueSpecification\",\"valueRequired\":true,\"valueName\":\"search_term_string\"}}],\"inLanguage\":\"pt-BR\"},{\"@type\":\"Organization\",\"@id\":\"https:\/\/tecnologia.prefeitura.sp.gov.br\/#organization\",\"name\":\"Secretaria Municipal de Inova\u00e7\u00e3o e Tecnologia\",\"url\":\"https:\/\/tecnologia.prefeitura.sp.gov.br\/\",\"logo\":{\"@type\":\"ImageObject\",\"inLanguage\":\"pt-BR\",\"@id\":\"https:\/\/tecnologia.prefeitura.sp.gov.br\/#\/schema\/logo\/image\/\",\"url\":\"http:\/\/54.207.50.161\/wp-content\/uploads\/2019\/10\/logo-gov-ti.png\",\"contentUrl\":\"http:\/\/54.207.50.161\/wp-content\/uploads\/2019\/10\/logo-gov-ti.png\",\"width\":250,\"height\":215,\"caption\":\"Secretaria Municipal de Inova\u00e7\u00e3o e Tecnologia\"},\"image\":{\"@id\":\"https:\/\/tecnologia.prefeitura.sp.gov.br\/#\/schema\/logo\/image\/\"}},{\"@type\":\"Person\",\"@id\":\"https:\/\/tecnologia.prefeitura.sp.gov.br\/#\/schema\/person\/fe2b05d45295f7fd085dbd4e226438da\",\"name\":\"Isabelly Aparecida Teles Santos\",\"image\":{\"@type\":\"ImageObject\",\"inLanguage\":\"pt-BR\",\"@id\":\"https:\/\/tecnologia.prefeitura.sp.gov.br\/#\/schema\/person\/image\/\",\"url\":\"https:\/\/secure.gravatar.com\/avatar\/881951bbedb45e5254998ac332c5f3f646310b891f77d6de2f5b230adf797173?s=96&d=mm&r=g\",\"contentUrl\":\"https:\/\/secure.gravatar.com\/avatar\/881951bbedb45e5254998ac332c5f3f646310b891f77d6de2f5b230adf797173?s=96&d=mm&r=g\",\"caption\":\"Isabelly Aparecida Teles Santos\"},\"url\":\"https:\/\/tecnologia.prefeitura.sp.gov.br\/?author=24\"}]}<\/script>\n<!-- \/ Yoast SEO plugin. -->","yoast_head_json":{"title":"15\u00aa Campus Party Brasil, com participa\u00e7\u00e3o de cerca de 3 mil estudantes de escolas municipais da capital &#8211;","robots":{"index":"index","follow":"follow","max-snippet":"max-snippet:-1","max-image-preview":"max-image-preview:large","max-video-preview":"max-video-preview:-1"},"canonical":"https:\/\/tecnologia.prefeitura.sp.gov.br\/?p=11463","og_locale":"pt_BR","og_type":"article","og_title":"15\u00aa Campus Party Brasil, com participa\u00e7\u00e3o de cerca de 3 mil estudantes de escolas municipais da capital &#8211;","og_description":"A parceria visa potencializar a pol\u00edtica p\u00fablica de reinser\u00e7\u00e3o social e profissional como tratamento de dependentes qu\u00edmicos por meio dos espa\u00e7os e equipamentos dispon\u00edveis na rede de laborat\u00f3rios do Fab Lab Livre SP. A Prefeitura junto com a Secretaria Municipal de Educa\u00e7\u00e3o de S\u00e3o Paulo levar\u00e1, nesta quinta e sexta-feira, dias 27 e 28, cerca [&hellip;]","og_url":"https:\/\/tecnologia.prefeitura.sp.gov.br\/?p=11463","article_published_time":"2023-07-28T13:00:00+00:00","og_image":[{"width":2560,"height":1280,"url":"https:\/\/tecnologia.prefeitura.sp.gov.br\/wp-content\/uploads\/2023\/07\/Modelo-de-capa-para-noticias-do-Portal-de-Tecnologia-3-scaled.jpg","type":"image\/jpeg"}],"author":"Isabelly Aparecida Teles Santos","twitter_card":"summary_large_image","twitter_misc":{"Escrito por":"Isabelly Aparecida Teles Santos","Est. tempo de leitura":"2 minutos"},"schema":{"@context":"https:\/\/schema.org","@graph":[{"@type":"Article","@id":"https:\/\/tecnologia.prefeitura.sp.gov.br\/?p=11463#article","isPartOf":{"@id":"https:\/\/tecnologia.prefeitura.sp.gov.br\/?p=11463"},"author":{"name":"Isabelly Aparecida Teles Santos","@id":"https:\/\/tecnologia.prefeitura.sp.gov.br\/#\/schema\/person\/fe2b05d45295f7fd085dbd4e226438da"},"headline":"15\u00aa Campus Party Brasil, com participa\u00e7\u00e3o de cerca de 3 mil estudantes de escolas municipais da capital","datePublished":"2023-07-28T13:00:00+00:00","mainEntityOfPage":{"@id":"https:\/\/tecnologia.prefeitura.sp.gov.br\/?p=11463"},"wordCount":329,"publisher":{"@id":"https:\/\/tecnologia.prefeitura.sp.gov.br\/#organization"},"image":{"@id":"https:\/\/tecnologia.prefeitura.sp.gov.br\/?p=11463#primaryimage"},"thumbnailUrl":"https:\/\/tecnologia.prefeitura.sp.gov.br\/wp-content\/uploads\/2023\/07\/Modelo-de-capa-para-noticias-do-Portal-de-Tecnologia-3-scaled.jpg","keywords":["Campus Party","Campus Party Brasil","desenvolvimento","disfun\u00e7\u00e3o","empreendedores","empreendedorismo","festival","games","geek","STEAM","tecnologia"],"articleSection":["Not\u00edcias"],"inLanguage":"pt-BR"},{"@type":"WebPage","@id":"https:\/\/tecnologia.prefeitura.sp.gov.br\/?p=11463","url":"https:\/\/tecnologia.prefeitura.sp.gov.br\/?p=11463","name":"15\u00aa Campus Party Brasil, com participa\u00e7\u00e3o de cerca de 3 mil estudantes de escolas municipais da capital &#8211;","isPartOf":{"@id":"https:\/\/tecnologia.prefeitura.sp.gov.br\/#website"},"primaryImageOfPage":{"@id":"https:\/\/tecnologia.prefeitura.sp.gov.br\/?p=11463#primaryimage"},"image":{"@id":"https:\/\/tecnologia.prefeitura.sp.gov.br\/?p=11463#primaryimage"},"thumbnailUrl":"https:\/\/tecnologia.prefeitura.sp.gov.br\/wp-content\/uploads\/2023\/07\/Modelo-de-capa-para-noticias-do-Portal-de-Tecnologia-3-scaled.jpg","datePublished":"2023-07-28T13:00:00+00:00","breadcrumb":{"@id":"https:\/\/tecnologia.prefeitura.sp.gov.br\/?p=11463#breadcrumb"},"inLanguage":"pt-BR","potentialAction":[{"@type":"ReadAction","target":["https:\/\/tecnologia.prefeitura.sp.gov.br\/?p=11463"]}]},{"@type":"ImageObject","inLanguage":"pt-BR","@id":"https:\/\/tecnologia.prefeitura.sp.gov.br\/?p=11463#primaryimage","url":"https:\/\/tecnologia.prefeitura.sp.gov.br\/wp-content\/uploads\/2023\/07\/Modelo-de-capa-para-noticias-do-Portal-de-Tecnologia-3-scaled.jpg","contentUrl":"https:\/\/tecnologia.prefeitura.sp.gov.br\/wp-content\/uploads\/2023\/07\/Modelo-de-capa-para-noticias-do-Portal-de-Tecnologia-3-scaled.jpg","width":2560,"height":1280},{"@type":"BreadcrumbList","@id":"https:\/\/tecnologia.prefeitura.sp.gov.br\/?p=11463#breadcrumb","itemListElement":[{"@type":"ListItem","position":1,"name":"In\u00edcio","item":"https:\/\/tecnologia.prefeitura.sp.gov.br\/"},{"@type":"ListItem","position":2,"name":"15\u00aa Campus Party Brasil, com participa\u00e7\u00e3o de cerca de 3 mil estudantes de escolas municipais da capital"}]},{"@type":"WebSite","@id":"https:\/\/tecnologia.prefeitura.sp.gov.br\/#website","url":"https:\/\/tecnologia.prefeitura.sp.gov.br\/","name":"Tecnologia cidade de S\u00e3o Paulo","description":"Este portal foi criado com o intuito de divulgar diretrizes, boas pr\u00e1ticas e casos de sucesso no uso de tecnologia na Prefeitura da cidade de S\u00e3o Paulo. Seu p\u00fablico prim\u00e1rio s\u00e3o os servidores e servidoras p\u00fablicos, para que tenhamos mais pessoas entendendo de tecnologia para resolver problemas de pessoas.","publisher":{"@id":"https:\/\/tecnologia.prefeitura.sp.gov.br\/#organization"},"potentialAction":[{"@type":"SearchAction","target":{"@type":"EntryPoint","urlTemplate":"https:\/\/tecnologia.prefeitura.sp.gov.br\/?s={search_term_string}"},"query-input":{"@type":"PropertyValueSpecification","valueRequired":true,"valueName":"search_term_string"}}],"inLanguage":"pt-BR"},{"@type":"Organization","@id":"https:\/\/tecnologia.prefeitura.sp.gov.br\/#organization","name":"Secretaria Municipal de Inova\u00e7\u00e3o e Tecnologia","url":"https:\/\/tecnologia.prefeitura.sp.gov.br\/","logo":{"@type":"ImageObject","inLanguage":"pt-BR","@id":"https:\/\/tecnologia.prefeitura.sp.gov.br\/#\/schema\/logo\/image\/","url":"http:\/\/54.207.50.161\/wp-content\/uploads\/2019\/10\/logo-gov-ti.png","contentUrl":"http:\/\/54.207.50.161\/wp-content\/uploads\/2019\/10\/logo-gov-ti.png","width":250,"height":215,"caption":"Secretaria Municipal de Inova\u00e7\u00e3o e Tecnologia"},"image":{"@id":"https:\/\/tecnologia.prefeitura.sp.gov.br\/#\/schema\/logo\/image\/"}},{"@type":"Person","@id":"https:\/\/tecnologia.prefeitura.sp.gov.br\/#\/schema\/person\/fe2b05d45295f7fd085dbd4e226438da","name":"Isabelly Aparecida Teles Santos","image":{"@type":"ImageObject","inLanguage":"pt-BR","@id":"https:\/\/tecnologia.prefeitura.sp.gov.br\/#\/schema\/person\/image\/","url":"https:\/\/secure.gravatar.com\/avatar\/881951bbedb45e5254998ac332c5f3f646310b891f77d6de2f5b230adf797173?s=96&d=mm&r=g","contentUrl":"https:\/\/secure.gravatar.com\/avatar\/881951bbedb45e5254998ac332c5f3f646310b891f77d6de2f5b230adf797173?s=96&d=mm&r=g","caption":"Isabelly Aparecida Teles Santos"},"url":"https:\/\/tecnologia.prefeitura.sp.gov.br\/?author=24"}]}},"_links":{"self":[{"href":"https:\/\/tecnologia.prefeitura.sp.gov.br\/index.php?rest_route=\/wp\/v2\/posts\/11463","targetHints":{"allow":["GET"]}}],"collection":[{"href":"https:\/\/tecnologia.prefeitura.sp.gov.br\/index.php?rest_route=\/wp\/v2\/posts"}],"about":[{"href":"https:\/\/tecnologia.prefeitura.sp.gov.br\/index.php?rest_route=\/wp\/v2\/types\/post"}],"author":[{"embeddable":true,"href":"https:\/\/tecnologia.prefeitura.sp.gov.br\/index.php?rest_route=\/wp\/v2\/users\/24"}],"replies":[{"embeddable":true,"href":"https:\/\/tecnologia.prefeitura.sp.gov.br\/index.php?rest_route=%2Fwp%2Fv2%2Fcomments&post=11463"}],"version-history":[{"count":5,"href":"https:\/\/tecnologia.prefeitura.sp.gov.br\/index.php?rest_route=\/wp\/v2\/posts\/11463\/revisions"}],"predecessor-version":[{"id":11469,"href":"https:\/\/tecnologia.prefeitura.sp.gov.br\/index.php?rest_route=\/wp\/v2\/posts\/11463\/revisions\/11469"}],"wp:featuredmedia":[{"embeddable":true,"href":"https:\/\/tecnologia.prefeitura.sp.gov.br\/index.php?rest_route=\/wp\/v2\/media\/11468"}],"wp:attachment":[{"href":"https:\/\/tecnologia.prefeitura.sp.gov.br\/index.php?rest_route=%2Fwp%2Fv2%2Fmedia&parent=11463"}],"wp:term":[{"taxonomy":"category","embeddable":true,"href":"https:\/\/tecnologia.prefeitura.sp.gov.br\/index.php?rest_route=%2Fwp%2Fv2%2Fcategories&post=11463"},{"taxonomy":"post_tag","embeddable":true,"href":"https:\/\/tecnologia.prefeitura.sp.gov.br\/index.php?rest_route=%2Fwp%2Fv2%2Ftags&post=11463"}],"curies":[{"name":"wp","href":"https:\/\/api.w.org\/{rel}","templated":true}]}}