{"id":1439,"date":"2019-04-25T11:40:00","date_gmt":"2019-04-25T14:40:00","guid":{"rendered":"http:\/\/inovacao.prefeitura.sp.gov.br\/wp_govit\/?p=1439"},"modified":"2020-11-30T15:51:04","modified_gmt":"2020-11-30T18:51:04","slug":"10o-forum-de-tecnologia-grupos-de-discussao-sobre-ti-na-prefeitura","status":"publish","type":"post","link":"https:\/\/tecnologia.prefeitura.sp.gov.br\/?p=1439","title":{"rendered":"10\u00ba F\u00f3rum de Tecnologia: Grupos de discuss\u00e3o sobre TI na Prefeitura"},"content":{"rendered":"\t\t<div data-elementor-type=\"wp-post\" data-elementor-id=\"1439\" class=\"elementor elementor-1439\">\n\t\t\t\t\t\t<section class=\"elementor-section elementor-top-section elementor-element elementor-element-cbd211f elementor-section-boxed elementor-section-height-default elementor-section-height-default\" data-id=\"cbd211f\" data-element_type=\"section\" data-e-type=\"section\">\n\t\t\t\t\t\t<div class=\"elementor-container elementor-column-gap-default\">\n\t\t\t\t\t<div class=\"elementor-column elementor-col-100 elementor-top-column elementor-element elementor-element-796017f\" data-id=\"796017f\" data-element_type=\"column\" data-e-type=\"column\">\n\t\t\t<div class=\"elementor-widget-wrap elementor-element-populated\">\n\t\t\t\t\t\t<div class=\"elementor-element elementor-element-84500c6 elementor-widget elementor-widget-text-editor\" data-id=\"84500c6\" data-element_type=\"widget\" data-e-type=\"widget\" data-widget_type=\"text-editor.default\">\n\t\t\t\t<div class=\"elementor-widget-container\">\n\t\t\t\t\t\t\t\t\t<p><strong>Data:<\/strong> 24 e 25\/12\/2019\u00a0<br \/><strong>Local:<\/strong> Mobilab+<\/p><p>Na 10\u00aa edi\u00e7\u00e3o do F\u00f3rum T\u00e9cnico de Tecnologia da Informa\u00e7\u00e3o e Comunica\u00e7\u00e3o testamos um novo formato, com mesas de discuss\u00e3o que viabilizassem maior participa\u00e7\u00e3o de todos e algum encaminhamento pr\u00e1tico. Cada grupo discutiu um tema determinado.<\/p><p>Confira abaixo os diferentes temas e um resumo do debate:<\/p>\t\t\t\t\t\t\t\t<\/div>\n\t\t\t\t<\/div>\n\t\t\t\t\t<\/div>\n\t\t<\/div>\n\t\t\t\t\t<\/div>\n\t\t<\/section>\n\t\t\t\t<section class=\"elementor-section elementor-top-section elementor-element elementor-element-7453e91 elementor-section-boxed elementor-section-height-default elementor-section-height-default\" data-id=\"7453e91\" data-element_type=\"section\" data-e-type=\"section\">\n\t\t\t\t\t\t<div class=\"elementor-container elementor-column-gap-default\">\n\t\t\t\t\t<div class=\"elementor-column elementor-col-100 elementor-top-column elementor-element elementor-element-2351a7a\" data-id=\"2351a7a\" data-element_type=\"column\" data-e-type=\"column\">\n\t\t\t<div class=\"elementor-widget-wrap elementor-element-populated\">\n\t\t\t\t\t\t<div class=\"elementor-element elementor-element-7f0848f elementor-widget elementor-widget-heading\" data-id=\"7f0848f\" data-element_type=\"widget\" data-e-type=\"widget\" data-widget_type=\"heading.default\">\n\t\t\t\t<div class=\"elementor-widget-container\">\n\t\t\t\t\t<h4 class=\"elementor-heading-title elementor-size-default\">Como criar uma Pol\u00edtica de Seguran\u00e7a da Informa\u00e7\u00e3o?<\/h4>\t\t\t\t<\/div>\n\t\t\t\t<\/div>\n\t\t\t\t\t<\/div>\n\t\t<\/div>\n\t\t\t\t\t<\/div>\n\t\t<\/section>\n\t\t\t\t<section class=\"elementor-section elementor-top-section elementor-element elementor-element-acc2bb5 elementor-section-boxed elementor-section-height-default elementor-section-height-default\" data-id=\"acc2bb5\" data-element_type=\"section\" data-e-type=\"section\">\n\t\t\t\t\t\t<div class=\"elementor-container elementor-column-gap-default\">\n\t\t\t\t\t<div class=\"elementor-column elementor-col-100 elementor-top-column elementor-element elementor-element-e873047\" data-id=\"e873047\" data-element_type=\"column\" data-e-type=\"column\">\n\t\t\t<div class=\"elementor-widget-wrap elementor-element-populated\">\n\t\t\t\t\t\t<div class=\"elementor-element elementor-element-d677732 elementor-widget elementor-widget-text-editor\" data-id=\"d677732\" data-element_type=\"widget\" data-e-type=\"widget\" data-widget_type=\"text-editor.default\">\n\t\t\t\t<div class=\"elementor-widget-container\">\n\t\t\t\t\t\t\t\t\t<p>A conversa ocorreu em 3 etapas:<br \/>Primeiro, conversamos sobre o que \u00e9 de fato uma Pol\u00edtica de Seguran\u00e7a da Informa\u00e7\u00e3o. A\u00a0<a href=\"http:\/\/govit.prefeitura.sp.gov.br\/noticias\/novas-orientacoes-tecnicas-sao-aprovadas-pelo-conselho-municipal-de-tecnologia-da-informacao-e-comunicacao\">Orienta\u00e7\u00e3o T\u00e9cnica n\u00ba 013<\/a>\u00a0trata do assunto, mas com diretrizes voltadas \u00e0s \u00e1reas de tecnologia. Uma Pol\u00edtica define princ\u00edpios, diretrizes e responsabilidades para todos os agentes da organiza\u00e7\u00e3o. E, de acordo com os\u00a0<a href=\"http:\/\/govit.prefeitura.sp.gov.br\/diagnostico-de-tic\">Diagn\u00f3sticos de TIC<\/a>, ainda s\u00e3o poucos os \u00f3rg\u00e3os setoriais com uma Pol\u00edtica formal.<\/p><p>Ao discutir se a Pol\u00edtica deveria ser por \u00f3rg\u00e3o ou para toda a Prefeitura, houve consenso nos grupos sobre a import\u00e2ncia de uma Pol\u00edtica de Seguran\u00e7a da Informa\u00e7\u00e3o &#8220;macro&#8221; ou central, que contemplasse toda a Prefeitura, e que cada \u00f3rg\u00e3o a complementasse\/refinasse com um normativo pr\u00f3prio.<\/p><p>Na segunda etapa, apresentei uma minuta de Pol\u00edtica de Seguran\u00e7a da Informa\u00e7\u00e3o contemplando somente um \u00f3rg\u00e3o setorial. Por conta da conclus\u00e3o da etapa anterior, pedi aos participantes que identificassem nas folhas quais itens da minuta deveriam constar em uma Pol\u00edtica Central, e quais deveriam constar na Pol\u00edtica de um \u00f3rg\u00e3o setorial. Os itens da minuta foram em sua maioria criados a partir da OT n\u00ba 013. Estamos consolidando estes dados e em breve atualizaremos este post com minuta e feedback recebido.<\/p><p>Na etapa final, pedimos aos participantes que preenchessem um plano de a\u00e7\u00e3o sobre qual iniciativa poderiam tomar a partir do resultado das discuss\u00f5es.<\/p><p>Links para Pol\u00edticas de Seguran\u00e7a da Informa\u00e7\u00e3o de \u00f3rg\u00e3os setoriais, j\u00e1 publicadas:<br \/><a href=\"http:\/\/legislacao.prefeitura.sp.gov.br\/leis\/portaria-secretaria-municipal-de-financas-e-desenvolvimento-economico-sf-132-de-15-de-junho-de-2016\">Fazenda<\/a><br \/><a href=\"http:\/\/legislacao.prefeitura.sp.gov.br\/leis\/portaria-subprefeitura-de-pirituba-jaragua-sub-pj-75-de-27-de-novembro-de-2018\">Sub-Pirituba\/Jaragu\u00e1<\/a><\/p><p>Mediador: Fernando Barbosa (SMIT\/CGTIC)<\/p>\t\t\t\t\t\t\t\t<\/div>\n\t\t\t\t<\/div>\n\t\t\t\t\t<\/div>\n\t\t<\/div>\n\t\t\t\t\t<\/div>\n\t\t<\/section>\n\t\t\t\t<section class=\"elementor-section elementor-top-section elementor-element elementor-element-ab8c6f2 elementor-section-boxed elementor-section-height-default elementor-section-height-default\" data-id=\"ab8c6f2\" data-element_type=\"section\" data-e-type=\"section\">\n\t\t\t\t\t\t<div class=\"elementor-container elementor-column-gap-default\">\n\t\t\t\t\t<div class=\"elementor-column elementor-col-100 elementor-top-column elementor-element elementor-element-4eac306\" data-id=\"4eac306\" data-element_type=\"column\" data-e-type=\"column\">\n\t\t\t<div class=\"elementor-widget-wrap elementor-element-populated\">\n\t\t\t\t\t\t<div class=\"elementor-element elementor-element-3cb04db elementor-widget elementor-widget-heading\" data-id=\"3cb04db\" data-element_type=\"widget\" data-e-type=\"widget\" data-widget_type=\"heading.default\">\n\t\t\t\t<div class=\"elementor-widget-container\">\n\t\t\t\t\t<h4 class=\"elementor-heading-title elementor-size-default\">Qual a melhor forma de Gerenciar Licen\u00e7as de Software?<\/h4>\t\t\t\t<\/div>\n\t\t\t\t<\/div>\n\t\t\t\t\t<\/div>\n\t\t<\/div>\n\t\t\t\t\t<\/div>\n\t\t<\/section>\n\t\t\t\t<section class=\"elementor-section elementor-top-section elementor-element elementor-element-324cca8 elementor-section-boxed elementor-section-height-default elementor-section-height-default\" data-id=\"324cca8\" data-element_type=\"section\" data-e-type=\"section\">\n\t\t\t\t\t\t<div class=\"elementor-container elementor-column-gap-default\">\n\t\t\t\t\t<div class=\"elementor-column elementor-col-100 elementor-top-column elementor-element elementor-element-b887676\" data-id=\"b887676\" data-element_type=\"column\" data-e-type=\"column\">\n\t\t\t<div class=\"elementor-widget-wrap elementor-element-populated\">\n\t\t\t\t\t\t<div class=\"elementor-element elementor-element-e36c44d elementor-widget elementor-widget-text-editor\" data-id=\"e36c44d\" data-element_type=\"widget\" data-e-type=\"widget\" data-widget_type=\"text-editor.default\">\n\t\t\t\t<div class=\"elementor-widget-container\">\n\t\t\t\t\t\t\t\t\t<p>A conversa ocorreu em 3 etapas:<br \/>Inicialmente, conversamos sobre tipos de licen\u00e7as de software e sobre qual \u00e9 o cen\u00e1rio atual dos setoriais na maneira de fazer a Gest\u00e3o de Licen\u00e7as. A\u00a0<a href=\"http:\/\/govit.prefeitura.sp.gov.br\/repdocs\/orientacoes-tecnicas-de-t-i-c\/004-inventario-de-ativos-e-licencas-de-software.pdf\">Orienta\u00e7\u00e3o T\u00e9cnica 004 \u2013 Invent\u00e1rio de Ativos e Licen\u00e7as de Software<\/a>\u00a0estabelece diversas diretrizes t\u00e9cnicas,gerais e espec\u00edficas,para os \u00d3rg\u00e3os Setoriais da Prefeitura do Munic\u00edpio de S\u00e3o Paulo no tocante \u00e0 gest\u00e3o de invent\u00e1rio de ativos de TI, incluindo licen\u00e7as de Software.<\/p><p><strong>Cen\u00e1rio atual:<\/strong><\/p><ul><li>Muitos setoriais n\u00e3o fazem a gest\u00e3o de suas licen\u00e7as;<\/li><li>Os que fazem, o controle geralmente \u00e9 manual, feito em planilhas e em alguns setoriais com alguma automa\u00e7\u00e3o e h\u00e1 ainda os que locam equipamentos, tendo a gest\u00e3o de licen\u00e7a realizada pelo fornecedor;<\/li><li>Nas Subprefeituras, geralmente uma pessoa \u00e9 respons\u00e1vel por todas as tarefas, incluindo a Gest\u00e3o de Licen\u00e7as;<\/li><li>Devido a quest\u00e3o de \u201cLegados\u201d, h\u00e1 dificuldade em controlar prazos de vencimento, ou mesmo controlar o uso de software n\u00e3o licenciados. Muitas m\u00e1quinas possuem softwares nessa categoria;<\/li><li>Muitos usu\u00e1rios com privil\u00e9gios de administrador instalam por conta pr\u00f3pria softwares n\u00e3o licenciados crackeados em suas esta\u00e7\u00f5es de trabalho.<\/li><\/ul><p>Na segunda etapa, conversamos sobre as melhores pr\u00e1ticas e ferramentas para fazer uma Gest\u00e3o de Licen\u00e7as adequada e eficaz e criamos proposta para melhorar a Gest\u00e3o de Licen\u00e7as de software nos setoriais.<\/p><p><strong>Proposta:<\/strong><br \/>* Automa\u00e7\u00e3o da Gest\u00e3o de Licen\u00e7as por meio de Ferramenta Open Source (GLPI);<\/p><p>Na etapa final, pedimos aos participantes que preenchessem um plano de a\u00e7\u00e3o sobre qual iniciativa poderiam tomar a partir do resultado das discuss\u00f5es.<\/p><p><strong>Plano de A\u00e7\u00e3o:<\/strong><br \/>* Elaborar Cat\u00e1logo de Servi\u00e7os;<br \/>* Definir adequadamente os perfis de usu\u00e1rios;<br \/>* Criar o Portif\u00f3lio de Sistemas;<br \/>* Elaborar e colocar em pr\u00e1tica um plano de Gest\u00e3o de Licen\u00e7as que contemple a aquisi\u00e7\u00e3o, upgrades e prazos de expira\u00e7\u00f5es e cronograma de a\u00e7\u00f5es e responsabilidades bem definidas;<br \/>* Estabelecer parceria com o \u00f3rg\u00e3o central para a utiliza\u00e7\u00e3o do CITI (GLPI);<\/p><p>Mediador: Ricardo Olivatto (SMIT\/CGTIC)<\/p>\t\t\t\t\t\t\t\t<\/div>\n\t\t\t\t<\/div>\n\t\t\t\t\t<\/div>\n\t\t<\/div>\n\t\t\t\t\t<\/div>\n\t\t<\/section>\n\t\t\t\t<section class=\"elementor-section elementor-top-section elementor-element elementor-element-df8ed10 elementor-section-boxed elementor-section-height-default elementor-section-height-default\" data-id=\"df8ed10\" data-element_type=\"section\" data-e-type=\"section\">\n\t\t\t\t\t\t<div class=\"elementor-container elementor-column-gap-default\">\n\t\t\t\t\t<div class=\"elementor-column elementor-col-100 elementor-top-column elementor-element elementor-element-c1dd45f\" data-id=\"c1dd45f\" data-element_type=\"column\" data-e-type=\"column\">\n\t\t\t<div class=\"elementor-widget-wrap elementor-element-populated\">\n\t\t\t\t\t\t<div class=\"elementor-element elementor-element-5b1ad88 elementor-widget elementor-widget-heading\" data-id=\"5b1ad88\" data-element_type=\"widget\" data-e-type=\"widget\" data-widget_type=\"heading.default\">\n\t\t\t\t<div class=\"elementor-widget-container\">\n\t\t\t\t\t<h4 class=\"elementor-heading-title elementor-size-default\">Como aumentar a integra\u00e7\u00e3o de dados na PMSP?<\/h4>\t\t\t\t<\/div>\n\t\t\t\t<\/div>\n\t\t\t\t\t<\/div>\n\t\t<\/div>\n\t\t\t\t\t<\/div>\n\t\t<\/section>\n\t\t\t\t<section class=\"elementor-section elementor-top-section elementor-element elementor-element-2b9a476 elementor-section-boxed elementor-section-height-default elementor-section-height-default\" data-id=\"2b9a476\" data-element_type=\"section\" data-e-type=\"section\">\n\t\t\t\t\t\t<div class=\"elementor-container elementor-column-gap-default\">\n\t\t\t\t\t<div class=\"elementor-column elementor-col-100 elementor-top-column elementor-element elementor-element-870a13e\" data-id=\"870a13e\" data-element_type=\"column\" data-e-type=\"column\">\n\t\t\t<div class=\"elementor-widget-wrap elementor-element-populated\">\n\t\t\t\t\t\t<div class=\"elementor-element elementor-element-f8991aa elementor-widget elementor-widget-text-editor\" data-id=\"f8991aa\" data-element_type=\"widget\" data-e-type=\"widget\" data-widget_type=\"text-editor.default\">\n\t\t\t\t<div class=\"elementor-widget-container\">\n\t\t\t\t\t\t\t\t\t<p>A conversa ocorreu em 3 etapas:<br \/>Inicialmente, conversamos sobre a estrutura organizacional e a realidade dos \u00d3rg\u00e3os Setoriais em rela\u00e7\u00e3o a an\u00e1lise de dados e produ\u00e7\u00e3o de relat\u00f3rios. No geral, revelaram-se dois tipos de realidade: em secretarias maiores, que possuem maior necessidade de informa\u00e7\u00e3o, possuem um ou mais setores espec\u00edficos para a produ\u00e7\u00e3o de informa\u00e7\u00f5es e relat\u00f3rios, eventualmente necessitando do aux\u00edlio do setor de gest\u00e3o de TI; j\u00e1 em setoriais menores, as informa\u00e7\u00f5es geralmente dependem de relat\u00f3rios disponibilizados internamente nos sistemas utilizados e n\u00e3o existe um conhecimento pleno das bases de dados dispon\u00edveis e seu conte\u00fado. Uma realidade comum aos dois cen\u00e1rios \u00e9 a falta ou dificuldade de integra\u00e7\u00e3o com dados de outros \u00f3rg\u00e3os, com a decis\u00e3o do compartilhamento de informa\u00e7\u00e3o dependendo fortemente da inclina\u00e7\u00e3o pol\u00edtica (principalmente no tocante a abertura de dados) dos respons\u00e1veis pelas pastas.<\/p><p>A partir da segunda etapa do evento a discuss\u00e3o tomou formas bem diferentes nos dois dias:<\/p><p>No primeiro dia, as propostas surgiram com o intuito de aumentar a integra\u00e7\u00e3o de dados entre \u00f3rg\u00e3os diferentes. Para isto, a percep\u00e7\u00e3o dos participantes era da necessidade de uma pol\u00edtica transversal que aborde integra\u00e7\u00e3o de dados entre os \u00f3rg\u00e3os setoriais e defina o compartilhamento interno de dados como padr\u00e3o e exigindo justificativa t\u00e9cnica quando a decis\u00e3o seja contr\u00e1ria a esse padr\u00e3o.<br \/>Como consequ\u00eancia, dado o escopo da proposta, n\u00e3o houve confec\u00e7\u00e3o de planos individuais nesse dia. Em lugar disso, houve um detalhamento da proposta, tentando identificar os passos necess\u00e1rios e os principais envolvidos para que uma pol\u00edtica desse tipo fosse concebida e publicada.<\/p><p>J\u00e1 no segundo dia, o maior foco das propostas foi a integra\u00e7\u00e3o de dados dentro do pr\u00f3prio \u00f3rg\u00e3o. Neste sentido, identificou-se a necessidade de um invent\u00e1rio de bases de dados &#8212; que contenha n\u00e3o apenas o t\u00edtulo e sistema de gerenciamento da base, mas detalhes sobre a sua estrutura e conte\u00fado &#8212; e invent\u00e1rios de sistemas, para tornar poss\u00edvel a realiza\u00e7\u00e3o de um planejamento que vise a integra\u00e7\u00e3o de dados entre os diferentes sistemas.<br \/>Em seguida, cada integrante detalhou um plano individual de a\u00e7\u00e3o, com descri\u00e7\u00e3o de alguns passos necess\u00e1rios, atores necess\u00e1rios e a\u00e7\u00f5es da CGTIC que poderiam auxiliar na realiza\u00e7\u00e3o desse plano.<\/p><p>Como prometido na mesa do f\u00f3rum, aqui est\u00e1 o link para os materiais utilizados no dia:<br \/>Governan\u00e7a de Dados na era da informa\u00e7\u00e3o by Jefte Barboza\u00a0<a href=\"https:\/\/link.medium.com\/WwiwAmZ4TW\" rel=\"nofollow noopener\">https:\/\/link.medium.com\/WwiwAmZ4TW<\/a><\/p><p>Mediador: Bruno Azuma Balzano (SMIT\/CGTIC)<\/p>\t\t\t\t\t\t\t\t<\/div>\n\t\t\t\t<\/div>\n\t\t\t\t\t<\/div>\n\t\t<\/div>\n\t\t\t\t\t<\/div>\n\t\t<\/section>\n\t\t\t\t<section class=\"elementor-section elementor-top-section elementor-element elementor-element-9afcd5c elementor-section-boxed elementor-section-height-default elementor-section-height-default\" data-id=\"9afcd5c\" data-element_type=\"section\" data-e-type=\"section\">\n\t\t\t\t\t\t<div class=\"elementor-container elementor-column-gap-default\">\n\t\t\t\t\t<div class=\"elementor-column elementor-col-100 elementor-top-column elementor-element elementor-element-4f3cc25\" data-id=\"4f3cc25\" data-element_type=\"column\" data-e-type=\"column\">\n\t\t\t<div class=\"elementor-widget-wrap elementor-element-populated\">\n\t\t\t\t\t\t<div class=\"elementor-element elementor-element-990fa29 elementor-widget elementor-widget-heading\" data-id=\"990fa29\" data-element_type=\"widget\" data-e-type=\"widget\" data-widget_type=\"heading.default\">\n\t\t\t\t<div class=\"elementor-widget-container\">\n\t\t\t\t\t<h4 class=\"elementor-heading-title elementor-size-default\">Como contratar um link adequado<\/h4>\t\t\t\t<\/div>\n\t\t\t\t<\/div>\n\t\t\t\t\t<\/div>\n\t\t<\/div>\n\t\t\t\t\t<\/div>\n\t\t<\/section>\n\t\t\t\t<section class=\"elementor-section elementor-top-section elementor-element elementor-element-77bb234 elementor-section-boxed elementor-section-height-default elementor-section-height-default\" data-id=\"77bb234\" data-element_type=\"section\" data-e-type=\"section\">\n\t\t\t\t\t\t<div class=\"elementor-container elementor-column-gap-default\">\n\t\t\t\t\t<div class=\"elementor-column elementor-col-100 elementor-top-column elementor-element elementor-element-95b9c2f\" data-id=\"95b9c2f\" data-element_type=\"column\" data-e-type=\"column\">\n\t\t\t<div class=\"elementor-widget-wrap elementor-element-populated\">\n\t\t\t\t\t\t<div class=\"elementor-element elementor-element-ca08d05 elementor-widget elementor-widget-text-editor\" data-id=\"ca08d05\" data-element_type=\"widget\" data-e-type=\"widget\" data-widget_type=\"text-editor.default\">\n\t\t\t\t<div class=\"elementor-widget-container\">\n\t\t\t\t\t\t\t\t\t<p>A conversa ocorreu em 3 etapas:<br \/>Inicialmente, conversamos sobre tipos de contratos utilizados pelas \u00e1reas dos participantes e elencamos os principais problemas:<\/p><p>\u2022 Interconex\u00e3o entre redes com utiliza\u00e7\u00e3o da VPN, causando instabilidade e indisponibilidade.<br \/>\u2022 Lentid\u00e3o na rede, principalmente quando h\u00e1 atualiza\u00e7\u00f5es do Windows ou pacote Office.<br \/>\u2022 Falta de informa\u00e7\u00f5es de servi\u00e7os executados com a PRODAM, pois as \u00e1reas alegam que n\u00e3o conseguem identificar de forma clara se os servi\u00e7os pagos com rela\u00e7\u00e3o \u00e0 conectividade de rede foram realizados.<br \/>\u2022 Falta de transpar\u00eancia no processo de gerenciamento (comunica\u00e7\u00e3o), pois em diversas situa\u00e7\u00f5es que os \u00f3rg\u00e3os setoriais passavam por problema de link com a PRODAM foi dif\u00edcil conseguir informa\u00e7\u00f5es sobre o problema e prazo para solu\u00e7\u00e3o.<\/p><p>Na segunda etapa, conversamos sobre propostas para solucionar os problemas elencados levando em considera\u00e7\u00e3o que cada \u00e1rea de TIC tem um problema distinto, mas receberam propostas das outras \u00e1reas que j\u00e1 passaram por situa\u00e7\u00f5es semelhantes. As propostas foram:<\/p><p>\u2022 Contrata\u00e7\u00e3o direta de links de conectividade prevendo que em alguns casos \u00e9 necess\u00e1rio interconectar com a rede PRODAM e \u00e9 necess\u00e1rio equiparar as duas infraestruturas existentes para n\u00e3o causar impacto negativo na conex\u00e3o;<br \/>\u2022 Os representantes das \u00e1reas de TIC relataram que os casos de lentid\u00e3o ocorrem principalmente \u00e0s segundas-feiras e os demais informaram que possivelmente a rede fica congestionada com atualiza\u00e7\u00f5es do Windows ou pacote Office. As propostas para esse problema foram configurar um pequeno servidor localmente na \u00e1rea e alterar a pol\u00edtica de atualiza\u00e7\u00e3o do Windows para buscar a atualiza\u00e7\u00e3o neste servidor. Dessa maneira o uso da banda externa ser\u00e1 reduzido ou configurar os desktops para ligar em hor\u00e1rio de baixo uso da rede &#8211; noite ou madrugada &#8211; e buscar as atualiza\u00e7\u00f5es.<br \/>\u2022 Consultar o gerente de relacionamento da PRODAM exigindo um procedimento padronizado para solicita\u00e7\u00e3o, acompanhamento e execu\u00e7\u00e3o de servi\u00e7os.<br \/>\u2022 No momento da elabora\u00e7\u00e3o de termo de refer\u00eancia ou contrata\u00e7\u00e3o atentar \u00e0s recomenda\u00e7\u00f5es das Orienta\u00e7\u00f5es T\u00e9cnicas\u00a0<a href=\"http:\/\/govit.prefeitura.sp.gov.br\/repdocs\/orientacoes-tecnicas-de-t-i-c\/006-links-adequados-de-conectividade-internet.pdf\/view\">006 \u2013 Dos links de conectividade internet<\/a>\u00a0e\u00a0<a href=\"http:\/\/govit.prefeitura.sp.gov.br\/repdocs\/orientacoes-tecnicas-de-t-i-c\/002-interconectividade-de-redes.pdf\/view\">002 \u2013 Da interconectividade de redes<\/a>\u00a0(quando houver). Pois diversos problemas apresentados na discuss\u00e3o podem ser solucionados seguindo as orienta\u00e7\u00f5es.<\/p><p>Na etapa final, pedimos aos participantes que preenchessem um plano de a\u00e7\u00e3o sobre qual iniciativa poderiam tomar a ap\u00f3s as discuss\u00f5es para solucionarem os problemas das suas \u00e1reas.<\/p><p>Mediador: Rafael Neves (SMIT\/CGTIC)<\/p>\t\t\t\t\t\t\t\t<\/div>\n\t\t\t\t<\/div>\n\t\t\t\t\t<\/div>\n\t\t<\/div>\n\t\t\t\t\t<\/div>\n\t\t<\/section>\n\t\t\t\t<section class=\"elementor-section elementor-top-section elementor-element elementor-element-2bea40e elementor-section-boxed elementor-section-height-default elementor-section-height-default\" data-id=\"2bea40e\" data-element_type=\"section\" data-e-type=\"section\">\n\t\t\t\t\t\t<div class=\"elementor-container elementor-column-gap-default\">\n\t\t\t\t\t<div class=\"elementor-column elementor-col-100 elementor-top-column elementor-element elementor-element-192a85f\" data-id=\"192a85f\" data-element_type=\"column\" data-e-type=\"column\">\n\t\t\t<div class=\"elementor-widget-wrap elementor-element-populated\">\n\t\t\t\t\t\t<div class=\"elementor-element elementor-element-b9030b1 elementor-widget elementor-widget-heading\" data-id=\"b9030b1\" data-element_type=\"widget\" data-e-type=\"widget\" data-widget_type=\"heading.default\">\n\t\t\t\t<div class=\"elementor-widget-container\">\n\t\t\t\t\t<h4 class=\"elementor-heading-title elementor-size-default\">Como participar da elabora\u00e7\u00e3o do or\u00e7amento?<\/h4>\t\t\t\t<\/div>\n\t\t\t\t<\/div>\n\t\t\t\t\t<\/div>\n\t\t<\/div>\n\t\t\t\t\t<\/div>\n\t\t<\/section>\n\t\t\t\t<section class=\"elementor-section elementor-top-section elementor-element elementor-element-850a7a4 elementor-section-boxed elementor-section-height-default elementor-section-height-default\" data-id=\"850a7a4\" data-element_type=\"section\" data-e-type=\"section\">\n\t\t\t\t\t\t<div class=\"elementor-container elementor-column-gap-default\">\n\t\t\t\t\t<div class=\"elementor-column elementor-col-100 elementor-top-column elementor-element elementor-element-dd320dc\" data-id=\"dd320dc\" data-element_type=\"column\" data-e-type=\"column\">\n\t\t\t<div class=\"elementor-widget-wrap elementor-element-populated\">\n\t\t\t\t\t\t<div class=\"elementor-element elementor-element-29f2f4e elementor-widget elementor-widget-text-editor\" data-id=\"29f2f4e\" data-element_type=\"widget\" data-e-type=\"widget\" data-widget_type=\"text-editor.default\">\n\t\t\t\t<div class=\"elementor-widget-container\">\n\t\t\t\t\t\t\t\t\t<p>A discuss\u00e3o abordou o planejamento or\u00e7ament\u00e1rio para a Proposta da Lei Or\u00e7ament\u00e1ria Anual e a fundamenta\u00e7\u00e3o jur\u00eddica para a composi\u00e7\u00e3o dos grupos de planejamento. Al\u00e9m disso, foi apresentada a planilha divulgada no portal da Secretaria da Fazenda, por meio da qual os \u00d3rg\u00e3os Setoriais podem acompanhar a execu\u00e7\u00e3o or\u00e7ament\u00e1ria do corrente exerc\u00edcio.<\/p><p><strong>Propostas:<\/strong><\/p><p>Como conclus\u00e3o dos trabalhos foi proposta a sugest\u00e3o de inclus\u00e3o da profissionais de TI no grupo de planejamento or\u00e7ament\u00e1rio e a capacita\u00e7\u00e3o em or\u00e7amento p\u00fablico.<\/p><p>Clique no link para baixar a apresenta\u00e7\u00e3o realizada no grupo de trabalho:\u00a0<a class=\"attachment\" href=\"http:\/\/forum.govit.prefeitura.sp.gov.br\/uploads\/default\/original\/1X\/6dc46c6272702eea9c64f0984883af5a4d0475d2.pdf\">SOF_apresenta\u00e7\u00e3o_XFTTIC.pdf<\/a>\u00a0(1,4 MB)<\/p>\t\t\t\t\t\t\t\t<\/div>\n\t\t\t\t<\/div>\n\t\t\t\t\t<\/div>\n\t\t<\/div>\n\t\t\t\t\t<\/div>\n\t\t<\/section>\n\t\t\t\t<section class=\"elementor-section elementor-top-section elementor-element elementor-element-2cc77d8 elementor-section-boxed elementor-section-height-default elementor-section-height-default\" data-id=\"2cc77d8\" data-element_type=\"section\" data-e-type=\"section\">\n\t\t\t\t\t\t<div class=\"elementor-container elementor-column-gap-default\">\n\t\t\t\t\t<div class=\"elementor-column elementor-col-100 elementor-top-column elementor-element elementor-element-744a3be\" data-id=\"744a3be\" data-element_type=\"column\" data-e-type=\"column\">\n\t\t\t<div class=\"elementor-widget-wrap\">\n\t\t\t\t\t\t\t<\/div>\n\t\t<\/div>\n\t\t\t\t\t<\/div>\n\t\t<\/section>\n\t\t\t\t<\/div>\n\t\t","protected":false},"excerpt":{"rendered":"<p>Data: 24 e 25\/12\/2019&nbsp; Local: Mobilab+ Na 10\u00aa edi\u00e7\u00e3o do F\u00f3rum T\u00e9cnico de Tecnologia da Informa\u00e7\u00e3o e Comunica\u00e7\u00e3o testamos um novo formato, com mesas de discuss\u00e3o que viabilizassem maior participa\u00e7\u00e3o de todos e algum encaminhamento pr\u00e1tico. Cada grupo discutiu um tema determinado. Confira abaixo os diferentes temas e um resumo do debate: Como criar uma [&hellip;]<\/p>\n","protected":false},"author":2,"featured_media":1543,"comment_status":"open","ping_status":"open","sticky":false,"template":"","format":"standard","meta":{"_monsterinsights_skip_tracking":false,"_monsterinsights_sitenote_active":false,"_monsterinsights_sitenote_note":"","_monsterinsights_sitenote_category":0,"site-sidebar-layout":"default","site-content-layout":"","ast-site-content-layout":"","site-content-style":"default","site-sidebar-style":"default","ast-global-header-display":"","ast-banner-title-visibility":"","ast-main-header-display":"","ast-hfb-above-header-display":"","ast-hfb-below-header-display":"","ast-hfb-mobile-header-display":"","site-post-title":"","ast-breadcrumbs-content":"","ast-featured-img":"","footer-sml-layout":"","theme-transparent-header-meta":"","adv-header-id-meta":"","stick-header-meta":"","header-above-stick-meta":"","header-main-stick-meta":"","header-below-stick-meta":"","astra-migrate-meta-layouts":"default","ast-page-background-enabled":"default","ast-page-background-meta":{"desktop":{"background-color":"var(--ast-global-color-5)","background-image":"","background-repeat":"repeat","background-position":"center center","background-size":"auto","background-attachment":"scroll","background-type":"","background-media":"","overlay-type":"","overlay-color":"","overlay-opacity":"","overlay-gradient":""},"tablet":{"background-color":"","background-image":"","background-repeat":"repeat","background-position":"center center","background-size":"auto","background-attachment":"scroll","background-type":"","background-media":"","overlay-type":"","overlay-color":"","overlay-opacity":"","overlay-gradient":""},"mobile":{"background-color":"","background-image":"","background-repeat":"repeat","background-position":"center center","background-size":"auto","background-attachment":"scroll","background-type":"","background-media":"","overlay-type":"","overlay-color":"","overlay-opacity":"","overlay-gradient":""}},"ast-content-background-meta":{"desktop":{"background-color":"var(--ast-global-color-4)","background-image":"","background-repeat":"repeat","background-position":"center center","background-size":"auto","background-attachment":"scroll","background-type":"","background-media":"","overlay-type":"","overlay-color":"","overlay-opacity":"","overlay-gradient":""},"tablet":{"background-color":"var(--ast-global-color-4)","background-image":"","background-repeat":"repeat","background-position":"center center","background-size":"auto","background-attachment":"scroll","background-type":"","background-media":"","overlay-type":"","overlay-color":"","overlay-opacity":"","overlay-gradient":""},"mobile":{"background-color":"var(--ast-global-color-4)","background-image":"","background-repeat":"repeat","background-position":"center center","background-size":"auto","background-attachment":"scroll","background-type":"","background-media":"","overlay-type":"","overlay-color":"","overlay-opacity":"","overlay-gradient":""}},"footnotes":""},"categories":[13],"tags":[],"class_list":["post-1439","post","type-post","status-publish","format-standard","has-post-thumbnail","hentry","category-fttic"],"yoast_head":"<!-- This site is optimized with the Yoast SEO plugin v27.0 - https:\/\/yoast.com\/product\/yoast-seo-wordpress\/ -->\n<title>10\u00ba F\u00f3rum de Tecnologia: Grupos de discuss\u00e3o sobre TI na Prefeitura &#8211;<\/title>\n<meta name=\"robots\" content=\"index, follow, max-snippet:-1, max-image-preview:large, max-video-preview:-1\" \/>\n<link rel=\"canonical\" href=\"https:\/\/tecnologia.prefeitura.sp.gov.br\/?p=1439\" \/>\n<meta property=\"og:locale\" content=\"pt_BR\" \/>\n<meta property=\"og:type\" content=\"article\" \/>\n<meta property=\"og:title\" content=\"10\u00ba F\u00f3rum de Tecnologia: Grupos de discuss\u00e3o sobre TI na Prefeitura &#8211;\" \/>\n<meta property=\"og:description\" content=\"Data: 24 e 25\/12\/2019&nbsp; Local: Mobilab+ Na 10\u00aa edi\u00e7\u00e3o do F\u00f3rum T\u00e9cnico de Tecnologia da Informa\u00e7\u00e3o e Comunica\u00e7\u00e3o testamos um novo formato, com mesas de discuss\u00e3o que viabilizassem maior participa\u00e7\u00e3o de todos e algum encaminhamento pr\u00e1tico. Cada grupo discutiu um tema determinado. Confira abaixo os diferentes temas e um resumo do debate: Como criar uma [&hellip;]\" \/>\n<meta property=\"og:url\" content=\"https:\/\/tecnologia.prefeitura.sp.gov.br\/?p=1439\" \/>\n<meta property=\"article:published_time\" content=\"2019-04-25T14:40:00+00:00\" \/>\n<meta property=\"article:modified_time\" content=\"2020-11-30T18:51:04+00:00\" \/>\n<meta property=\"og:image\" content=\"https:\/\/tecnologia.prefeitura.sp.gov.br\/wp-content\/uploads\/2020\/02\/102.png\" \/>\n\t<meta property=\"og:image:width\" content=\"600\" \/>\n\t<meta property=\"og:image:height\" content=\"600\" \/>\n\t<meta property=\"og:image:type\" content=\"image\/png\" \/>\n<meta name=\"author\" content=\"Beatriz Kotsubo\" \/>\n<meta name=\"twitter:card\" content=\"summary_large_image\" \/>\n<meta name=\"twitter:label1\" content=\"Escrito por\" \/>\n\t<meta name=\"twitter:data1\" content=\"Beatriz Kotsubo\" \/>\n\t<meta name=\"twitter:label2\" content=\"Est. tempo de leitura\" \/>\n\t<meta name=\"twitter:data2\" content=\"9 minutos\" \/>\n<script type=\"application\/ld+json\" class=\"yoast-schema-graph\">{\"@context\":\"https:\/\/schema.org\",\"@graph\":[{\"@type\":\"Article\",\"@id\":\"https:\/\/tecnologia.prefeitura.sp.gov.br\/?p=1439#article\",\"isPartOf\":{\"@id\":\"https:\/\/tecnologia.prefeitura.sp.gov.br\/?p=1439\"},\"author\":{\"name\":\"Beatriz Kotsubo\",\"@id\":\"https:\/\/tecnologia.prefeitura.sp.gov.br\/#\/schema\/person\/dd7ff40578be8628bf44293023b42435\"},\"headline\":\"10\u00ba F\u00f3rum de Tecnologia: Grupos de discuss\u00e3o sobre TI na Prefeitura\",\"datePublished\":\"2019-04-25T14:40:00+00:00\",\"dateModified\":\"2020-11-30T18:51:04+00:00\",\"mainEntityOfPage\":{\"@id\":\"https:\/\/tecnologia.prefeitura.sp.gov.br\/?p=1439\"},\"wordCount\":1736,\"commentCount\":0,\"publisher\":{\"@id\":\"https:\/\/tecnologia.prefeitura.sp.gov.br\/#organization\"},\"image\":{\"@id\":\"https:\/\/tecnologia.prefeitura.sp.gov.br\/?p=1439#primaryimage\"},\"thumbnailUrl\":\"https:\/\/tecnologia.prefeitura.sp.gov.br\/wp-content\/uploads\/2020\/02\/102.png\",\"articleSection\":[\"F\u00f3rum de Tecnologia\"],\"inLanguage\":\"pt-BR\",\"potentialAction\":[{\"@type\":\"CommentAction\",\"name\":\"Comment\",\"target\":[\"https:\/\/tecnologia.prefeitura.sp.gov.br\/?p=1439#respond\"]}]},{\"@type\":\"WebPage\",\"@id\":\"https:\/\/tecnologia.prefeitura.sp.gov.br\/?p=1439\",\"url\":\"https:\/\/tecnologia.prefeitura.sp.gov.br\/?p=1439\",\"name\":\"10\u00ba F\u00f3rum de Tecnologia: Grupos de discuss\u00e3o sobre TI na Prefeitura &#8211;\",\"isPartOf\":{\"@id\":\"https:\/\/tecnologia.prefeitura.sp.gov.br\/#website\"},\"primaryImageOfPage\":{\"@id\":\"https:\/\/tecnologia.prefeitura.sp.gov.br\/?p=1439#primaryimage\"},\"image\":{\"@id\":\"https:\/\/tecnologia.prefeitura.sp.gov.br\/?p=1439#primaryimage\"},\"thumbnailUrl\":\"https:\/\/tecnologia.prefeitura.sp.gov.br\/wp-content\/uploads\/2020\/02\/102.png\",\"datePublished\":\"2019-04-25T14:40:00+00:00\",\"dateModified\":\"2020-11-30T18:51:04+00:00\",\"breadcrumb\":{\"@id\":\"https:\/\/tecnologia.prefeitura.sp.gov.br\/?p=1439#breadcrumb\"},\"inLanguage\":\"pt-BR\",\"potentialAction\":[{\"@type\":\"ReadAction\",\"target\":[\"https:\/\/tecnologia.prefeitura.sp.gov.br\/?p=1439\"]}]},{\"@type\":\"ImageObject\",\"inLanguage\":\"pt-BR\",\"@id\":\"https:\/\/tecnologia.prefeitura.sp.gov.br\/?p=1439#primaryimage\",\"url\":\"https:\/\/tecnologia.prefeitura.sp.gov.br\/wp-content\/uploads\/2020\/02\/102.png\",\"contentUrl\":\"https:\/\/tecnologia.prefeitura.sp.gov.br\/wp-content\/uploads\/2020\/02\/102.png\",\"width\":600,\"height\":600},{\"@type\":\"BreadcrumbList\",\"@id\":\"https:\/\/tecnologia.prefeitura.sp.gov.br\/?p=1439#breadcrumb\",\"itemListElement\":[{\"@type\":\"ListItem\",\"position\":1,\"name\":\"In\u00edcio\",\"item\":\"https:\/\/tecnologia.prefeitura.sp.gov.br\/\"},{\"@type\":\"ListItem\",\"position\":2,\"name\":\"10\u00ba F\u00f3rum de Tecnologia: Grupos de discuss\u00e3o sobre TI na Prefeitura\"}]},{\"@type\":\"WebSite\",\"@id\":\"https:\/\/tecnologia.prefeitura.sp.gov.br\/#website\",\"url\":\"https:\/\/tecnologia.prefeitura.sp.gov.br\/\",\"name\":\"Tecnologia cidade de S\u00e3o Paulo\",\"description\":\"Este portal foi criado com o intuito de divulgar diretrizes, boas pr\u00e1ticas e casos de sucesso no uso de tecnologia na Prefeitura da cidade de S\u00e3o Paulo. Seu p\u00fablico prim\u00e1rio s\u00e3o os servidores e servidoras p\u00fablicos, para que tenhamos mais pessoas entendendo de tecnologia para resolver problemas de pessoas.\",\"publisher\":{\"@id\":\"https:\/\/tecnologia.prefeitura.sp.gov.br\/#organization\"},\"potentialAction\":[{\"@type\":\"SearchAction\",\"target\":{\"@type\":\"EntryPoint\",\"urlTemplate\":\"https:\/\/tecnologia.prefeitura.sp.gov.br\/?s={search_term_string}\"},\"query-input\":{\"@type\":\"PropertyValueSpecification\",\"valueRequired\":true,\"valueName\":\"search_term_string\"}}],\"inLanguage\":\"pt-BR\"},{\"@type\":\"Organization\",\"@id\":\"https:\/\/tecnologia.prefeitura.sp.gov.br\/#organization\",\"name\":\"Secretaria Municipal de Inova\u00e7\u00e3o e Tecnologia\",\"url\":\"https:\/\/tecnologia.prefeitura.sp.gov.br\/\",\"logo\":{\"@type\":\"ImageObject\",\"inLanguage\":\"pt-BR\",\"@id\":\"https:\/\/tecnologia.prefeitura.sp.gov.br\/#\/schema\/logo\/image\/\",\"url\":\"http:\/\/54.207.50.161\/wp-content\/uploads\/2019\/10\/logo-gov-ti.png\",\"contentUrl\":\"http:\/\/54.207.50.161\/wp-content\/uploads\/2019\/10\/logo-gov-ti.png\",\"width\":250,\"height\":215,\"caption\":\"Secretaria Municipal de Inova\u00e7\u00e3o e Tecnologia\"},\"image\":{\"@id\":\"https:\/\/tecnologia.prefeitura.sp.gov.br\/#\/schema\/logo\/image\/\"}},{\"@type\":\"Person\",\"@id\":\"https:\/\/tecnologia.prefeitura.sp.gov.br\/#\/schema\/person\/dd7ff40578be8628bf44293023b42435\",\"name\":\"Beatriz Kotsubo\",\"image\":{\"@type\":\"ImageObject\",\"inLanguage\":\"pt-BR\",\"@id\":\"https:\/\/tecnologia.prefeitura.sp.gov.br\/#\/schema\/person\/image\/\",\"url\":\"https:\/\/secure.gravatar.com\/avatar\/efe564cf9a7b808f2bf28ef0d88e8bde43eba094361367d5b1204dc00aecf60f?s=96&d=mm&r=g\",\"contentUrl\":\"https:\/\/secure.gravatar.com\/avatar\/efe564cf9a7b808f2bf28ef0d88e8bde43eba094361367d5b1204dc00aecf60f?s=96&d=mm&r=g\",\"caption\":\"Beatriz Kotsubo\"},\"url\":\"https:\/\/tecnologia.prefeitura.sp.gov.br\/?author=2\"}]}<\/script>\n<!-- \/ Yoast SEO plugin. -->","yoast_head_json":{"title":"10\u00ba F\u00f3rum de Tecnologia: Grupos de discuss\u00e3o sobre TI na Prefeitura &#8211;","robots":{"index":"index","follow":"follow","max-snippet":"max-snippet:-1","max-image-preview":"max-image-preview:large","max-video-preview":"max-video-preview:-1"},"canonical":"https:\/\/tecnologia.prefeitura.sp.gov.br\/?p=1439","og_locale":"pt_BR","og_type":"article","og_title":"10\u00ba F\u00f3rum de Tecnologia: Grupos de discuss\u00e3o sobre TI na Prefeitura &#8211;","og_description":"Data: 24 e 25\/12\/2019&nbsp; Local: Mobilab+ Na 10\u00aa edi\u00e7\u00e3o do F\u00f3rum T\u00e9cnico de Tecnologia da Informa\u00e7\u00e3o e Comunica\u00e7\u00e3o testamos um novo formato, com mesas de discuss\u00e3o que viabilizassem maior participa\u00e7\u00e3o de todos e algum encaminhamento pr\u00e1tico. Cada grupo discutiu um tema determinado. Confira abaixo os diferentes temas e um resumo do debate: Como criar uma [&hellip;]","og_url":"https:\/\/tecnologia.prefeitura.sp.gov.br\/?p=1439","article_published_time":"2019-04-25T14:40:00+00:00","article_modified_time":"2020-11-30T18:51:04+00:00","og_image":[{"width":600,"height":600,"url":"https:\/\/tecnologia.prefeitura.sp.gov.br\/wp-content\/uploads\/2020\/02\/102.png","type":"image\/png"}],"author":"Beatriz Kotsubo","twitter_card":"summary_large_image","twitter_misc":{"Escrito por":"Beatriz Kotsubo","Est. tempo de leitura":"9 minutos"},"schema":{"@context":"https:\/\/schema.org","@graph":[{"@type":"Article","@id":"https:\/\/tecnologia.prefeitura.sp.gov.br\/?p=1439#article","isPartOf":{"@id":"https:\/\/tecnologia.prefeitura.sp.gov.br\/?p=1439"},"author":{"name":"Beatriz Kotsubo","@id":"https:\/\/tecnologia.prefeitura.sp.gov.br\/#\/schema\/person\/dd7ff40578be8628bf44293023b42435"},"headline":"10\u00ba F\u00f3rum de Tecnologia: Grupos de discuss\u00e3o sobre TI na Prefeitura","datePublished":"2019-04-25T14:40:00+00:00","dateModified":"2020-11-30T18:51:04+00:00","mainEntityOfPage":{"@id":"https:\/\/tecnologia.prefeitura.sp.gov.br\/?p=1439"},"wordCount":1736,"commentCount":0,"publisher":{"@id":"https:\/\/tecnologia.prefeitura.sp.gov.br\/#organization"},"image":{"@id":"https:\/\/tecnologia.prefeitura.sp.gov.br\/?p=1439#primaryimage"},"thumbnailUrl":"https:\/\/tecnologia.prefeitura.sp.gov.br\/wp-content\/uploads\/2020\/02\/102.png","articleSection":["F\u00f3rum de Tecnologia"],"inLanguage":"pt-BR","potentialAction":[{"@type":"CommentAction","name":"Comment","target":["https:\/\/tecnologia.prefeitura.sp.gov.br\/?p=1439#respond"]}]},{"@type":"WebPage","@id":"https:\/\/tecnologia.prefeitura.sp.gov.br\/?p=1439","url":"https:\/\/tecnologia.prefeitura.sp.gov.br\/?p=1439","name":"10\u00ba F\u00f3rum de Tecnologia: Grupos de discuss\u00e3o sobre TI na Prefeitura &#8211;","isPartOf":{"@id":"https:\/\/tecnologia.prefeitura.sp.gov.br\/#website"},"primaryImageOfPage":{"@id":"https:\/\/tecnologia.prefeitura.sp.gov.br\/?p=1439#primaryimage"},"image":{"@id":"https:\/\/tecnologia.prefeitura.sp.gov.br\/?p=1439#primaryimage"},"thumbnailUrl":"https:\/\/tecnologia.prefeitura.sp.gov.br\/wp-content\/uploads\/2020\/02\/102.png","datePublished":"2019-04-25T14:40:00+00:00","dateModified":"2020-11-30T18:51:04+00:00","breadcrumb":{"@id":"https:\/\/tecnologia.prefeitura.sp.gov.br\/?p=1439#breadcrumb"},"inLanguage":"pt-BR","potentialAction":[{"@type":"ReadAction","target":["https:\/\/tecnologia.prefeitura.sp.gov.br\/?p=1439"]}]},{"@type":"ImageObject","inLanguage":"pt-BR","@id":"https:\/\/tecnologia.prefeitura.sp.gov.br\/?p=1439#primaryimage","url":"https:\/\/tecnologia.prefeitura.sp.gov.br\/wp-content\/uploads\/2020\/02\/102.png","contentUrl":"https:\/\/tecnologia.prefeitura.sp.gov.br\/wp-content\/uploads\/2020\/02\/102.png","width":600,"height":600},{"@type":"BreadcrumbList","@id":"https:\/\/tecnologia.prefeitura.sp.gov.br\/?p=1439#breadcrumb","itemListElement":[{"@type":"ListItem","position":1,"name":"In\u00edcio","item":"https:\/\/tecnologia.prefeitura.sp.gov.br\/"},{"@type":"ListItem","position":2,"name":"10\u00ba F\u00f3rum de Tecnologia: Grupos de discuss\u00e3o sobre TI na Prefeitura"}]},{"@type":"WebSite","@id":"https:\/\/tecnologia.prefeitura.sp.gov.br\/#website","url":"https:\/\/tecnologia.prefeitura.sp.gov.br\/","name":"Tecnologia cidade de S\u00e3o Paulo","description":"Este portal foi criado com o intuito de divulgar diretrizes, boas pr\u00e1ticas e casos de sucesso no uso de tecnologia na Prefeitura da cidade de S\u00e3o Paulo. Seu p\u00fablico prim\u00e1rio s\u00e3o os servidores e servidoras p\u00fablicos, para que tenhamos mais pessoas entendendo de tecnologia para resolver problemas de pessoas.","publisher":{"@id":"https:\/\/tecnologia.prefeitura.sp.gov.br\/#organization"},"potentialAction":[{"@type":"SearchAction","target":{"@type":"EntryPoint","urlTemplate":"https:\/\/tecnologia.prefeitura.sp.gov.br\/?s={search_term_string}"},"query-input":{"@type":"PropertyValueSpecification","valueRequired":true,"valueName":"search_term_string"}}],"inLanguage":"pt-BR"},{"@type":"Organization","@id":"https:\/\/tecnologia.prefeitura.sp.gov.br\/#organization","name":"Secretaria Municipal de Inova\u00e7\u00e3o e Tecnologia","url":"https:\/\/tecnologia.prefeitura.sp.gov.br\/","logo":{"@type":"ImageObject","inLanguage":"pt-BR","@id":"https:\/\/tecnologia.prefeitura.sp.gov.br\/#\/schema\/logo\/image\/","url":"http:\/\/54.207.50.161\/wp-content\/uploads\/2019\/10\/logo-gov-ti.png","contentUrl":"http:\/\/54.207.50.161\/wp-content\/uploads\/2019\/10\/logo-gov-ti.png","width":250,"height":215,"caption":"Secretaria Municipal de Inova\u00e7\u00e3o e Tecnologia"},"image":{"@id":"https:\/\/tecnologia.prefeitura.sp.gov.br\/#\/schema\/logo\/image\/"}},{"@type":"Person","@id":"https:\/\/tecnologia.prefeitura.sp.gov.br\/#\/schema\/person\/dd7ff40578be8628bf44293023b42435","name":"Beatriz Kotsubo","image":{"@type":"ImageObject","inLanguage":"pt-BR","@id":"https:\/\/tecnologia.prefeitura.sp.gov.br\/#\/schema\/person\/image\/","url":"https:\/\/secure.gravatar.com\/avatar\/efe564cf9a7b808f2bf28ef0d88e8bde43eba094361367d5b1204dc00aecf60f?s=96&d=mm&r=g","contentUrl":"https:\/\/secure.gravatar.com\/avatar\/efe564cf9a7b808f2bf28ef0d88e8bde43eba094361367d5b1204dc00aecf60f?s=96&d=mm&r=g","caption":"Beatriz Kotsubo"},"url":"https:\/\/tecnologia.prefeitura.sp.gov.br\/?author=2"}]}},"_links":{"self":[{"href":"https:\/\/tecnologia.prefeitura.sp.gov.br\/index.php?rest_route=\/wp\/v2\/posts\/1439","targetHints":{"allow":["GET"]}}],"collection":[{"href":"https:\/\/tecnologia.prefeitura.sp.gov.br\/index.php?rest_route=\/wp\/v2\/posts"}],"about":[{"href":"https:\/\/tecnologia.prefeitura.sp.gov.br\/index.php?rest_route=\/wp\/v2\/types\/post"}],"author":[{"embeddable":true,"href":"https:\/\/tecnologia.prefeitura.sp.gov.br\/index.php?rest_route=\/wp\/v2\/users\/2"}],"replies":[{"embeddable":true,"href":"https:\/\/tecnologia.prefeitura.sp.gov.br\/index.php?rest_route=%2Fwp%2Fv2%2Fcomments&post=1439"}],"version-history":[{"count":4,"href":"https:\/\/tecnologia.prefeitura.sp.gov.br\/index.php?rest_route=\/wp\/v2\/posts\/1439\/revisions"}],"predecessor-version":[{"id":8450,"href":"https:\/\/tecnologia.prefeitura.sp.gov.br\/index.php?rest_route=\/wp\/v2\/posts\/1439\/revisions\/8450"}],"wp:featuredmedia":[{"embeddable":true,"href":"https:\/\/tecnologia.prefeitura.sp.gov.br\/index.php?rest_route=\/wp\/v2\/media\/1543"}],"wp:attachment":[{"href":"https:\/\/tecnologia.prefeitura.sp.gov.br\/index.php?rest_route=%2Fwp%2Fv2%2Fmedia&parent=1439"}],"wp:term":[{"taxonomy":"category","embeddable":true,"href":"https:\/\/tecnologia.prefeitura.sp.gov.br\/index.php?rest_route=%2Fwp%2Fv2%2Fcategories&post=1439"},{"taxonomy":"post_tag","embeddable":true,"href":"https:\/\/tecnologia.prefeitura.sp.gov.br\/index.php?rest_route=%2Fwp%2Fv2%2Ftags&post=1439"}],"curies":[{"name":"wp","href":"https:\/\/api.w.org\/{rel}","templated":true}]}}