{"id":14867,"date":"2026-03-06T17:33:58","date_gmt":"2026-03-06T20:33:58","guid":{"rendered":"https:\/\/tecnologia.prefeitura.sp.gov.br\/?p=14867"},"modified":"2026-03-06T17:36:11","modified_gmt":"2026-03-06T20:36:11","slug":"cursos-a-distancia-da-alura-de-2026","status":"publish","type":"post","link":"https:\/\/tecnologia.prefeitura.sp.gov.br\/?p=14867","title":{"rendered":"Cursos \u00e0 dist\u00e2ncia da Alura de 2026"},"content":{"rendered":"\t\t<div data-elementor-type=\"wp-post\" data-elementor-id=\"14867\" class=\"elementor elementor-14867\">\n\t\t\t\t\t\t<section class=\"elementor-section elementor-top-section elementor-element elementor-element-5a58d210 elementor-section-boxed elementor-section-height-default elementor-section-height-default\" data-id=\"5a58d210\" data-element_type=\"section\" data-e-type=\"section\">\n\t\t\t\t\t\t<div class=\"elementor-container elementor-column-gap-default\">\n\t\t\t\t\t<div class=\"elementor-column elementor-col-100 elementor-top-column elementor-element elementor-element-36805da0\" data-id=\"36805da0\" data-element_type=\"column\" data-e-type=\"column\">\n\t\t\t<div class=\"elementor-widget-wrap elementor-element-populated\">\n\t\t\t\t\t\t<div class=\"elementor-element elementor-element-462042ab elementor-widget elementor-widget-text-editor\" data-id=\"462042ab\" data-element_type=\"widget\" data-e-type=\"widget\" data-widget_type=\"text-editor.default\">\n\t\t\t\t<div class=\"elementor-widget-container\">\n\t\t\t\t\t\t\t\t\t<p><\/p>\n<p>Est\u00e3o abertas as inscri\u00e7\u00f5es para o <b>Programa Permanente de Capacita\u00e7\u00f5es do Sistema Municipal de Tecnologia da Informa\u00e7\u00e3o e Comunica\u00e7\u00e3o (SMTIC)<\/b> da Prefeitura Municipal de S\u00e3o Paulo.<\/p>\n<p><span style=\"font-style: inherit; font-weight: inherit;\">A iniciativa, coordenada pela Secretaria Municipal de Inova\u00e7\u00e3o e Tecnologia (SMIT), tem como objetivo apoiar os L\u00edderes de Tecnologia dos \u00f3rg\u00e3os e entidades municipais na qualifica\u00e7\u00e3o cont\u00ednua de suas equipes, fortalecendo compet\u00eancias t\u00e9cnicas e gerenciais alinhadas \u00e0s diretrizes de governan\u00e7a, inova\u00e7\u00e3o e transforma\u00e7\u00e3o digital da Administra\u00e7\u00e3o P\u00fablica.<\/span><\/p>\n<p><span style=\"font-style: inherit; font-weight: inherit;\">O programa foi estruturado para atender, prioritariamente, \u00e0s demandas de capacita\u00e7\u00e3o previstas nos <\/span><span style=\"font-style: inherit;\"><b>Planos Diretores Setoriais de TI<\/b><\/span><span style=\"font-style: inherit;\"><b>C<\/b><\/span><span style=\"font-style: inherit; font-weight: inherit;\">, garantindo ader\u00eancia ao planejamento institucional e \u00e0s necessidades estrat\u00e9gicas de cada \u00f3rg\u00e3o. Dessa forma, busca-se maximizar a efetividade dos investimentos em desenvolvimento profissional, promovendo forma\u00e7\u00e3o orientada a resultados e \u00e0 melhoria dos servi\u00e7os p\u00fablicos digitais.<\/span><\/p>\n<p><span style=\"font-style: inherit; font-weight: inherit;\">As capacita\u00e7\u00f5es contemplam diferentes trilhas de conhecimento, com foco em temas estrat\u00e9gicos para o ecossistema de tecnologia municipal, incluindo gest\u00e3o de TIC, seguran\u00e7a da informa\u00e7\u00e3o, dados, desenvolvimento de sistemas, infraestrutura e inova\u00e7\u00e3o.<\/span><\/p>\n<p><span style=\"font-style: inherit; font-weight: inherit;\">Os L\u00edderes de TIC s\u00e3o respons\u00e1veis por organizar e priorizar as indica\u00e7\u00f5es de servidores e estagi\u00e1rios, observando o alinhamento \u00e0s a\u00e7\u00f5es planejadas em seus respectivos planos setoriais.<\/span><\/p>\n<p><span style=\"font-style: inherit; font-weight: inherit;\">A SMIT refor\u00e7a que o Programa Permanente de Capacita\u00e7\u00f5es \u00e9 instrumento essencial para o fortalecimento do SMTIC, contribuindo para a padroniza\u00e7\u00e3o de pr\u00e1ticas, dissemina\u00e7\u00e3o de conhecimento e consolida\u00e7\u00e3o de uma cultura de governan\u00e7a e excel\u00eancia em tecnologia no \u00e2mbito municipal.<\/span><\/p>\n<p><span style=\"font-style: inherit; font-weight: inherit;\">Para mais informa\u00e7\u00f5es sobre os procedimentos de inscri\u00e7\u00e3o, acompanhe as comunica\u00e7\u00f5es oficiais no Portal de Tecnologia ou entre em contato com a equipe respons\u00e1vel atrav\u00e9s do e-mail <\/span><span style=\"font-style: inherit;\"><b>tecnologia@prefeitura.sp.gov.br<\/b><\/span><span style=\"font-style: inherit; font-weight: inherit;\">.<\/span><\/p>\n<p><\/p>\t\t\t\t\t\t\t\t<\/div>\n\t\t\t\t<\/div>\n\t\t\t\t\t<\/div>\n\t\t<\/div>\n\t\t\t\t\t<\/div>\n\t\t<\/section>\n\t\t\t\t<\/div>\n\t\t","protected":false},"excerpt":{"rendered":"<p>Est\u00e3o abertas as inscri\u00e7\u00f5es para o Programa Permanente de Capacita\u00e7\u00f5es do Sistema Municipal de Tecnologia da Informa\u00e7\u00e3o e Comunica\u00e7\u00e3o (SMTIC) da Prefeitura Municipal de S\u00e3o Paulo. A iniciativa, coordenada pela Secretaria Municipal de Inova\u00e7\u00e3o e Tecnologia (SMIT), tem como objetivo apoiar os L\u00edderes de Tecnologia dos \u00f3rg\u00e3os e entidades municipais na qualifica\u00e7\u00e3o cont\u00ednua de suas [&hellip;]<\/p>\n","protected":false},"author":31,"featured_media":13025,"comment_status":"closed","ping_status":"open","sticky":false,"template":"","format":"standard","meta":{"_monsterinsights_skip_tracking":false,"_monsterinsights_sitenote_active":false,"_monsterinsights_sitenote_note":"","_monsterinsights_sitenote_category":0,"site-sidebar-layout":"default","site-content-layout":"","ast-site-content-layout":"","site-content-style":"default","site-sidebar-style":"default","ast-global-header-display":"","ast-banner-title-visibility":"","ast-main-header-display":"","ast-hfb-above-header-display":"","ast-hfb-below-header-display":"","ast-hfb-mobile-header-display":"","site-post-title":"","ast-breadcrumbs-content":"","ast-featured-img":"","footer-sml-layout":"","theme-transparent-header-meta":"","adv-header-id-meta":"","stick-header-meta":"","header-above-stick-meta":"","header-main-stick-meta":"","header-below-stick-meta":"","astra-migrate-meta-layouts":"default","ast-page-background-enabled":"default","ast-page-background-meta":{"desktop":{"background-color":"var(--ast-global-color-5)","background-image":"","background-repeat":"repeat","background-position":"center center","background-size":"auto","background-attachment":"scroll","background-type":"","background-media":"","overlay-type":"","overlay-color":"","overlay-opacity":"","overlay-gradient":""},"tablet":{"background-color":"","background-image":"","background-repeat":"repeat","background-position":"center center","background-size":"auto","background-attachment":"scroll","background-type":"","background-media":"","overlay-type":"","overlay-color":"","overlay-opacity":"","overlay-gradient":""},"mobile":{"background-color":"","background-image":"","background-repeat":"repeat","background-position":"center center","background-size":"auto","background-attachment":"scroll","background-type":"","background-media":"","overlay-type":"","overlay-color":"","overlay-opacity":"","overlay-gradient":""}},"ast-content-background-meta":{"desktop":{"background-color":"var(--ast-global-color-4)","background-image":"","background-repeat":"repeat","background-position":"center center","background-size":"auto","background-attachment":"scroll","background-type":"","background-media":"","overlay-type":"","overlay-color":"","overlay-opacity":"","overlay-gradient":""},"tablet":{"background-color":"var(--ast-global-color-4)","background-image":"","background-repeat":"repeat","background-position":"center center","background-size":"auto","background-attachment":"scroll","background-type":"","background-media":"","overlay-type":"","overlay-color":"","overlay-opacity":"","overlay-gradient":""},"mobile":{"background-color":"var(--ast-global-color-4)","background-image":"","background-repeat":"repeat","background-position":"center center","background-size":"auto","background-attachment":"scroll","background-type":"","background-media":"","overlay-type":"","overlay-color":"","overlay-opacity":"","overlay-gradient":""}},"footnotes":""},"categories":[9,8],"tags":[808,120,69,121,123,30,122],"class_list":["post-14867","post","type-post","status-publish","format-standard","has-post-thumbnail","hentry","category-capacitacao","category-noticias","tag-808","tag-alura","tag-capacitacao","tag-cursos","tag-licencas","tag-prefeitura","tag-profissinal"],"yoast_head":"<!-- This site is optimized with the Yoast SEO plugin v27.0 - https:\/\/yoast.com\/product\/yoast-seo-wordpress\/ -->\n<title>Cursos \u00e0 dist\u00e2ncia da Alura de 2026 &#8211;<\/title>\n<meta name=\"robots\" content=\"index, follow, max-snippet:-1, max-image-preview:large, max-video-preview:-1\" \/>\n<link rel=\"canonical\" href=\"https:\/\/tecnologia.prefeitura.sp.gov.br\/?p=14867\" \/>\n<meta property=\"og:locale\" content=\"pt_BR\" \/>\n<meta property=\"og:type\" content=\"article\" \/>\n<meta property=\"og:title\" content=\"Cursos \u00e0 dist\u00e2ncia da Alura de 2026 &#8211;\" \/>\n<meta property=\"og:description\" content=\"Est\u00e3o abertas as inscri\u00e7\u00f5es para o Programa Permanente de Capacita\u00e7\u00f5es do Sistema Municipal de Tecnologia da Informa\u00e7\u00e3o e Comunica\u00e7\u00e3o (SMTIC) da Prefeitura Municipal de S\u00e3o Paulo. A iniciativa, coordenada pela Secretaria Municipal de Inova\u00e7\u00e3o e Tecnologia (SMIT), tem como objetivo apoiar os L\u00edderes de Tecnologia dos \u00f3rg\u00e3os e entidades municipais na qualifica\u00e7\u00e3o cont\u00ednua de suas [&hellip;]\" \/>\n<meta property=\"og:url\" content=\"https:\/\/tecnologia.prefeitura.sp.gov.br\/?p=14867\" \/>\n<meta property=\"article:published_time\" content=\"2026-03-06T20:33:58+00:00\" \/>\n<meta property=\"article:modified_time\" content=\"2026-03-06T20:36:11+00:00\" \/>\n<meta property=\"og:image\" content=\"https:\/\/tecnologia.prefeitura.sp.gov.br\/wp-content\/uploads\/2024\/07\/Modelo-de-capa-para-noticias-do-Portal-de-Tecnologia.png\" \/>\n\t<meta property=\"og:image:width\" content=\"6912\" \/>\n\t<meta property=\"og:image:height\" content=\"3456\" \/>\n\t<meta property=\"og:image:type\" content=\"image\/png\" \/>\n<meta name=\"author\" content=\"Lucas Martins\" \/>\n<meta name=\"twitter:card\" content=\"summary_large_image\" \/>\n<meta name=\"twitter:label1\" content=\"Escrito por\" \/>\n\t<meta name=\"twitter:data1\" content=\"Lucas Martins\" \/>\n\t<meta name=\"twitter:label2\" content=\"Est. tempo de leitura\" \/>\n\t<meta name=\"twitter:data2\" content=\"2 minutos\" \/>\n<script type=\"application\/ld+json\" class=\"yoast-schema-graph\">{\"@context\":\"https:\/\/schema.org\",\"@graph\":[{\"@type\":\"Article\",\"@id\":\"https:\/\/tecnologia.prefeitura.sp.gov.br\/?p=14867#article\",\"isPartOf\":{\"@id\":\"https:\/\/tecnologia.prefeitura.sp.gov.br\/?p=14867\"},\"author\":{\"name\":\"Lucas Martins\",\"@id\":\"https:\/\/tecnologia.prefeitura.sp.gov.br\/#\/schema\/person\/590972afd8dbc305d2a06b9869dab2b4\"},\"headline\":\"Cursos \u00e0 dist\u00e2ncia da Alura de 2026\",\"datePublished\":\"2026-03-06T20:33:58+00:00\",\"dateModified\":\"2026-03-06T20:36:11+00:00\",\"mainEntityOfPage\":{\"@id\":\"https:\/\/tecnologia.prefeitura.sp.gov.br\/?p=14867\"},\"wordCount\":312,\"publisher\":{\"@id\":\"https:\/\/tecnologia.prefeitura.sp.gov.br\/#organization\"},\"image\":{\"@id\":\"https:\/\/tecnologia.prefeitura.sp.gov.br\/?p=14867#primaryimage\"},\"thumbnailUrl\":\"https:\/\/tecnologia.prefeitura.sp.gov.br\/wp-content\/uploads\/2024\/07\/Modelo-de-capa-para-noticias-do-Portal-de-Tecnologia.png\",\"keywords\":[\"2025\",\"alura\",\"capacita\u00e7\u00e3o\",\"cursos\",\"licen\u00e7as\",\"Prefeitura\",\"profissinal\"],\"articleSection\":[\"Capacita\u00e7\u00e3o\",\"Not\u00edcias\"],\"inLanguage\":\"pt-BR\"},{\"@type\":\"WebPage\",\"@id\":\"https:\/\/tecnologia.prefeitura.sp.gov.br\/?p=14867\",\"url\":\"https:\/\/tecnologia.prefeitura.sp.gov.br\/?p=14867\",\"name\":\"Cursos \u00e0 dist\u00e2ncia da Alura de 2026 &#8211;\",\"isPartOf\":{\"@id\":\"https:\/\/tecnologia.prefeitura.sp.gov.br\/#website\"},\"primaryImageOfPage\":{\"@id\":\"https:\/\/tecnologia.prefeitura.sp.gov.br\/?p=14867#primaryimage\"},\"image\":{\"@id\":\"https:\/\/tecnologia.prefeitura.sp.gov.br\/?p=14867#primaryimage\"},\"thumbnailUrl\":\"https:\/\/tecnologia.prefeitura.sp.gov.br\/wp-content\/uploads\/2024\/07\/Modelo-de-capa-para-noticias-do-Portal-de-Tecnologia.png\",\"datePublished\":\"2026-03-06T20:33:58+00:00\",\"dateModified\":\"2026-03-06T20:36:11+00:00\",\"breadcrumb\":{\"@id\":\"https:\/\/tecnologia.prefeitura.sp.gov.br\/?p=14867#breadcrumb\"},\"inLanguage\":\"pt-BR\",\"potentialAction\":[{\"@type\":\"ReadAction\",\"target\":[\"https:\/\/tecnologia.prefeitura.sp.gov.br\/?p=14867\"]}]},{\"@type\":\"ImageObject\",\"inLanguage\":\"pt-BR\",\"@id\":\"https:\/\/tecnologia.prefeitura.sp.gov.br\/?p=14867#primaryimage\",\"url\":\"https:\/\/tecnologia.prefeitura.sp.gov.br\/wp-content\/uploads\/2024\/07\/Modelo-de-capa-para-noticias-do-Portal-de-Tecnologia.png\",\"contentUrl\":\"https:\/\/tecnologia.prefeitura.sp.gov.br\/wp-content\/uploads\/2024\/07\/Modelo-de-capa-para-noticias-do-Portal-de-Tecnologia.png\",\"width\":6912,\"height\":3456},{\"@type\":\"BreadcrumbList\",\"@id\":\"https:\/\/tecnologia.prefeitura.sp.gov.br\/?p=14867#breadcrumb\",\"itemListElement\":[{\"@type\":\"ListItem\",\"position\":1,\"name\":\"In\u00edcio\",\"item\":\"https:\/\/tecnologia.prefeitura.sp.gov.br\/\"},{\"@type\":\"ListItem\",\"position\":2,\"name\":\"Cursos \u00e0 dist\u00e2ncia da Alura de 2026\"}]},{\"@type\":\"WebSite\",\"@id\":\"https:\/\/tecnologia.prefeitura.sp.gov.br\/#website\",\"url\":\"https:\/\/tecnologia.prefeitura.sp.gov.br\/\",\"name\":\"Tecnologia cidade de S\u00e3o Paulo\",\"description\":\"Este portal foi criado com o intuito de divulgar diretrizes, boas pr\u00e1ticas e casos de sucesso no uso de tecnologia na Prefeitura da cidade de S\u00e3o Paulo. Seu p\u00fablico prim\u00e1rio s\u00e3o os servidores e servidoras p\u00fablicos, para que tenhamos mais pessoas entendendo de tecnologia para resolver problemas de pessoas.\",\"publisher\":{\"@id\":\"https:\/\/tecnologia.prefeitura.sp.gov.br\/#organization\"},\"potentialAction\":[{\"@type\":\"SearchAction\",\"target\":{\"@type\":\"EntryPoint\",\"urlTemplate\":\"https:\/\/tecnologia.prefeitura.sp.gov.br\/?s={search_term_string}\"},\"query-input\":{\"@type\":\"PropertyValueSpecification\",\"valueRequired\":true,\"valueName\":\"search_term_string\"}}],\"inLanguage\":\"pt-BR\"},{\"@type\":\"Organization\",\"@id\":\"https:\/\/tecnologia.prefeitura.sp.gov.br\/#organization\",\"name\":\"Secretaria Municipal de Inova\u00e7\u00e3o e Tecnologia\",\"url\":\"https:\/\/tecnologia.prefeitura.sp.gov.br\/\",\"logo\":{\"@type\":\"ImageObject\",\"inLanguage\":\"pt-BR\",\"@id\":\"https:\/\/tecnologia.prefeitura.sp.gov.br\/#\/schema\/logo\/image\/\",\"url\":\"http:\/\/54.207.50.161\/wp-content\/uploads\/2019\/10\/logo-gov-ti.png\",\"contentUrl\":\"http:\/\/54.207.50.161\/wp-content\/uploads\/2019\/10\/logo-gov-ti.png\",\"width\":250,\"height\":215,\"caption\":\"Secretaria Municipal de Inova\u00e7\u00e3o e Tecnologia\"},\"image\":{\"@id\":\"https:\/\/tecnologia.prefeitura.sp.gov.br\/#\/schema\/logo\/image\/\"}},{\"@type\":\"Person\",\"@id\":\"https:\/\/tecnologia.prefeitura.sp.gov.br\/#\/schema\/person\/590972afd8dbc305d2a06b9869dab2b4\",\"name\":\"Lucas Martins\",\"image\":{\"@type\":\"ImageObject\",\"inLanguage\":\"pt-BR\",\"@id\":\"https:\/\/tecnologia.prefeitura.sp.gov.br\/#\/schema\/person\/image\/\",\"url\":\"https:\/\/secure.gravatar.com\/avatar\/2919c74739e7c1755bc41e515da869dc90b93f0e1f1f7b43ae04c86591e55f05?s=96&d=mm&r=g\",\"contentUrl\":\"https:\/\/secure.gravatar.com\/avatar\/2919c74739e7c1755bc41e515da869dc90b93f0e1f1f7b43ae04c86591e55f05?s=96&d=mm&r=g\",\"caption\":\"Lucas Martins\"},\"url\":\"https:\/\/tecnologia.prefeitura.sp.gov.br\/?author=31\"}]}<\/script>\n<!-- \/ Yoast SEO plugin. -->","yoast_head_json":{"title":"Cursos \u00e0 dist\u00e2ncia da Alura de 2026 &#8211;","robots":{"index":"index","follow":"follow","max-snippet":"max-snippet:-1","max-image-preview":"max-image-preview:large","max-video-preview":"max-video-preview:-1"},"canonical":"https:\/\/tecnologia.prefeitura.sp.gov.br\/?p=14867","og_locale":"pt_BR","og_type":"article","og_title":"Cursos \u00e0 dist\u00e2ncia da Alura de 2026 &#8211;","og_description":"Est\u00e3o abertas as inscri\u00e7\u00f5es para o Programa Permanente de Capacita\u00e7\u00f5es do Sistema Municipal de Tecnologia da Informa\u00e7\u00e3o e Comunica\u00e7\u00e3o (SMTIC) da Prefeitura Municipal de S\u00e3o Paulo. A iniciativa, coordenada pela Secretaria Municipal de Inova\u00e7\u00e3o e Tecnologia (SMIT), tem como objetivo apoiar os L\u00edderes de Tecnologia dos \u00f3rg\u00e3os e entidades municipais na qualifica\u00e7\u00e3o cont\u00ednua de suas [&hellip;]","og_url":"https:\/\/tecnologia.prefeitura.sp.gov.br\/?p=14867","article_published_time":"2026-03-06T20:33:58+00:00","article_modified_time":"2026-03-06T20:36:11+00:00","og_image":[{"width":6912,"height":3456,"url":"https:\/\/tecnologia.prefeitura.sp.gov.br\/wp-content\/uploads\/2024\/07\/Modelo-de-capa-para-noticias-do-Portal-de-Tecnologia.png","type":"image\/png"}],"author":"Lucas Martins","twitter_card":"summary_large_image","twitter_misc":{"Escrito por":"Lucas Martins","Est. tempo de leitura":"2 minutos"},"schema":{"@context":"https:\/\/schema.org","@graph":[{"@type":"Article","@id":"https:\/\/tecnologia.prefeitura.sp.gov.br\/?p=14867#article","isPartOf":{"@id":"https:\/\/tecnologia.prefeitura.sp.gov.br\/?p=14867"},"author":{"name":"Lucas Martins","@id":"https:\/\/tecnologia.prefeitura.sp.gov.br\/#\/schema\/person\/590972afd8dbc305d2a06b9869dab2b4"},"headline":"Cursos \u00e0 dist\u00e2ncia da Alura de 2026","datePublished":"2026-03-06T20:33:58+00:00","dateModified":"2026-03-06T20:36:11+00:00","mainEntityOfPage":{"@id":"https:\/\/tecnologia.prefeitura.sp.gov.br\/?p=14867"},"wordCount":312,"publisher":{"@id":"https:\/\/tecnologia.prefeitura.sp.gov.br\/#organization"},"image":{"@id":"https:\/\/tecnologia.prefeitura.sp.gov.br\/?p=14867#primaryimage"},"thumbnailUrl":"https:\/\/tecnologia.prefeitura.sp.gov.br\/wp-content\/uploads\/2024\/07\/Modelo-de-capa-para-noticias-do-Portal-de-Tecnologia.png","keywords":["2025","alura","capacita\u00e7\u00e3o","cursos","licen\u00e7as","Prefeitura","profissinal"],"articleSection":["Capacita\u00e7\u00e3o","Not\u00edcias"],"inLanguage":"pt-BR"},{"@type":"WebPage","@id":"https:\/\/tecnologia.prefeitura.sp.gov.br\/?p=14867","url":"https:\/\/tecnologia.prefeitura.sp.gov.br\/?p=14867","name":"Cursos \u00e0 dist\u00e2ncia da Alura de 2026 &#8211;","isPartOf":{"@id":"https:\/\/tecnologia.prefeitura.sp.gov.br\/#website"},"primaryImageOfPage":{"@id":"https:\/\/tecnologia.prefeitura.sp.gov.br\/?p=14867#primaryimage"},"image":{"@id":"https:\/\/tecnologia.prefeitura.sp.gov.br\/?p=14867#primaryimage"},"thumbnailUrl":"https:\/\/tecnologia.prefeitura.sp.gov.br\/wp-content\/uploads\/2024\/07\/Modelo-de-capa-para-noticias-do-Portal-de-Tecnologia.png","datePublished":"2026-03-06T20:33:58+00:00","dateModified":"2026-03-06T20:36:11+00:00","breadcrumb":{"@id":"https:\/\/tecnologia.prefeitura.sp.gov.br\/?p=14867#breadcrumb"},"inLanguage":"pt-BR","potentialAction":[{"@type":"ReadAction","target":["https:\/\/tecnologia.prefeitura.sp.gov.br\/?p=14867"]}]},{"@type":"ImageObject","inLanguage":"pt-BR","@id":"https:\/\/tecnologia.prefeitura.sp.gov.br\/?p=14867#primaryimage","url":"https:\/\/tecnologia.prefeitura.sp.gov.br\/wp-content\/uploads\/2024\/07\/Modelo-de-capa-para-noticias-do-Portal-de-Tecnologia.png","contentUrl":"https:\/\/tecnologia.prefeitura.sp.gov.br\/wp-content\/uploads\/2024\/07\/Modelo-de-capa-para-noticias-do-Portal-de-Tecnologia.png","width":6912,"height":3456},{"@type":"BreadcrumbList","@id":"https:\/\/tecnologia.prefeitura.sp.gov.br\/?p=14867#breadcrumb","itemListElement":[{"@type":"ListItem","position":1,"name":"In\u00edcio","item":"https:\/\/tecnologia.prefeitura.sp.gov.br\/"},{"@type":"ListItem","position":2,"name":"Cursos \u00e0 dist\u00e2ncia da Alura de 2026"}]},{"@type":"WebSite","@id":"https:\/\/tecnologia.prefeitura.sp.gov.br\/#website","url":"https:\/\/tecnologia.prefeitura.sp.gov.br\/","name":"Tecnologia cidade de S\u00e3o Paulo","description":"Este portal foi criado com o intuito de divulgar diretrizes, boas pr\u00e1ticas e casos de sucesso no uso de tecnologia na Prefeitura da cidade de S\u00e3o Paulo. Seu p\u00fablico prim\u00e1rio s\u00e3o os servidores e servidoras p\u00fablicos, para que tenhamos mais pessoas entendendo de tecnologia para resolver problemas de pessoas.","publisher":{"@id":"https:\/\/tecnologia.prefeitura.sp.gov.br\/#organization"},"potentialAction":[{"@type":"SearchAction","target":{"@type":"EntryPoint","urlTemplate":"https:\/\/tecnologia.prefeitura.sp.gov.br\/?s={search_term_string}"},"query-input":{"@type":"PropertyValueSpecification","valueRequired":true,"valueName":"search_term_string"}}],"inLanguage":"pt-BR"},{"@type":"Organization","@id":"https:\/\/tecnologia.prefeitura.sp.gov.br\/#organization","name":"Secretaria Municipal de Inova\u00e7\u00e3o e Tecnologia","url":"https:\/\/tecnologia.prefeitura.sp.gov.br\/","logo":{"@type":"ImageObject","inLanguage":"pt-BR","@id":"https:\/\/tecnologia.prefeitura.sp.gov.br\/#\/schema\/logo\/image\/","url":"http:\/\/54.207.50.161\/wp-content\/uploads\/2019\/10\/logo-gov-ti.png","contentUrl":"http:\/\/54.207.50.161\/wp-content\/uploads\/2019\/10\/logo-gov-ti.png","width":250,"height":215,"caption":"Secretaria Municipal de Inova\u00e7\u00e3o e Tecnologia"},"image":{"@id":"https:\/\/tecnologia.prefeitura.sp.gov.br\/#\/schema\/logo\/image\/"}},{"@type":"Person","@id":"https:\/\/tecnologia.prefeitura.sp.gov.br\/#\/schema\/person\/590972afd8dbc305d2a06b9869dab2b4","name":"Lucas Martins","image":{"@type":"ImageObject","inLanguage":"pt-BR","@id":"https:\/\/tecnologia.prefeitura.sp.gov.br\/#\/schema\/person\/image\/","url":"https:\/\/secure.gravatar.com\/avatar\/2919c74739e7c1755bc41e515da869dc90b93f0e1f1f7b43ae04c86591e55f05?s=96&d=mm&r=g","contentUrl":"https:\/\/secure.gravatar.com\/avatar\/2919c74739e7c1755bc41e515da869dc90b93f0e1f1f7b43ae04c86591e55f05?s=96&d=mm&r=g","caption":"Lucas Martins"},"url":"https:\/\/tecnologia.prefeitura.sp.gov.br\/?author=31"}]}},"_links":{"self":[{"href":"https:\/\/tecnologia.prefeitura.sp.gov.br\/index.php?rest_route=\/wp\/v2\/posts\/14867","targetHints":{"allow":["GET"]}}],"collection":[{"href":"https:\/\/tecnologia.prefeitura.sp.gov.br\/index.php?rest_route=\/wp\/v2\/posts"}],"about":[{"href":"https:\/\/tecnologia.prefeitura.sp.gov.br\/index.php?rest_route=\/wp\/v2\/types\/post"}],"author":[{"embeddable":true,"href":"https:\/\/tecnologia.prefeitura.sp.gov.br\/index.php?rest_route=\/wp\/v2\/users\/31"}],"replies":[{"embeddable":true,"href":"https:\/\/tecnologia.prefeitura.sp.gov.br\/index.php?rest_route=%2Fwp%2Fv2%2Fcomments&post=14867"}],"version-history":[{"count":5,"href":"https:\/\/tecnologia.prefeitura.sp.gov.br\/index.php?rest_route=\/wp\/v2\/posts\/14867\/revisions"}],"predecessor-version":[{"id":14872,"href":"https:\/\/tecnologia.prefeitura.sp.gov.br\/index.php?rest_route=\/wp\/v2\/posts\/14867\/revisions\/14872"}],"wp:featuredmedia":[{"embeddable":true,"href":"https:\/\/tecnologia.prefeitura.sp.gov.br\/index.php?rest_route=\/wp\/v2\/media\/13025"}],"wp:attachment":[{"href":"https:\/\/tecnologia.prefeitura.sp.gov.br\/index.php?rest_route=%2Fwp%2Fv2%2Fmedia&parent=14867"}],"wp:term":[{"taxonomy":"category","embeddable":true,"href":"https:\/\/tecnologia.prefeitura.sp.gov.br\/index.php?rest_route=%2Fwp%2Fv2%2Fcategories&post=14867"},{"taxonomy":"post_tag","embeddable":true,"href":"https:\/\/tecnologia.prefeitura.sp.gov.br\/index.php?rest_route=%2Fwp%2Fv2%2Ftags&post=14867"}],"curies":[{"name":"wp","href":"https:\/\/api.w.org\/{rel}","templated":true}]}}