{"id":3584,"date":"2020-12-04T10:35:53","date_gmt":"2020-12-04T13:35:53","guid":{"rendered":"https:\/\/tecnologia.prefeitura.sp.gov.br\/?p=3584"},"modified":"2020-12-04T10:35:55","modified_gmt":"2020-12-04T13:35:55","slug":"ipem-sp-lanca-novo-site-priorizando-o-atendimento-a-populacao","status":"publish","type":"post","link":"https:\/\/tecnologia.prefeitura.sp.gov.br\/?p=3584","title":{"rendered":"Ipem-SP lan\u00e7a novo site priorizando o atendimento \u00e0 popula\u00e7\u00e3o"},"content":{"rendered":"\n<p>O Ipem-SP (Instituto de Pesos e Medidas do Estado de S\u00e3o Paulo), autarquia do Governo do Estado, vinculada \u00e0 Secretaria da Justi\u00e7a, e \u00f3rg\u00e3o delegado do Inmetro, tem novo site com tecnologia mais moderna, facilidade de navega\u00e7\u00e3o, economia de tempo e novas funcionalidades, priorizando o atendimento \u00e0 popula\u00e7\u00e3o, e de acordo com exig\u00eancias b\u00e1sicas \u00e0 Lei Geral de Prote\u00e7\u00e3o de dados pessoais (LGPD).<\/p>\n\n\n\n<p>O novo site, projetado e desenvolvido pela equipe de tecnologia do Ipem-SP, traz um layout atualizado e moderno, acompanhado de funcionalidades que visam melhorar a navega\u00e7\u00e3o e acesso \u00e0s diversas se\u00e7\u00f5es de maneira organizada e objetiva.<\/p>\n\n\n\n<p>O endere\u00e7o do site do Ipem-SP continua o mesmo <a href=\"https:\/\/urldefense.proofpoint.com\/v2\/url?u=http-3A__www.ipem.sp.gov.br&amp;d=DwQFaQ&amp;c=HdAUNv_EOZyljLc1cjbHCq-Eo7r1kRHoywhQbi81uaA&amp;r=qVpyZNJ3CqPfnxHztXr0xsmo-qIatgActIrfhdNc_w8&amp;m=OodSk1f0qqY8DTbgUI9Dw48XxBJ0DTikRv0G5Y5k4Ic&amp;s=ympmzCM-yv1BgJepr1VVgzOdQYiqI45ht7AgiZTTkOM&amp;e=\">www.ipem.sp.gov.br<\/a><\/p>\n\n\n\n<h4 class=\"wp-block-heading\">Ipem-SP&nbsp;<\/h4>\n\n\n\n<p>Com uma equipe de fiscaliza\u00e7\u00e3o formada por especialistas e t\u00e9cnicos, o Ipem realiza diariamente, em todo o Estado de S\u00e3o Paulo, opera\u00e7\u00f5es de fiscaliza\u00e7\u00f5es rotineiras em balan\u00e7as, bombas de combust\u00edveis, medidores de press\u00e3o arterial, tax\u00edmetros, radares, capacetes de motociclistas, cadeiras de carro para crian\u00e7as, pe\u00e7as de roupa, cama, mesa e banho, botij\u00f5es de g\u00e1s, entre outros materiais.<\/p>\n\n\n\n<p>\u00c9 seu papel tamb\u00e9m proteger o consumidor para que este leve para casa a quantidade exata de produto pela qual pagou. Quem desconfiar ou encontrar irregularidades pode recorrer ao servi\u00e7o da Ouvidoria, pelo telefone 0800 013 05 22, de segunda a sexta, das 8h \u00e0s 17h, ou enviar e-mail para: ouvidoria@ipem.sp.gov.br.<\/p>\n\n\n\n<p>Fonte: <a href=\"https:\/\/www.saopaulo.sp.gov.br\/secretaria-da-justica-e-cidadania\/ipem-sp-lanca-novo-site-priorizando-o-atendimento-a-populacao\/\">https:\/\/www.saopaulo.sp.gov.br\/secretaria-da-justica-e-cidadania\/ipem-sp-lanca-novo-site-priorizando-o-atendimento-a-populacao\/<\/a><\/p>\n","protected":false},"excerpt":{"rendered":"<p>O Ipem-SP (Instituto de Pesos e Medidas do Estado de S\u00e3o Paulo), autarquia do Governo do Estado, vinculada \u00e0 Secretaria da Justi\u00e7a, e \u00f3rg\u00e3o delegado do Inmetro, tem novo site com tecnologia mais moderna, facilidade de navega\u00e7\u00e3o, economia de tempo e novas funcionalidades, priorizando o atendimento \u00e0 popula\u00e7\u00e3o, e de acordo com exig\u00eancias b\u00e1sicas \u00e0 [&hellip;]<\/p>\n","protected":false},"author":13,"featured_media":3599,"comment_status":"open","ping_status":"open","sticky":false,"template":"","format":"standard","meta":{"_monsterinsights_skip_tracking":false,"_monsterinsights_sitenote_active":false,"_monsterinsights_sitenote_note":"","_monsterinsights_sitenote_category":0,"site-sidebar-layout":"default","site-content-layout":"","ast-site-content-layout":"","site-content-style":"default","site-sidebar-style":"default","ast-global-header-display":"","ast-banner-title-visibility":"","ast-main-header-display":"","ast-hfb-above-header-display":"","ast-hfb-below-header-display":"","ast-hfb-mobile-header-display":"","site-post-title":"","ast-breadcrumbs-content":"","ast-featured-img":"","footer-sml-layout":"","theme-transparent-header-meta":"","adv-header-id-meta":"","stick-header-meta":"","header-above-stick-meta":"","header-main-stick-meta":"","header-below-stick-meta":"","astra-migrate-meta-layouts":"default","ast-page-background-enabled":"default","ast-page-background-meta":{"desktop":{"background-color":"var(--ast-global-color-5)","background-image":"","background-repeat":"repeat","background-position":"center center","background-size":"auto","background-attachment":"scroll","background-type":"","background-media":"","overlay-type":"","overlay-color":"","overlay-opacity":"","overlay-gradient":""},"tablet":{"background-color":"","background-image":"","background-repeat":"repeat","background-position":"center center","background-size":"auto","background-attachment":"scroll","background-type":"","background-media":"","overlay-type":"","overlay-color":"","overlay-opacity":"","overlay-gradient":""},"mobile":{"background-color":"","background-image":"","background-repeat":"repeat","background-position":"center center","background-size":"auto","background-attachment":"scroll","background-type":"","background-media":"","overlay-type":"","overlay-color":"","overlay-opacity":"","overlay-gradient":""}},"ast-content-background-meta":{"desktop":{"background-color":"var(--ast-global-color-4)","background-image":"","background-repeat":"repeat","background-position":"center center","background-size":"auto","background-attachment":"scroll","background-type":"","background-media":"","overlay-type":"","overlay-color":"","overlay-opacity":"","overlay-gradient":""},"tablet":{"background-color":"var(--ast-global-color-4)","background-image":"","background-repeat":"repeat","background-position":"center center","background-size":"auto","background-attachment":"scroll","background-type":"","background-media":"","overlay-type":"","overlay-color":"","overlay-opacity":"","overlay-gradient":""},"mobile":{"background-color":"var(--ast-global-color-4)","background-image":"","background-repeat":"repeat","background-position":"center center","background-size":"auto","background-attachment":"scroll","background-type":"","background-media":"","overlay-type":"","overlay-color":"","overlay-opacity":"","overlay-gradient":""}},"footnotes":""},"categories":[8],"tags":[],"class_list":["post-3584","post","type-post","status-publish","format-standard","has-post-thumbnail","hentry","category-noticias"],"yoast_head":"<!-- This site is optimized with the Yoast SEO plugin v27.0 - https:\/\/yoast.com\/product\/yoast-seo-wordpress\/ -->\n<title>Ipem-SP lan\u00e7a novo site priorizando o atendimento \u00e0 popula\u00e7\u00e3o &#8211;<\/title>\n<meta name=\"robots\" content=\"index, follow, max-snippet:-1, max-image-preview:large, max-video-preview:-1\" \/>\n<link rel=\"canonical\" href=\"https:\/\/tecnologia.prefeitura.sp.gov.br\/?p=3584\" \/>\n<meta property=\"og:locale\" content=\"pt_BR\" \/>\n<meta property=\"og:type\" content=\"article\" \/>\n<meta property=\"og:title\" content=\"Ipem-SP lan\u00e7a novo site priorizando o atendimento \u00e0 popula\u00e7\u00e3o &#8211;\" \/>\n<meta property=\"og:description\" content=\"O Ipem-SP (Instituto de Pesos e Medidas do Estado de S\u00e3o Paulo), autarquia do Governo do Estado, vinculada \u00e0 Secretaria da Justi\u00e7a, e \u00f3rg\u00e3o delegado do Inmetro, tem novo site com tecnologia mais moderna, facilidade de navega\u00e7\u00e3o, economia de tempo e novas funcionalidades, priorizando o atendimento \u00e0 popula\u00e7\u00e3o, e de acordo com exig\u00eancias b\u00e1sicas \u00e0 [&hellip;]\" \/>\n<meta property=\"og:url\" content=\"https:\/\/tecnologia.prefeitura.sp.gov.br\/?p=3584\" \/>\n<meta property=\"article:published_time\" content=\"2020-12-04T13:35:53+00:00\" \/>\n<meta property=\"article:modified_time\" content=\"2020-12-04T13:35:55+00:00\" \/>\n<meta property=\"og:image\" content=\"https:\/\/tecnologia.prefeitura.sp.gov.br\/wp-content\/uploads\/2020\/12\/Ipem-SP-lan\u00e7a-novo-site-priorizando-o-atendimento-\u00e0-popula\u00e7\u00e3o.png\" \/>\n\t<meta property=\"og:image:width\" content=\"1600\" \/>\n\t<meta property=\"og:image:height\" content=\"1200\" \/>\n\t<meta property=\"og:image:type\" content=\"image\/png\" \/>\n<meta name=\"author\" content=\"Jana Tiemi Homma\" \/>\n<meta name=\"twitter:card\" content=\"summary_large_image\" \/>\n<meta name=\"twitter:label1\" content=\"Escrito por\" \/>\n\t<meta name=\"twitter:data1\" content=\"Jana Tiemi Homma\" \/>\n\t<meta name=\"twitter:label2\" content=\"Est. tempo de leitura\" \/>\n\t<meta name=\"twitter:data2\" content=\"1 minuto\" \/>\n<script type=\"application\/ld+json\" class=\"yoast-schema-graph\">{\"@context\":\"https:\/\/schema.org\",\"@graph\":[{\"@type\":\"Article\",\"@id\":\"https:\/\/tecnologia.prefeitura.sp.gov.br\/?p=3584#article\",\"isPartOf\":{\"@id\":\"https:\/\/tecnologia.prefeitura.sp.gov.br\/?p=3584\"},\"author\":{\"name\":\"Jana Tiemi Homma\",\"@id\":\"https:\/\/tecnologia.prefeitura.sp.gov.br\/#\/schema\/person\/bdc02c847813f8ee8b88210d9a3e619a\"},\"headline\":\"Ipem-SP lan\u00e7a novo site priorizando o atendimento \u00e0 popula\u00e7\u00e3o\",\"datePublished\":\"2020-12-04T13:35:53+00:00\",\"dateModified\":\"2020-12-04T13:35:55+00:00\",\"mainEntityOfPage\":{\"@id\":\"https:\/\/tecnologia.prefeitura.sp.gov.br\/?p=3584\"},\"wordCount\":264,\"commentCount\":0,\"publisher\":{\"@id\":\"https:\/\/tecnologia.prefeitura.sp.gov.br\/#organization\"},\"image\":{\"@id\":\"https:\/\/tecnologia.prefeitura.sp.gov.br\/?p=3584#primaryimage\"},\"thumbnailUrl\":\"https:\/\/tecnologia.prefeitura.sp.gov.br\/wp-content\/uploads\/2020\/12\/Ipem-SP-lan\u00e7a-novo-site-priorizando-o-atendimento-\u00e0-popula\u00e7\u00e3o.png\",\"articleSection\":[\"Not\u00edcias\"],\"inLanguage\":\"pt-BR\",\"potentialAction\":[{\"@type\":\"CommentAction\",\"name\":\"Comment\",\"target\":[\"https:\/\/tecnologia.prefeitura.sp.gov.br\/?p=3584#respond\"]}]},{\"@type\":\"WebPage\",\"@id\":\"https:\/\/tecnologia.prefeitura.sp.gov.br\/?p=3584\",\"url\":\"https:\/\/tecnologia.prefeitura.sp.gov.br\/?p=3584\",\"name\":\"Ipem-SP lan\u00e7a novo site priorizando o atendimento \u00e0 popula\u00e7\u00e3o &#8211;\",\"isPartOf\":{\"@id\":\"https:\/\/tecnologia.prefeitura.sp.gov.br\/#website\"},\"primaryImageOfPage\":{\"@id\":\"https:\/\/tecnologia.prefeitura.sp.gov.br\/?p=3584#primaryimage\"},\"image\":{\"@id\":\"https:\/\/tecnologia.prefeitura.sp.gov.br\/?p=3584#primaryimage\"},\"thumbnailUrl\":\"https:\/\/tecnologia.prefeitura.sp.gov.br\/wp-content\/uploads\/2020\/12\/Ipem-SP-lan\u00e7a-novo-site-priorizando-o-atendimento-\u00e0-popula\u00e7\u00e3o.png\",\"datePublished\":\"2020-12-04T13:35:53+00:00\",\"dateModified\":\"2020-12-04T13:35:55+00:00\",\"breadcrumb\":{\"@id\":\"https:\/\/tecnologia.prefeitura.sp.gov.br\/?p=3584#breadcrumb\"},\"inLanguage\":\"pt-BR\",\"potentialAction\":[{\"@type\":\"ReadAction\",\"target\":[\"https:\/\/tecnologia.prefeitura.sp.gov.br\/?p=3584\"]}]},{\"@type\":\"ImageObject\",\"inLanguage\":\"pt-BR\",\"@id\":\"https:\/\/tecnologia.prefeitura.sp.gov.br\/?p=3584#primaryimage\",\"url\":\"https:\/\/tecnologia.prefeitura.sp.gov.br\/wp-content\/uploads\/2020\/12\/Ipem-SP-lan\u00e7a-novo-site-priorizando-o-atendimento-\u00e0-popula\u00e7\u00e3o.png\",\"contentUrl\":\"https:\/\/tecnologia.prefeitura.sp.gov.br\/wp-content\/uploads\/2020\/12\/Ipem-SP-lan\u00e7a-novo-site-priorizando-o-atendimento-\u00e0-popula\u00e7\u00e3o.png\",\"width\":1600,\"height\":1200},{\"@type\":\"BreadcrumbList\",\"@id\":\"https:\/\/tecnologia.prefeitura.sp.gov.br\/?p=3584#breadcrumb\",\"itemListElement\":[{\"@type\":\"ListItem\",\"position\":1,\"name\":\"In\u00edcio\",\"item\":\"https:\/\/tecnologia.prefeitura.sp.gov.br\/\"},{\"@type\":\"ListItem\",\"position\":2,\"name\":\"Ipem-SP lan\u00e7a novo site priorizando o atendimento \u00e0 popula\u00e7\u00e3o\"}]},{\"@type\":\"WebSite\",\"@id\":\"https:\/\/tecnologia.prefeitura.sp.gov.br\/#website\",\"url\":\"https:\/\/tecnologia.prefeitura.sp.gov.br\/\",\"name\":\"Tecnologia cidade de S\u00e3o Paulo\",\"description\":\"Este portal foi criado com o intuito de divulgar diretrizes, boas pr\u00e1ticas e casos de sucesso no uso de tecnologia na Prefeitura da cidade de S\u00e3o Paulo. Seu p\u00fablico prim\u00e1rio s\u00e3o os servidores e servidoras p\u00fablicos, para que tenhamos mais pessoas entendendo de tecnologia para resolver problemas de pessoas.\",\"publisher\":{\"@id\":\"https:\/\/tecnologia.prefeitura.sp.gov.br\/#organization\"},\"potentialAction\":[{\"@type\":\"SearchAction\",\"target\":{\"@type\":\"EntryPoint\",\"urlTemplate\":\"https:\/\/tecnologia.prefeitura.sp.gov.br\/?s={search_term_string}\"},\"query-input\":{\"@type\":\"PropertyValueSpecification\",\"valueRequired\":true,\"valueName\":\"search_term_string\"}}],\"inLanguage\":\"pt-BR\"},{\"@type\":\"Organization\",\"@id\":\"https:\/\/tecnologia.prefeitura.sp.gov.br\/#organization\",\"name\":\"Secretaria Municipal de Inova\u00e7\u00e3o e Tecnologia\",\"url\":\"https:\/\/tecnologia.prefeitura.sp.gov.br\/\",\"logo\":{\"@type\":\"ImageObject\",\"inLanguage\":\"pt-BR\",\"@id\":\"https:\/\/tecnologia.prefeitura.sp.gov.br\/#\/schema\/logo\/image\/\",\"url\":\"http:\/\/54.207.50.161\/wp-content\/uploads\/2019\/10\/logo-gov-ti.png\",\"contentUrl\":\"http:\/\/54.207.50.161\/wp-content\/uploads\/2019\/10\/logo-gov-ti.png\",\"width\":250,\"height\":215,\"caption\":\"Secretaria Municipal de Inova\u00e7\u00e3o e Tecnologia\"},\"image\":{\"@id\":\"https:\/\/tecnologia.prefeitura.sp.gov.br\/#\/schema\/logo\/image\/\"}},{\"@type\":\"Person\",\"@id\":\"https:\/\/tecnologia.prefeitura.sp.gov.br\/#\/schema\/person\/bdc02c847813f8ee8b88210d9a3e619a\",\"name\":\"Jana Tiemi Homma\",\"image\":{\"@type\":\"ImageObject\",\"inLanguage\":\"pt-BR\",\"@id\":\"https:\/\/tecnologia.prefeitura.sp.gov.br\/#\/schema\/person\/image\/\",\"url\":\"https:\/\/secure.gravatar.com\/avatar\/dc89cfbcecd84c1a19a0b8e2ce94215d5ad6838e031f11ffe6931ecd959d6a8c?s=96&d=mm&r=g\",\"contentUrl\":\"https:\/\/secure.gravatar.com\/avatar\/dc89cfbcecd84c1a19a0b8e2ce94215d5ad6838e031f11ffe6931ecd959d6a8c?s=96&d=mm&r=g\",\"caption\":\"Jana Tiemi Homma\"},\"url\":\"https:\/\/tecnologia.prefeitura.sp.gov.br\/?author=13\"}]}<\/script>\n<!-- \/ Yoast SEO plugin. -->","yoast_head_json":{"title":"Ipem-SP lan\u00e7a novo site priorizando o atendimento \u00e0 popula\u00e7\u00e3o &#8211;","robots":{"index":"index","follow":"follow","max-snippet":"max-snippet:-1","max-image-preview":"max-image-preview:large","max-video-preview":"max-video-preview:-1"},"canonical":"https:\/\/tecnologia.prefeitura.sp.gov.br\/?p=3584","og_locale":"pt_BR","og_type":"article","og_title":"Ipem-SP lan\u00e7a novo site priorizando o atendimento \u00e0 popula\u00e7\u00e3o &#8211;","og_description":"O Ipem-SP (Instituto de Pesos e Medidas do Estado de S\u00e3o Paulo), autarquia do Governo do Estado, vinculada \u00e0 Secretaria da Justi\u00e7a, e \u00f3rg\u00e3o delegado do Inmetro, tem novo site com tecnologia mais moderna, facilidade de navega\u00e7\u00e3o, economia de tempo e novas funcionalidades, priorizando o atendimento \u00e0 popula\u00e7\u00e3o, e de acordo com exig\u00eancias b\u00e1sicas \u00e0 [&hellip;]","og_url":"https:\/\/tecnologia.prefeitura.sp.gov.br\/?p=3584","article_published_time":"2020-12-04T13:35:53+00:00","article_modified_time":"2020-12-04T13:35:55+00:00","og_image":[{"width":1600,"height":1200,"url":"https:\/\/tecnologia.prefeitura.sp.gov.br\/wp-content\/uploads\/2020\/12\/Ipem-SP-lan\u00e7a-novo-site-priorizando-o-atendimento-\u00e0-popula\u00e7\u00e3o.png","type":"image\/png"}],"author":"Jana Tiemi Homma","twitter_card":"summary_large_image","twitter_misc":{"Escrito por":"Jana Tiemi Homma","Est. tempo de leitura":"1 minuto"},"schema":{"@context":"https:\/\/schema.org","@graph":[{"@type":"Article","@id":"https:\/\/tecnologia.prefeitura.sp.gov.br\/?p=3584#article","isPartOf":{"@id":"https:\/\/tecnologia.prefeitura.sp.gov.br\/?p=3584"},"author":{"name":"Jana Tiemi Homma","@id":"https:\/\/tecnologia.prefeitura.sp.gov.br\/#\/schema\/person\/bdc02c847813f8ee8b88210d9a3e619a"},"headline":"Ipem-SP lan\u00e7a novo site priorizando o atendimento \u00e0 popula\u00e7\u00e3o","datePublished":"2020-12-04T13:35:53+00:00","dateModified":"2020-12-04T13:35:55+00:00","mainEntityOfPage":{"@id":"https:\/\/tecnologia.prefeitura.sp.gov.br\/?p=3584"},"wordCount":264,"commentCount":0,"publisher":{"@id":"https:\/\/tecnologia.prefeitura.sp.gov.br\/#organization"},"image":{"@id":"https:\/\/tecnologia.prefeitura.sp.gov.br\/?p=3584#primaryimage"},"thumbnailUrl":"https:\/\/tecnologia.prefeitura.sp.gov.br\/wp-content\/uploads\/2020\/12\/Ipem-SP-lan\u00e7a-novo-site-priorizando-o-atendimento-\u00e0-popula\u00e7\u00e3o.png","articleSection":["Not\u00edcias"],"inLanguage":"pt-BR","potentialAction":[{"@type":"CommentAction","name":"Comment","target":["https:\/\/tecnologia.prefeitura.sp.gov.br\/?p=3584#respond"]}]},{"@type":"WebPage","@id":"https:\/\/tecnologia.prefeitura.sp.gov.br\/?p=3584","url":"https:\/\/tecnologia.prefeitura.sp.gov.br\/?p=3584","name":"Ipem-SP lan\u00e7a novo site priorizando o atendimento \u00e0 popula\u00e7\u00e3o &#8211;","isPartOf":{"@id":"https:\/\/tecnologia.prefeitura.sp.gov.br\/#website"},"primaryImageOfPage":{"@id":"https:\/\/tecnologia.prefeitura.sp.gov.br\/?p=3584#primaryimage"},"image":{"@id":"https:\/\/tecnologia.prefeitura.sp.gov.br\/?p=3584#primaryimage"},"thumbnailUrl":"https:\/\/tecnologia.prefeitura.sp.gov.br\/wp-content\/uploads\/2020\/12\/Ipem-SP-lan\u00e7a-novo-site-priorizando-o-atendimento-\u00e0-popula\u00e7\u00e3o.png","datePublished":"2020-12-04T13:35:53+00:00","dateModified":"2020-12-04T13:35:55+00:00","breadcrumb":{"@id":"https:\/\/tecnologia.prefeitura.sp.gov.br\/?p=3584#breadcrumb"},"inLanguage":"pt-BR","potentialAction":[{"@type":"ReadAction","target":["https:\/\/tecnologia.prefeitura.sp.gov.br\/?p=3584"]}]},{"@type":"ImageObject","inLanguage":"pt-BR","@id":"https:\/\/tecnologia.prefeitura.sp.gov.br\/?p=3584#primaryimage","url":"https:\/\/tecnologia.prefeitura.sp.gov.br\/wp-content\/uploads\/2020\/12\/Ipem-SP-lan\u00e7a-novo-site-priorizando-o-atendimento-\u00e0-popula\u00e7\u00e3o.png","contentUrl":"https:\/\/tecnologia.prefeitura.sp.gov.br\/wp-content\/uploads\/2020\/12\/Ipem-SP-lan\u00e7a-novo-site-priorizando-o-atendimento-\u00e0-popula\u00e7\u00e3o.png","width":1600,"height":1200},{"@type":"BreadcrumbList","@id":"https:\/\/tecnologia.prefeitura.sp.gov.br\/?p=3584#breadcrumb","itemListElement":[{"@type":"ListItem","position":1,"name":"In\u00edcio","item":"https:\/\/tecnologia.prefeitura.sp.gov.br\/"},{"@type":"ListItem","position":2,"name":"Ipem-SP lan\u00e7a novo site priorizando o atendimento \u00e0 popula\u00e7\u00e3o"}]},{"@type":"WebSite","@id":"https:\/\/tecnologia.prefeitura.sp.gov.br\/#website","url":"https:\/\/tecnologia.prefeitura.sp.gov.br\/","name":"Tecnologia cidade de S\u00e3o Paulo","description":"Este portal foi criado com o intuito de divulgar diretrizes, boas pr\u00e1ticas e casos de sucesso no uso de tecnologia na Prefeitura da cidade de S\u00e3o Paulo. Seu p\u00fablico prim\u00e1rio s\u00e3o os servidores e servidoras p\u00fablicos, para que tenhamos mais pessoas entendendo de tecnologia para resolver problemas de pessoas.","publisher":{"@id":"https:\/\/tecnologia.prefeitura.sp.gov.br\/#organization"},"potentialAction":[{"@type":"SearchAction","target":{"@type":"EntryPoint","urlTemplate":"https:\/\/tecnologia.prefeitura.sp.gov.br\/?s={search_term_string}"},"query-input":{"@type":"PropertyValueSpecification","valueRequired":true,"valueName":"search_term_string"}}],"inLanguage":"pt-BR"},{"@type":"Organization","@id":"https:\/\/tecnologia.prefeitura.sp.gov.br\/#organization","name":"Secretaria Municipal de Inova\u00e7\u00e3o e Tecnologia","url":"https:\/\/tecnologia.prefeitura.sp.gov.br\/","logo":{"@type":"ImageObject","inLanguage":"pt-BR","@id":"https:\/\/tecnologia.prefeitura.sp.gov.br\/#\/schema\/logo\/image\/","url":"http:\/\/54.207.50.161\/wp-content\/uploads\/2019\/10\/logo-gov-ti.png","contentUrl":"http:\/\/54.207.50.161\/wp-content\/uploads\/2019\/10\/logo-gov-ti.png","width":250,"height":215,"caption":"Secretaria Municipal de Inova\u00e7\u00e3o e Tecnologia"},"image":{"@id":"https:\/\/tecnologia.prefeitura.sp.gov.br\/#\/schema\/logo\/image\/"}},{"@type":"Person","@id":"https:\/\/tecnologia.prefeitura.sp.gov.br\/#\/schema\/person\/bdc02c847813f8ee8b88210d9a3e619a","name":"Jana Tiemi Homma","image":{"@type":"ImageObject","inLanguage":"pt-BR","@id":"https:\/\/tecnologia.prefeitura.sp.gov.br\/#\/schema\/person\/image\/","url":"https:\/\/secure.gravatar.com\/avatar\/dc89cfbcecd84c1a19a0b8e2ce94215d5ad6838e031f11ffe6931ecd959d6a8c?s=96&d=mm&r=g","contentUrl":"https:\/\/secure.gravatar.com\/avatar\/dc89cfbcecd84c1a19a0b8e2ce94215d5ad6838e031f11ffe6931ecd959d6a8c?s=96&d=mm&r=g","caption":"Jana Tiemi Homma"},"url":"https:\/\/tecnologia.prefeitura.sp.gov.br\/?author=13"}]}},"_links":{"self":[{"href":"https:\/\/tecnologia.prefeitura.sp.gov.br\/index.php?rest_route=\/wp\/v2\/posts\/3584","targetHints":{"allow":["GET"]}}],"collection":[{"href":"https:\/\/tecnologia.prefeitura.sp.gov.br\/index.php?rest_route=\/wp\/v2\/posts"}],"about":[{"href":"https:\/\/tecnologia.prefeitura.sp.gov.br\/index.php?rest_route=\/wp\/v2\/types\/post"}],"author":[{"embeddable":true,"href":"https:\/\/tecnologia.prefeitura.sp.gov.br\/index.php?rest_route=\/wp\/v2\/users\/13"}],"replies":[{"embeddable":true,"href":"https:\/\/tecnologia.prefeitura.sp.gov.br\/index.php?rest_route=%2Fwp%2Fv2%2Fcomments&post=3584"}],"version-history":[{"count":1,"href":"https:\/\/tecnologia.prefeitura.sp.gov.br\/index.php?rest_route=\/wp\/v2\/posts\/3584\/revisions"}],"predecessor-version":[{"id":3600,"href":"https:\/\/tecnologia.prefeitura.sp.gov.br\/index.php?rest_route=\/wp\/v2\/posts\/3584\/revisions\/3600"}],"wp:featuredmedia":[{"embeddable":true,"href":"https:\/\/tecnologia.prefeitura.sp.gov.br\/index.php?rest_route=\/wp\/v2\/media\/3599"}],"wp:attachment":[{"href":"https:\/\/tecnologia.prefeitura.sp.gov.br\/index.php?rest_route=%2Fwp%2Fv2%2Fmedia&parent=3584"}],"wp:term":[{"taxonomy":"category","embeddable":true,"href":"https:\/\/tecnologia.prefeitura.sp.gov.br\/index.php?rest_route=%2Fwp%2Fv2%2Fcategories&post=3584"},{"taxonomy":"post_tag","embeddable":true,"href":"https:\/\/tecnologia.prefeitura.sp.gov.br\/index.php?rest_route=%2Fwp%2Fv2%2Ftags&post=3584"}],"curies":[{"name":"wp","href":"https:\/\/api.w.org\/{rel}","templated":true}]}}