{"id":3590,"date":"2020-12-04T10:23:37","date_gmt":"2020-12-04T13:23:37","guid":{"rendered":"https:\/\/tecnologia.prefeitura.sp.gov.br\/?p=3590"},"modified":"2020-12-04T10:23:38","modified_gmt":"2020-12-04T13:23:38","slug":"com-tecnologia-e-inovacao-producao-agropecuaria-dobrou-no-brasil-em-22-anos","status":"publish","type":"post","link":"https:\/\/tecnologia.prefeitura.sp.gov.br\/?p=3590","title":{"rendered":"Com tecnologia e inova\u00e7\u00e3o, produ\u00e7\u00e3o agropecu\u00e1ria dobrou no Brasil em 22 anos"},"content":{"rendered":"\n<p>Foi lan\u00e7ado dia 1 de dezembro o livro \u201cUma Jornada Pelos Contrastes do Brasil: Cem anos do Censo Agropecu\u00e1rio\u201d pelo Minist\u00e9rio da Agricultura, Pecu\u00e1ria e Abastecimento (Mapa), em parceria com o Instituto de Pesquisa Econ\u00f4mica Aplicada (Ipea) e o Instituto Brasileiro de Geografia e Estat\u00edstica (IBGE). Com a participa\u00e7\u00e3o de 64 pesquisadores de diversas institui\u00e7\u00f5es, a publica\u00e7\u00e3o traz um diagn\u00f3stico atual da agropecu\u00e1ria brasileira a partir de uma an\u00e1lise hist\u00f3rica e de informa\u00e7\u00f5es estat\u00edsticas coletadas pelo censo agropecu\u00e1rio desde 1920.<\/p>\n\n\n\n<p>A publica\u00e7\u00e3o foi organizada pelos pesquisadores Jos\u00e9 Eust\u00e1quio Ribeiro Vieira Filho (diretor de Programa do Mapa) e Jos\u00e9 Garcia Gasques (coordenador-geral de Pol\u00edticas e Informa\u00e7\u00f5es do Mapa), que dividiram as an\u00e1lises em cinco temas: produ\u00e7\u00e3o e renda, produtividade e inova\u00e7\u00e3o, agricultura familiar, pol\u00edticas p\u00fablicas e sustentabilidade produtiva.<\/p>\n\n\n\n<p>Segundo estes dados, nos \u00faltimos 47 anos, a agropecu\u00e1ria cresceu em m\u00e9dia 3,22% ao ano. Entre os censos de 2006 e 2017, a taxa de crescimento aproximou-se de 4,3%, superando Estados Unidos (1,9%), China (3,3%), Chile (3,1%) e Argentina (2,7%). De 1995 a 2017, o Valor Bruto da Produ\u00e7\u00e3o dobrou, sendo que a tecnologia foi respons\u00e1vel por mais de 60% desse crescimento.<\/p>\n\n\n\n<p>Em 1995-1996, a tecnologia respondia por 50,6% do total da produ\u00e7\u00e3o do agro, ao lado de 31,3% do uso da m\u00e3o de obra e 18,1%, da terra. Em 2006, esse percentual passou para 56,8% e, em 2017, saltou para 60,6%.<\/p>\n\n\n\n<p>A mudan\u00e7a na frota de tratores assim como o desenvolvimento de variedades de sementes mais adaptadas aos diferentes tipos de solo e clima do pa\u00eds s\u00e3o indicadores da moderniza\u00e7\u00e3o do setor. A oferta de m\u00e1quinas agr\u00edcolas cresceu no pa\u00eds junto com o avan\u00e7o da soja e do milho a partir da d\u00e9cada de 1960, com o surgimento de variedades dos gr\u00e3os mais adaptados ao clima e condi\u00e7\u00f5es do pa\u00eds.<\/p>\n\n\n\n<p>No quesito sustentabilidade, o livro traz uma an\u00e1lise sobre a ado\u00e7\u00e3o do Sistema Plantio Direto (SPD) no pa\u00eds. O plantio direto \u00e9 uma alternativa tecnol\u00f3gica para aumentar a produtividade agr\u00edcola e minimizar a emiss\u00e3o dos gases de efeito estufa. No plantio direto, \u00e9 mantida a cobertura permanente do solo com res\u00edduos vegetais (palhada) ou plantas vivas por mais tempo poss\u00edvel, as culturas s\u00e3o diversificadas ampliando a biodiversidade, uso de insumos de forma precisa e controle do tr\u00e1fego de m\u00e1quinas e equipamentos agr\u00edcolas.<\/p>\n\n\n\n<p>Entre os censos agropecu\u00e1rios de 2006 e 2017, a \u00e1rea total com plantio direto passou de 17,9 milh\u00f5es para 33,1 milh\u00f5es de hectares (crescimento de 84,9%). Quanto aos estabelecimentos rurais com SPD, a expans\u00e3o foi de 9,2%, de 506,7 mil para 553,4 mil.<\/p>\n\n\n\n<p>Veja o <a href=\"https:\/\/www.ipea.gov.br\/portal\/index.php?option=com_content&amp;view=article&amp;id=37147\">livro<\/a><\/p>\n\n\n\n<p>Fonte: <a href=\"https:\/\/www.gov.br\/pt-br\/noticias\/agricultura-e-pecuaria\/2020\/12\/com-tecnologia-e-inovacao-producao-agropecuaria-dobrou-no-brasil-em-22-anos\">https:\/\/www.gov.br\/pt-br\/noticias\/agricultura-e-pecuaria\/2020\/12\/com-tecnologia-e-inovacao-producao-agropecuaria-dobrou-no-brasil-em-22-anos<\/a><\/p>\n","protected":false},"excerpt":{"rendered":"<p>Foi lan\u00e7ado dia 1 de dezembro o livro \u201cUma Jornada Pelos Contrastes do Brasil: Cem anos do Censo Agropecu\u00e1rio\u201d pelo Minist\u00e9rio da Agricultura, Pecu\u00e1ria e Abastecimento (Mapa), em parceria com o Instituto de Pesquisa Econ\u00f4mica Aplicada (Ipea) e o Instituto Brasileiro de Geografia e Estat\u00edstica (IBGE). Com a participa\u00e7\u00e3o de 64 pesquisadores de diversas institui\u00e7\u00f5es, [&hellip;]<\/p>\n","protected":false},"author":13,"featured_media":3591,"comment_status":"open","ping_status":"open","sticky":false,"template":"","format":"standard","meta":{"_monsterinsights_skip_tracking":false,"_monsterinsights_sitenote_active":false,"_monsterinsights_sitenote_note":"","_monsterinsights_sitenote_category":0,"site-sidebar-layout":"default","site-content-layout":"","ast-site-content-layout":"","site-content-style":"default","site-sidebar-style":"default","ast-global-header-display":"","ast-banner-title-visibility":"","ast-main-header-display":"","ast-hfb-above-header-display":"","ast-hfb-below-header-display":"","ast-hfb-mobile-header-display":"","site-post-title":"","ast-breadcrumbs-content":"","ast-featured-img":"","footer-sml-layout":"","theme-transparent-header-meta":"","adv-header-id-meta":"","stick-header-meta":"","header-above-stick-meta":"","header-main-stick-meta":"","header-below-stick-meta":"","astra-migrate-meta-layouts":"default","ast-page-background-enabled":"default","ast-page-background-meta":{"desktop":{"background-color":"var(--ast-global-color-5)","background-image":"","background-repeat":"repeat","background-position":"center center","background-size":"auto","background-attachment":"scroll","background-type":"","background-media":"","overlay-type":"","overlay-color":"","overlay-opacity":"","overlay-gradient":""},"tablet":{"background-color":"","background-image":"","background-repeat":"repeat","background-position":"center center","background-size":"auto","background-attachment":"scroll","background-type":"","background-media":"","overlay-type":"","overlay-color":"","overlay-opacity":"","overlay-gradient":""},"mobile":{"background-color":"","background-image":"","background-repeat":"repeat","background-position":"center center","background-size":"auto","background-attachment":"scroll","background-type":"","background-media":"","overlay-type":"","overlay-color":"","overlay-opacity":"","overlay-gradient":""}},"ast-content-background-meta":{"desktop":{"background-color":"var(--ast-global-color-4)","background-image":"","background-repeat":"repeat","background-position":"center center","background-size":"auto","background-attachment":"scroll","background-type":"","background-media":"","overlay-type":"","overlay-color":"","overlay-opacity":"","overlay-gradient":""},"tablet":{"background-color":"var(--ast-global-color-4)","background-image":"","background-repeat":"repeat","background-position":"center center","background-size":"auto","background-attachment":"scroll","background-type":"","background-media":"","overlay-type":"","overlay-color":"","overlay-opacity":"","overlay-gradient":""},"mobile":{"background-color":"var(--ast-global-color-4)","background-image":"","background-repeat":"repeat","background-position":"center center","background-size":"auto","background-attachment":"scroll","background-type":"","background-media":"","overlay-type":"","overlay-color":"","overlay-opacity":"","overlay-gradient":""}},"footnotes":""},"categories":[8],"tags":[],"class_list":["post-3590","post","type-post","status-publish","format-standard","has-post-thumbnail","hentry","category-noticias"],"yoast_head":"<!-- This site is optimized with the Yoast SEO plugin v27.0 - https:\/\/yoast.com\/product\/yoast-seo-wordpress\/ -->\n<title>Com tecnologia e inova\u00e7\u00e3o, produ\u00e7\u00e3o agropecu\u00e1ria dobrou no Brasil em 22 anos &#8211;<\/title>\n<meta name=\"robots\" content=\"index, follow, max-snippet:-1, max-image-preview:large, max-video-preview:-1\" \/>\n<link rel=\"canonical\" href=\"https:\/\/tecnologia.prefeitura.sp.gov.br\/?p=3590\" \/>\n<meta property=\"og:locale\" content=\"pt_BR\" \/>\n<meta property=\"og:type\" content=\"article\" \/>\n<meta property=\"og:title\" content=\"Com tecnologia e inova\u00e7\u00e3o, produ\u00e7\u00e3o agropecu\u00e1ria dobrou no Brasil em 22 anos &#8211;\" \/>\n<meta property=\"og:description\" content=\"Foi lan\u00e7ado dia 1 de dezembro o livro \u201cUma Jornada Pelos Contrastes do Brasil: Cem anos do Censo Agropecu\u00e1rio\u201d pelo Minist\u00e9rio da Agricultura, Pecu\u00e1ria e Abastecimento (Mapa), em parceria com o Instituto de Pesquisa Econ\u00f4mica Aplicada (Ipea) e o Instituto Brasileiro de Geografia e Estat\u00edstica (IBGE). Com a participa\u00e7\u00e3o de 64 pesquisadores de diversas institui\u00e7\u00f5es, [&hellip;]\" \/>\n<meta property=\"og:url\" content=\"https:\/\/tecnologia.prefeitura.sp.gov.br\/?p=3590\" \/>\n<meta property=\"article:published_time\" content=\"2020-12-04T13:23:37+00:00\" \/>\n<meta property=\"article:modified_time\" content=\"2020-12-04T13:23:38+00:00\" \/>\n<meta property=\"og:image\" content=\"https:\/\/tecnologia.prefeitura.sp.gov.br\/wp-content\/uploads\/2020\/12\/Com-tecnologia-e-inova\u00e7\u00e3o-produ\u00e7\u00e3o-agropecu\u00e1ria-dobrou-no-Brasil-em-22-anos.png\" \/>\n\t<meta property=\"og:image:width\" content=\"1600\" \/>\n\t<meta property=\"og:image:height\" content=\"1200\" \/>\n\t<meta property=\"og:image:type\" content=\"image\/png\" \/>\n<meta name=\"author\" content=\"Jana Tiemi Homma\" \/>\n<meta name=\"twitter:card\" content=\"summary_large_image\" \/>\n<meta name=\"twitter:label1\" content=\"Escrito por\" \/>\n\t<meta name=\"twitter:data1\" content=\"Jana Tiemi Homma\" \/>\n\t<meta name=\"twitter:label2\" content=\"Est. tempo de leitura\" \/>\n\t<meta name=\"twitter:data2\" content=\"2 minutos\" \/>\n<script type=\"application\/ld+json\" class=\"yoast-schema-graph\">{\"@context\":\"https:\/\/schema.org\",\"@graph\":[{\"@type\":\"Article\",\"@id\":\"https:\/\/tecnologia.prefeitura.sp.gov.br\/?p=3590#article\",\"isPartOf\":{\"@id\":\"https:\/\/tecnologia.prefeitura.sp.gov.br\/?p=3590\"},\"author\":{\"name\":\"Jana Tiemi Homma\",\"@id\":\"https:\/\/tecnologia.prefeitura.sp.gov.br\/#\/schema\/person\/bdc02c847813f8ee8b88210d9a3e619a\"},\"headline\":\"Com tecnologia e inova\u00e7\u00e3o, produ\u00e7\u00e3o agropecu\u00e1ria dobrou no Brasil em 22 anos\",\"datePublished\":\"2020-12-04T13:23:37+00:00\",\"dateModified\":\"2020-12-04T13:23:38+00:00\",\"mainEntityOfPage\":{\"@id\":\"https:\/\/tecnologia.prefeitura.sp.gov.br\/?p=3590\"},\"wordCount\":476,\"commentCount\":0,\"publisher\":{\"@id\":\"https:\/\/tecnologia.prefeitura.sp.gov.br\/#organization\"},\"image\":{\"@id\":\"https:\/\/tecnologia.prefeitura.sp.gov.br\/?p=3590#primaryimage\"},\"thumbnailUrl\":\"https:\/\/tecnologia.prefeitura.sp.gov.br\/wp-content\/uploads\/2020\/12\/Com-tecnologia-e-inova\u00e7\u00e3o-produ\u00e7\u00e3o-agropecu\u00e1ria-dobrou-no-Brasil-em-22-anos.png\",\"articleSection\":[\"Not\u00edcias\"],\"inLanguage\":\"pt-BR\",\"potentialAction\":[{\"@type\":\"CommentAction\",\"name\":\"Comment\",\"target\":[\"https:\/\/tecnologia.prefeitura.sp.gov.br\/?p=3590#respond\"]}]},{\"@type\":\"WebPage\",\"@id\":\"https:\/\/tecnologia.prefeitura.sp.gov.br\/?p=3590\",\"url\":\"https:\/\/tecnologia.prefeitura.sp.gov.br\/?p=3590\",\"name\":\"Com tecnologia e inova\u00e7\u00e3o, produ\u00e7\u00e3o agropecu\u00e1ria dobrou no Brasil em 22 anos &#8211;\",\"isPartOf\":{\"@id\":\"https:\/\/tecnologia.prefeitura.sp.gov.br\/#website\"},\"primaryImageOfPage\":{\"@id\":\"https:\/\/tecnologia.prefeitura.sp.gov.br\/?p=3590#primaryimage\"},\"image\":{\"@id\":\"https:\/\/tecnologia.prefeitura.sp.gov.br\/?p=3590#primaryimage\"},\"thumbnailUrl\":\"https:\/\/tecnologia.prefeitura.sp.gov.br\/wp-content\/uploads\/2020\/12\/Com-tecnologia-e-inova\u00e7\u00e3o-produ\u00e7\u00e3o-agropecu\u00e1ria-dobrou-no-Brasil-em-22-anos.png\",\"datePublished\":\"2020-12-04T13:23:37+00:00\",\"dateModified\":\"2020-12-04T13:23:38+00:00\",\"breadcrumb\":{\"@id\":\"https:\/\/tecnologia.prefeitura.sp.gov.br\/?p=3590#breadcrumb\"},\"inLanguage\":\"pt-BR\",\"potentialAction\":[{\"@type\":\"ReadAction\",\"target\":[\"https:\/\/tecnologia.prefeitura.sp.gov.br\/?p=3590\"]}]},{\"@type\":\"ImageObject\",\"inLanguage\":\"pt-BR\",\"@id\":\"https:\/\/tecnologia.prefeitura.sp.gov.br\/?p=3590#primaryimage\",\"url\":\"https:\/\/tecnologia.prefeitura.sp.gov.br\/wp-content\/uploads\/2020\/12\/Com-tecnologia-e-inova\u00e7\u00e3o-produ\u00e7\u00e3o-agropecu\u00e1ria-dobrou-no-Brasil-em-22-anos.png\",\"contentUrl\":\"https:\/\/tecnologia.prefeitura.sp.gov.br\/wp-content\/uploads\/2020\/12\/Com-tecnologia-e-inova\u00e7\u00e3o-produ\u00e7\u00e3o-agropecu\u00e1ria-dobrou-no-Brasil-em-22-anos.png\",\"width\":1600,\"height\":1200},{\"@type\":\"BreadcrumbList\",\"@id\":\"https:\/\/tecnologia.prefeitura.sp.gov.br\/?p=3590#breadcrumb\",\"itemListElement\":[{\"@type\":\"ListItem\",\"position\":1,\"name\":\"In\u00edcio\",\"item\":\"https:\/\/tecnologia.prefeitura.sp.gov.br\/\"},{\"@type\":\"ListItem\",\"position\":2,\"name\":\"Com tecnologia e inova\u00e7\u00e3o, produ\u00e7\u00e3o agropecu\u00e1ria dobrou no Brasil em 22 anos\"}]},{\"@type\":\"WebSite\",\"@id\":\"https:\/\/tecnologia.prefeitura.sp.gov.br\/#website\",\"url\":\"https:\/\/tecnologia.prefeitura.sp.gov.br\/\",\"name\":\"Tecnologia cidade de S\u00e3o Paulo\",\"description\":\"Este portal foi criado com o intuito de divulgar diretrizes, boas pr\u00e1ticas e casos de sucesso no uso de tecnologia na Prefeitura da cidade de S\u00e3o Paulo. Seu p\u00fablico prim\u00e1rio s\u00e3o os servidores e servidoras p\u00fablicos, para que tenhamos mais pessoas entendendo de tecnologia para resolver problemas de pessoas.\",\"publisher\":{\"@id\":\"https:\/\/tecnologia.prefeitura.sp.gov.br\/#organization\"},\"potentialAction\":[{\"@type\":\"SearchAction\",\"target\":{\"@type\":\"EntryPoint\",\"urlTemplate\":\"https:\/\/tecnologia.prefeitura.sp.gov.br\/?s={search_term_string}\"},\"query-input\":{\"@type\":\"PropertyValueSpecification\",\"valueRequired\":true,\"valueName\":\"search_term_string\"}}],\"inLanguage\":\"pt-BR\"},{\"@type\":\"Organization\",\"@id\":\"https:\/\/tecnologia.prefeitura.sp.gov.br\/#organization\",\"name\":\"Secretaria Municipal de Inova\u00e7\u00e3o e Tecnologia\",\"url\":\"https:\/\/tecnologia.prefeitura.sp.gov.br\/\",\"logo\":{\"@type\":\"ImageObject\",\"inLanguage\":\"pt-BR\",\"@id\":\"https:\/\/tecnologia.prefeitura.sp.gov.br\/#\/schema\/logo\/image\/\",\"url\":\"http:\/\/54.207.50.161\/wp-content\/uploads\/2019\/10\/logo-gov-ti.png\",\"contentUrl\":\"http:\/\/54.207.50.161\/wp-content\/uploads\/2019\/10\/logo-gov-ti.png\",\"width\":250,\"height\":215,\"caption\":\"Secretaria Municipal de Inova\u00e7\u00e3o e Tecnologia\"},\"image\":{\"@id\":\"https:\/\/tecnologia.prefeitura.sp.gov.br\/#\/schema\/logo\/image\/\"}},{\"@type\":\"Person\",\"@id\":\"https:\/\/tecnologia.prefeitura.sp.gov.br\/#\/schema\/person\/bdc02c847813f8ee8b88210d9a3e619a\",\"name\":\"Jana Tiemi Homma\",\"image\":{\"@type\":\"ImageObject\",\"inLanguage\":\"pt-BR\",\"@id\":\"https:\/\/tecnologia.prefeitura.sp.gov.br\/#\/schema\/person\/image\/\",\"url\":\"https:\/\/secure.gravatar.com\/avatar\/dc89cfbcecd84c1a19a0b8e2ce94215d5ad6838e031f11ffe6931ecd959d6a8c?s=96&d=mm&r=g\",\"contentUrl\":\"https:\/\/secure.gravatar.com\/avatar\/dc89cfbcecd84c1a19a0b8e2ce94215d5ad6838e031f11ffe6931ecd959d6a8c?s=96&d=mm&r=g\",\"caption\":\"Jana Tiemi Homma\"},\"url\":\"https:\/\/tecnologia.prefeitura.sp.gov.br\/?author=13\"}]}<\/script>\n<!-- \/ Yoast SEO plugin. -->","yoast_head_json":{"title":"Com tecnologia e inova\u00e7\u00e3o, produ\u00e7\u00e3o agropecu\u00e1ria dobrou no Brasil em 22 anos &#8211;","robots":{"index":"index","follow":"follow","max-snippet":"max-snippet:-1","max-image-preview":"max-image-preview:large","max-video-preview":"max-video-preview:-1"},"canonical":"https:\/\/tecnologia.prefeitura.sp.gov.br\/?p=3590","og_locale":"pt_BR","og_type":"article","og_title":"Com tecnologia e inova\u00e7\u00e3o, produ\u00e7\u00e3o agropecu\u00e1ria dobrou no Brasil em 22 anos &#8211;","og_description":"Foi lan\u00e7ado dia 1 de dezembro o livro \u201cUma Jornada Pelos Contrastes do Brasil: Cem anos do Censo Agropecu\u00e1rio\u201d pelo Minist\u00e9rio da Agricultura, Pecu\u00e1ria e Abastecimento (Mapa), em parceria com o Instituto de Pesquisa Econ\u00f4mica Aplicada (Ipea) e o Instituto Brasileiro de Geografia e Estat\u00edstica (IBGE). Com a participa\u00e7\u00e3o de 64 pesquisadores de diversas institui\u00e7\u00f5es, [&hellip;]","og_url":"https:\/\/tecnologia.prefeitura.sp.gov.br\/?p=3590","article_published_time":"2020-12-04T13:23:37+00:00","article_modified_time":"2020-12-04T13:23:38+00:00","og_image":[{"width":1600,"height":1200,"url":"https:\/\/tecnologia.prefeitura.sp.gov.br\/wp-content\/uploads\/2020\/12\/Com-tecnologia-e-inova\u00e7\u00e3o-produ\u00e7\u00e3o-agropecu\u00e1ria-dobrou-no-Brasil-em-22-anos.png","type":"image\/png"}],"author":"Jana Tiemi Homma","twitter_card":"summary_large_image","twitter_misc":{"Escrito por":"Jana Tiemi Homma","Est. tempo de leitura":"2 minutos"},"schema":{"@context":"https:\/\/schema.org","@graph":[{"@type":"Article","@id":"https:\/\/tecnologia.prefeitura.sp.gov.br\/?p=3590#article","isPartOf":{"@id":"https:\/\/tecnologia.prefeitura.sp.gov.br\/?p=3590"},"author":{"name":"Jana Tiemi Homma","@id":"https:\/\/tecnologia.prefeitura.sp.gov.br\/#\/schema\/person\/bdc02c847813f8ee8b88210d9a3e619a"},"headline":"Com tecnologia e inova\u00e7\u00e3o, produ\u00e7\u00e3o agropecu\u00e1ria dobrou no Brasil em 22 anos","datePublished":"2020-12-04T13:23:37+00:00","dateModified":"2020-12-04T13:23:38+00:00","mainEntityOfPage":{"@id":"https:\/\/tecnologia.prefeitura.sp.gov.br\/?p=3590"},"wordCount":476,"commentCount":0,"publisher":{"@id":"https:\/\/tecnologia.prefeitura.sp.gov.br\/#organization"},"image":{"@id":"https:\/\/tecnologia.prefeitura.sp.gov.br\/?p=3590#primaryimage"},"thumbnailUrl":"https:\/\/tecnologia.prefeitura.sp.gov.br\/wp-content\/uploads\/2020\/12\/Com-tecnologia-e-inova\u00e7\u00e3o-produ\u00e7\u00e3o-agropecu\u00e1ria-dobrou-no-Brasil-em-22-anos.png","articleSection":["Not\u00edcias"],"inLanguage":"pt-BR","potentialAction":[{"@type":"CommentAction","name":"Comment","target":["https:\/\/tecnologia.prefeitura.sp.gov.br\/?p=3590#respond"]}]},{"@type":"WebPage","@id":"https:\/\/tecnologia.prefeitura.sp.gov.br\/?p=3590","url":"https:\/\/tecnologia.prefeitura.sp.gov.br\/?p=3590","name":"Com tecnologia e inova\u00e7\u00e3o, produ\u00e7\u00e3o agropecu\u00e1ria dobrou no Brasil em 22 anos &#8211;","isPartOf":{"@id":"https:\/\/tecnologia.prefeitura.sp.gov.br\/#website"},"primaryImageOfPage":{"@id":"https:\/\/tecnologia.prefeitura.sp.gov.br\/?p=3590#primaryimage"},"image":{"@id":"https:\/\/tecnologia.prefeitura.sp.gov.br\/?p=3590#primaryimage"},"thumbnailUrl":"https:\/\/tecnologia.prefeitura.sp.gov.br\/wp-content\/uploads\/2020\/12\/Com-tecnologia-e-inova\u00e7\u00e3o-produ\u00e7\u00e3o-agropecu\u00e1ria-dobrou-no-Brasil-em-22-anos.png","datePublished":"2020-12-04T13:23:37+00:00","dateModified":"2020-12-04T13:23:38+00:00","breadcrumb":{"@id":"https:\/\/tecnologia.prefeitura.sp.gov.br\/?p=3590#breadcrumb"},"inLanguage":"pt-BR","potentialAction":[{"@type":"ReadAction","target":["https:\/\/tecnologia.prefeitura.sp.gov.br\/?p=3590"]}]},{"@type":"ImageObject","inLanguage":"pt-BR","@id":"https:\/\/tecnologia.prefeitura.sp.gov.br\/?p=3590#primaryimage","url":"https:\/\/tecnologia.prefeitura.sp.gov.br\/wp-content\/uploads\/2020\/12\/Com-tecnologia-e-inova\u00e7\u00e3o-produ\u00e7\u00e3o-agropecu\u00e1ria-dobrou-no-Brasil-em-22-anos.png","contentUrl":"https:\/\/tecnologia.prefeitura.sp.gov.br\/wp-content\/uploads\/2020\/12\/Com-tecnologia-e-inova\u00e7\u00e3o-produ\u00e7\u00e3o-agropecu\u00e1ria-dobrou-no-Brasil-em-22-anos.png","width":1600,"height":1200},{"@type":"BreadcrumbList","@id":"https:\/\/tecnologia.prefeitura.sp.gov.br\/?p=3590#breadcrumb","itemListElement":[{"@type":"ListItem","position":1,"name":"In\u00edcio","item":"https:\/\/tecnologia.prefeitura.sp.gov.br\/"},{"@type":"ListItem","position":2,"name":"Com tecnologia e inova\u00e7\u00e3o, produ\u00e7\u00e3o agropecu\u00e1ria dobrou no Brasil em 22 anos"}]},{"@type":"WebSite","@id":"https:\/\/tecnologia.prefeitura.sp.gov.br\/#website","url":"https:\/\/tecnologia.prefeitura.sp.gov.br\/","name":"Tecnologia cidade de S\u00e3o Paulo","description":"Este portal foi criado com o intuito de divulgar diretrizes, boas pr\u00e1ticas e casos de sucesso no uso de tecnologia na Prefeitura da cidade de S\u00e3o Paulo. Seu p\u00fablico prim\u00e1rio s\u00e3o os servidores e servidoras p\u00fablicos, para que tenhamos mais pessoas entendendo de tecnologia para resolver problemas de pessoas.","publisher":{"@id":"https:\/\/tecnologia.prefeitura.sp.gov.br\/#organization"},"potentialAction":[{"@type":"SearchAction","target":{"@type":"EntryPoint","urlTemplate":"https:\/\/tecnologia.prefeitura.sp.gov.br\/?s={search_term_string}"},"query-input":{"@type":"PropertyValueSpecification","valueRequired":true,"valueName":"search_term_string"}}],"inLanguage":"pt-BR"},{"@type":"Organization","@id":"https:\/\/tecnologia.prefeitura.sp.gov.br\/#organization","name":"Secretaria Municipal de Inova\u00e7\u00e3o e Tecnologia","url":"https:\/\/tecnologia.prefeitura.sp.gov.br\/","logo":{"@type":"ImageObject","inLanguage":"pt-BR","@id":"https:\/\/tecnologia.prefeitura.sp.gov.br\/#\/schema\/logo\/image\/","url":"http:\/\/54.207.50.161\/wp-content\/uploads\/2019\/10\/logo-gov-ti.png","contentUrl":"http:\/\/54.207.50.161\/wp-content\/uploads\/2019\/10\/logo-gov-ti.png","width":250,"height":215,"caption":"Secretaria Municipal de Inova\u00e7\u00e3o e Tecnologia"},"image":{"@id":"https:\/\/tecnologia.prefeitura.sp.gov.br\/#\/schema\/logo\/image\/"}},{"@type":"Person","@id":"https:\/\/tecnologia.prefeitura.sp.gov.br\/#\/schema\/person\/bdc02c847813f8ee8b88210d9a3e619a","name":"Jana Tiemi Homma","image":{"@type":"ImageObject","inLanguage":"pt-BR","@id":"https:\/\/tecnologia.prefeitura.sp.gov.br\/#\/schema\/person\/image\/","url":"https:\/\/secure.gravatar.com\/avatar\/dc89cfbcecd84c1a19a0b8e2ce94215d5ad6838e031f11ffe6931ecd959d6a8c?s=96&d=mm&r=g","contentUrl":"https:\/\/secure.gravatar.com\/avatar\/dc89cfbcecd84c1a19a0b8e2ce94215d5ad6838e031f11ffe6931ecd959d6a8c?s=96&d=mm&r=g","caption":"Jana Tiemi Homma"},"url":"https:\/\/tecnologia.prefeitura.sp.gov.br\/?author=13"}]}},"_links":{"self":[{"href":"https:\/\/tecnologia.prefeitura.sp.gov.br\/index.php?rest_route=\/wp\/v2\/posts\/3590","targetHints":{"allow":["GET"]}}],"collection":[{"href":"https:\/\/tecnologia.prefeitura.sp.gov.br\/index.php?rest_route=\/wp\/v2\/posts"}],"about":[{"href":"https:\/\/tecnologia.prefeitura.sp.gov.br\/index.php?rest_route=\/wp\/v2\/types\/post"}],"author":[{"embeddable":true,"href":"https:\/\/tecnologia.prefeitura.sp.gov.br\/index.php?rest_route=\/wp\/v2\/users\/13"}],"replies":[{"embeddable":true,"href":"https:\/\/tecnologia.prefeitura.sp.gov.br\/index.php?rest_route=%2Fwp%2Fv2%2Fcomments&post=3590"}],"version-history":[{"count":1,"href":"https:\/\/tecnologia.prefeitura.sp.gov.br\/index.php?rest_route=\/wp\/v2\/posts\/3590\/revisions"}],"predecessor-version":[{"id":3592,"href":"https:\/\/tecnologia.prefeitura.sp.gov.br\/index.php?rest_route=\/wp\/v2\/posts\/3590\/revisions\/3592"}],"wp:featuredmedia":[{"embeddable":true,"href":"https:\/\/tecnologia.prefeitura.sp.gov.br\/index.php?rest_route=\/wp\/v2\/media\/3591"}],"wp:attachment":[{"href":"https:\/\/tecnologia.prefeitura.sp.gov.br\/index.php?rest_route=%2Fwp%2Fv2%2Fmedia&parent=3590"}],"wp:term":[{"taxonomy":"category","embeddable":true,"href":"https:\/\/tecnologia.prefeitura.sp.gov.br\/index.php?rest_route=%2Fwp%2Fv2%2Fcategories&post=3590"},{"taxonomy":"post_tag","embeddable":true,"href":"https:\/\/tecnologia.prefeitura.sp.gov.br\/index.php?rest_route=%2Fwp%2Fv2%2Ftags&post=3590"}],"curies":[{"name":"wp","href":"https:\/\/api.w.org\/{rel}","templated":true}]}}