{"id":3643,"date":"2020-12-16T11:07:30","date_gmt":"2020-12-16T14:07:30","guid":{"rendered":"https:\/\/tecnologia.prefeitura.sp.gov.br\/?p=3643"},"modified":"2020-12-16T11:07:03","modified_gmt":"2020-12-16T14:07:03","slug":"zona-sul-ganha-laboratorio-de-fabricacao-digital-da-prefeitura","status":"publish","type":"post","link":"https:\/\/tecnologia.prefeitura.sp.gov.br\/?p=3643","title":{"rendered":"Zona Sul ganha laborat\u00f3rio de fabrica\u00e7\u00e3o digital da Prefeitura"},"content":{"rendered":"\n<p>A Prefeitura de S\u00e3o Paulo, por meio da Secretaria Municipal de Inova\u00e7\u00e3o e Tecnologia (SMIT), inaugurou nesta ter\u00e7a-feira (15\/12), a 13\u00aa unidade da rede de laborat\u00f3rios de fabrica\u00e7\u00e3o digital FAB LAB LIVRE SP. Localizado no Centro Educacional Unificado (CEU) Vila Rubi, na regi\u00e3o da Capela do Socorro, Zona Sul da capital, o equipamento \u00e9 o primeiro desse g\u00eanero inaugurado pela gest\u00e3o Bruno Covas e dever\u00e1 entrar em funcionamento em janeiro de 2021.<\/p>\n\n\n\n<p>Instalado em uma \u00e1rea de 165 m\u00b2, o laborat\u00f3rio contar\u00e1 com equipamentos de \u00faltima gera\u00e7\u00e3o, como impressoras e scanners 3D, cortadora a laser, fresadora de precis\u00e3o, entre outros. As ferramentas permitem a cria\u00e7\u00e3o de diversos objetos como instrumentos musicais, itens de decora\u00e7\u00e3o, maquetes 3D, rob\u00f4s e at\u00e9 mesmo m\u00f3veis.<\/p>\n\n\n\n<p>Os usu\u00e1rios contar\u00e3o com ajuda e orienta\u00e7\u00e3o dos t\u00e9cnicos do ITS Brasil \u2013 Instituto de Tecnologia Social, parceiro da Secretaria Municipal de Inova\u00e7\u00e3o e Tecnologia (SMIT), para execu\u00e7\u00e3o de projetos e ideias.<\/p>\n\n\n\n<p>\u201cA cidade passa a contar com mais um espa\u00e7o montado para incentivar a criatividade e o aprendizado por meio da fabrica\u00e7\u00e3o digital. Esse, em especial, foi uma demanda da pr\u00f3pria comunidade. Queremos ver crian\u00e7as e jovens cada vez mais pr\u00f3ximos das novas tecnologias\u201d, diz o secret\u00e1rio de Inova\u00e7\u00e3o e Tecnologia, Juan Quir\u00f3s.<\/p>\n\n\n\n<p>A implementa\u00e7\u00e3o do laborat\u00f3rio de fabrica\u00e7\u00e3o digital \u00e9 um pedido dos jovens da regi\u00e3o. L\u00e1 ser\u00e3o oferecidos cursos e oficinas com foco em marcenaria, modelagem e programa\u00e7\u00e3o.<\/p>\n\n\n\n<p>O projeto \u00e9 mais uma parceria da Prefeitura de S\u00e3o Paulo com a C\u00e2mara Municipal: \u201cOs jovens foram ao meu gabinete, quando eu era secret\u00e1rio de Inova\u00e7\u00e3o e Tecnologia, e solicitaram a implanta\u00e7\u00e3o desse servi\u00e7o na regi\u00e3o, j\u00e1 que o mais pr\u00f3ximo estava muito distante\u201d, explicou o vereador Daniel Annenberg. \u201cLevei essa demanda para o prefeito Bruno Covas e quando retornei para a C\u00e2mara destinei parte das minhas emendas parlamentares para implanta\u00e7\u00e3o do equipamento. Alinhamos com os secret\u00e1rios Bruno Caetano (Educa\u00e7\u00e3o) e Juan Quir\u00f3s (Inova\u00e7\u00e3o e Tecnologia), para que eles viabilizassem os recursos para manuten\u00e7\u00e3o\u201d, disse.<\/p>\n\n\n\n<p>Emilly Marques, 14 anos, foi uma das jovens que solicitou a implementa\u00e7\u00e3o do equipamento. \u201cFizemos um abaixo assinado e conseguimos cerca de 15 mil assinaturas. Ver o nosso pedido ser atendido mostra que todos temos que exercer nosso dever como cidad\u00e3o e reivindicar as coisas, o aluno tem voz\u201d, finaliza.<\/p>\n\n\n\n<p><strong>Funcionamento durante a pandemia<\/strong><\/p>\n\n\n\n<p>A Secretaria Municipal de Inova\u00e7\u00e3o e Tecnologia (SMIT) retomou em outubro o atendimento na rede FAB LAB LIVRE SP. Por conta da pandemia, somente oito das doze unidades dos laborat\u00f3rios p\u00fablicos de fabrica\u00e7\u00e3o digital est\u00e3o abertas, conforme determina\u00e7\u00f5es da portaria n\u00ba 747\/2020 (abaixo lista de endere\u00e7o).<\/p>\n\n\n\n<p>O uso deve ser agendado previamente pela central telef\u00f4nica SP156. No momento, as atividades oferecidas s\u00e3o utiliza\u00e7\u00e3o de equipamentos e m\u00e1quinas e a orienta\u00e7\u00e3o de projetos.<\/p>\n\n\n\n<p><strong>Confira os endere\u00e7os dos laborat\u00f3rios abertos:<\/strong><\/p>\n\n\n\n<p><strong>Centro Cultural da Juventude<\/strong><\/p>\n\n\n\n<p>Av. Dep. Em\u00edlio Carlos, 3641 \u2013 Lim\u00e3o<\/p>\n\n\n\n<p><strong>Centro Cultural da Penha<\/strong><\/p>\n\n\n\n<p>Largo do Ros\u00e1rio, 20 \u2013 Penha<\/p>\n\n\n\n<p><strong>Centro Cultural S\u00e3o Paulo<\/strong><\/p>\n\n\n\n<p>Rua Vergueiro, 1000 \u2013 Para\u00edso<\/p>\n\n\n\n<p><strong>Centro de Forma\u00e7\u00e3o Cultural Cidade Tiradentes<\/strong><\/p>\n\n\n\n<p>Av. In\u00e1cio Monteiro, 6900 &#8211; Cidade Tiradentes<\/p>\n\n\n\n<p><strong>Ch\u00e1cara do Jockey<\/strong><\/p>\n\n\n\n<p>Rua Santa Crescencia, 323 \u2013 Butant\u00e3<\/p>\n\n\n\n<p><strong>Galeria Olido<\/strong><\/p>\n\n\n\n<p>Avenida S\u00e3o Jo\u00e3o, 473 \u2013 Centro<\/p>\n\n\n\n<p><strong>S\u00e3o Joaquim &#8211; Guarapiranga<\/strong><\/p>\n\n\n\n<p>Rua Bacabinha, 280 &#8211; Jardim S\u00e3o Joaquim<\/p>\n\n\n\n<p><strong>Vila Itoror\u00f3 &#8211; Bela Vista<\/strong><\/p>\n\n\n\n<p>Rua Pedroso 238 &#8211; Bela Vista<\/p>\n\n\n\n<p>Fonte: <a href=\"https:\/\/www.prefeitura.sp.gov.br\/cidade\/secretarias\/inovacao\/noticias\/?p=306245\">https:\/\/www.prefeitura.sp.gov.br\/cidade\/secretarias\/inovacao\/noticias\/?p=306245<\/a><\/p>\n","protected":false},"excerpt":{"rendered":"<p>A Prefeitura de S\u00e3o Paulo, por meio da Secretaria Municipal de Inova\u00e7\u00e3o e Tecnologia (SMIT), inaugurou nesta ter\u00e7a-feira (15\/12), a 13\u00aa unidade da rede de laborat\u00f3rios de fabrica\u00e7\u00e3o digital FAB LAB LIVRE SP. Localizado no Centro Educacional Unificado (CEU) Vila Rubi, na regi\u00e3o da Capela do Socorro, Zona Sul da capital, o equipamento \u00e9 o [&hellip;]<\/p>\n","protected":false},"author":13,"featured_media":3644,"comment_status":"open","ping_status":"open","sticky":false,"template":"","format":"standard","meta":{"_monsterinsights_skip_tracking":false,"_monsterinsights_sitenote_active":false,"_monsterinsights_sitenote_note":"","_monsterinsights_sitenote_category":0,"site-sidebar-layout":"default","site-content-layout":"","ast-site-content-layout":"","site-content-style":"default","site-sidebar-style":"default","ast-global-header-display":"","ast-banner-title-visibility":"","ast-main-header-display":"","ast-hfb-above-header-display":"","ast-hfb-below-header-display":"","ast-hfb-mobile-header-display":"","site-post-title":"","ast-breadcrumbs-content":"","ast-featured-img":"","footer-sml-layout":"","theme-transparent-header-meta":"","adv-header-id-meta":"","stick-header-meta":"","header-above-stick-meta":"","header-main-stick-meta":"","header-below-stick-meta":"","astra-migrate-meta-layouts":"default","ast-page-background-enabled":"default","ast-page-background-meta":{"desktop":{"background-color":"var(--ast-global-color-5)","background-image":"","background-repeat":"repeat","background-position":"center center","background-size":"auto","background-attachment":"scroll","background-type":"","background-media":"","overlay-type":"","overlay-color":"","overlay-opacity":"","overlay-gradient":""},"tablet":{"background-color":"","background-image":"","background-repeat":"repeat","background-position":"center center","background-size":"auto","background-attachment":"scroll","background-type":"","background-media":"","overlay-type":"","overlay-color":"","overlay-opacity":"","overlay-gradient":""},"mobile":{"background-color":"","background-image":"","background-repeat":"repeat","background-position":"center center","background-size":"auto","background-attachment":"scroll","background-type":"","background-media":"","overlay-type":"","overlay-color":"","overlay-opacity":"","overlay-gradient":""}},"ast-content-background-meta":{"desktop":{"background-color":"var(--ast-global-color-4)","background-image":"","background-repeat":"repeat","background-position":"center center","background-size":"auto","background-attachment":"scroll","background-type":"","background-media":"","overlay-type":"","overlay-color":"","overlay-opacity":"","overlay-gradient":""},"tablet":{"background-color":"var(--ast-global-color-4)","background-image":"","background-repeat":"repeat","background-position":"center center","background-size":"auto","background-attachment":"scroll","background-type":"","background-media":"","overlay-type":"","overlay-color":"","overlay-opacity":"","overlay-gradient":""},"mobile":{"background-color":"var(--ast-global-color-4)","background-image":"","background-repeat":"repeat","background-position":"center center","background-size":"auto","background-attachment":"scroll","background-type":"","background-media":"","overlay-type":"","overlay-color":"","overlay-opacity":"","overlay-gradient":""}},"footnotes":""},"categories":[8],"tags":[],"class_list":["post-3643","post","type-post","status-publish","format-standard","has-post-thumbnail","hentry","category-noticias"],"yoast_head":"<!-- This site is optimized with the Yoast SEO plugin v27.0 - https:\/\/yoast.com\/product\/yoast-seo-wordpress\/ -->\n<title>Zona Sul ganha laborat\u00f3rio de fabrica\u00e7\u00e3o digital da Prefeitura &#8211;<\/title>\n<meta name=\"robots\" content=\"index, follow, max-snippet:-1, max-image-preview:large, max-video-preview:-1\" \/>\n<link rel=\"canonical\" href=\"https:\/\/tecnologia.prefeitura.sp.gov.br\/?p=3643\" \/>\n<meta property=\"og:locale\" content=\"pt_BR\" \/>\n<meta property=\"og:type\" content=\"article\" \/>\n<meta property=\"og:title\" content=\"Zona Sul ganha laborat\u00f3rio de fabrica\u00e7\u00e3o digital da Prefeitura &#8211;\" \/>\n<meta property=\"og:description\" content=\"A Prefeitura de S\u00e3o Paulo, por meio da Secretaria Municipal de Inova\u00e7\u00e3o e Tecnologia (SMIT), inaugurou nesta ter\u00e7a-feira (15\/12), a 13\u00aa unidade da rede de laborat\u00f3rios de fabrica\u00e7\u00e3o digital FAB LAB LIVRE SP. Localizado no Centro Educacional Unificado (CEU) Vila Rubi, na regi\u00e3o da Capela do Socorro, Zona Sul da capital, o equipamento \u00e9 o [&hellip;]\" \/>\n<meta property=\"og:url\" content=\"https:\/\/tecnologia.prefeitura.sp.gov.br\/?p=3643\" \/>\n<meta property=\"article:published_time\" content=\"2020-12-16T14:07:30+00:00\" \/>\n<meta property=\"og:image\" content=\"https:\/\/tecnologia.prefeitura.sp.gov.br\/wp-content\/uploads\/2020\/12\/Zona-Sul-ganha-laborat\u00f3rio-de-fabrica\u00e7\u00e3o-digital-da-Prefeitura.png\" \/>\n\t<meta property=\"og:image:width\" content=\"1600\" \/>\n\t<meta property=\"og:image:height\" content=\"1200\" \/>\n\t<meta property=\"og:image:type\" content=\"image\/png\" \/>\n<meta name=\"author\" content=\"Jana Tiemi Homma\" \/>\n<meta name=\"twitter:card\" content=\"summary_large_image\" \/>\n<meta name=\"twitter:label1\" content=\"Escrito por\" \/>\n\t<meta name=\"twitter:data1\" content=\"Jana Tiemi Homma\" \/>\n\t<meta name=\"twitter:label2\" content=\"Est. tempo de leitura\" \/>\n\t<meta name=\"twitter:data2\" content=\"3 minutos\" \/>\n<script type=\"application\/ld+json\" class=\"yoast-schema-graph\">{\"@context\":\"https:\/\/schema.org\",\"@graph\":[{\"@type\":\"Article\",\"@id\":\"https:\/\/tecnologia.prefeitura.sp.gov.br\/?p=3643#article\",\"isPartOf\":{\"@id\":\"https:\/\/tecnologia.prefeitura.sp.gov.br\/?p=3643\"},\"author\":{\"name\":\"Jana Tiemi Homma\",\"@id\":\"https:\/\/tecnologia.prefeitura.sp.gov.br\/#\/schema\/person\/bdc02c847813f8ee8b88210d9a3e619a\"},\"headline\":\"Zona Sul ganha laborat\u00f3rio de fabrica\u00e7\u00e3o digital da Prefeitura\",\"datePublished\":\"2020-12-16T14:07:30+00:00\",\"mainEntityOfPage\":{\"@id\":\"https:\/\/tecnologia.prefeitura.sp.gov.br\/?p=3643\"},\"wordCount\":619,\"commentCount\":0,\"publisher\":{\"@id\":\"https:\/\/tecnologia.prefeitura.sp.gov.br\/#organization\"},\"image\":{\"@id\":\"https:\/\/tecnologia.prefeitura.sp.gov.br\/?p=3643#primaryimage\"},\"thumbnailUrl\":\"https:\/\/tecnologia.prefeitura.sp.gov.br\/wp-content\/uploads\/2020\/12\/Zona-Sul-ganha-laborat\u00f3rio-de-fabrica\u00e7\u00e3o-digital-da-Prefeitura.png\",\"articleSection\":[\"Not\u00edcias\"],\"inLanguage\":\"pt-BR\",\"potentialAction\":[{\"@type\":\"CommentAction\",\"name\":\"Comment\",\"target\":[\"https:\/\/tecnologia.prefeitura.sp.gov.br\/?p=3643#respond\"]}]},{\"@type\":\"WebPage\",\"@id\":\"https:\/\/tecnologia.prefeitura.sp.gov.br\/?p=3643\",\"url\":\"https:\/\/tecnologia.prefeitura.sp.gov.br\/?p=3643\",\"name\":\"Zona Sul ganha laborat\u00f3rio de fabrica\u00e7\u00e3o digital da Prefeitura &#8211;\",\"isPartOf\":{\"@id\":\"https:\/\/tecnologia.prefeitura.sp.gov.br\/#website\"},\"primaryImageOfPage\":{\"@id\":\"https:\/\/tecnologia.prefeitura.sp.gov.br\/?p=3643#primaryimage\"},\"image\":{\"@id\":\"https:\/\/tecnologia.prefeitura.sp.gov.br\/?p=3643#primaryimage\"},\"thumbnailUrl\":\"https:\/\/tecnologia.prefeitura.sp.gov.br\/wp-content\/uploads\/2020\/12\/Zona-Sul-ganha-laborat\u00f3rio-de-fabrica\u00e7\u00e3o-digital-da-Prefeitura.png\",\"datePublished\":\"2020-12-16T14:07:30+00:00\",\"breadcrumb\":{\"@id\":\"https:\/\/tecnologia.prefeitura.sp.gov.br\/?p=3643#breadcrumb\"},\"inLanguage\":\"pt-BR\",\"potentialAction\":[{\"@type\":\"ReadAction\",\"target\":[\"https:\/\/tecnologia.prefeitura.sp.gov.br\/?p=3643\"]}]},{\"@type\":\"ImageObject\",\"inLanguage\":\"pt-BR\",\"@id\":\"https:\/\/tecnologia.prefeitura.sp.gov.br\/?p=3643#primaryimage\",\"url\":\"https:\/\/tecnologia.prefeitura.sp.gov.br\/wp-content\/uploads\/2020\/12\/Zona-Sul-ganha-laborat\u00f3rio-de-fabrica\u00e7\u00e3o-digital-da-Prefeitura.png\",\"contentUrl\":\"https:\/\/tecnologia.prefeitura.sp.gov.br\/wp-content\/uploads\/2020\/12\/Zona-Sul-ganha-laborat\u00f3rio-de-fabrica\u00e7\u00e3o-digital-da-Prefeitura.png\",\"width\":1600,\"height\":1200},{\"@type\":\"BreadcrumbList\",\"@id\":\"https:\/\/tecnologia.prefeitura.sp.gov.br\/?p=3643#breadcrumb\",\"itemListElement\":[{\"@type\":\"ListItem\",\"position\":1,\"name\":\"In\u00edcio\",\"item\":\"https:\/\/tecnologia.prefeitura.sp.gov.br\/\"},{\"@type\":\"ListItem\",\"position\":2,\"name\":\"Zona Sul ganha laborat\u00f3rio de fabrica\u00e7\u00e3o digital da Prefeitura\"}]},{\"@type\":\"WebSite\",\"@id\":\"https:\/\/tecnologia.prefeitura.sp.gov.br\/#website\",\"url\":\"https:\/\/tecnologia.prefeitura.sp.gov.br\/\",\"name\":\"Tecnologia cidade de S\u00e3o Paulo\",\"description\":\"Este portal foi criado com o intuito de divulgar diretrizes, boas pr\u00e1ticas e casos de sucesso no uso de tecnologia na Prefeitura da cidade de S\u00e3o Paulo. Seu p\u00fablico prim\u00e1rio s\u00e3o os servidores e servidoras p\u00fablicos, para que tenhamos mais pessoas entendendo de tecnologia para resolver problemas de pessoas.\",\"publisher\":{\"@id\":\"https:\/\/tecnologia.prefeitura.sp.gov.br\/#organization\"},\"potentialAction\":[{\"@type\":\"SearchAction\",\"target\":{\"@type\":\"EntryPoint\",\"urlTemplate\":\"https:\/\/tecnologia.prefeitura.sp.gov.br\/?s={search_term_string}\"},\"query-input\":{\"@type\":\"PropertyValueSpecification\",\"valueRequired\":true,\"valueName\":\"search_term_string\"}}],\"inLanguage\":\"pt-BR\"},{\"@type\":\"Organization\",\"@id\":\"https:\/\/tecnologia.prefeitura.sp.gov.br\/#organization\",\"name\":\"Secretaria Municipal de Inova\u00e7\u00e3o e Tecnologia\",\"url\":\"https:\/\/tecnologia.prefeitura.sp.gov.br\/\",\"logo\":{\"@type\":\"ImageObject\",\"inLanguage\":\"pt-BR\",\"@id\":\"https:\/\/tecnologia.prefeitura.sp.gov.br\/#\/schema\/logo\/image\/\",\"url\":\"http:\/\/54.207.50.161\/wp-content\/uploads\/2019\/10\/logo-gov-ti.png\",\"contentUrl\":\"http:\/\/54.207.50.161\/wp-content\/uploads\/2019\/10\/logo-gov-ti.png\",\"width\":250,\"height\":215,\"caption\":\"Secretaria Municipal de Inova\u00e7\u00e3o e Tecnologia\"},\"image\":{\"@id\":\"https:\/\/tecnologia.prefeitura.sp.gov.br\/#\/schema\/logo\/image\/\"}},{\"@type\":\"Person\",\"@id\":\"https:\/\/tecnologia.prefeitura.sp.gov.br\/#\/schema\/person\/bdc02c847813f8ee8b88210d9a3e619a\",\"name\":\"Jana Tiemi Homma\",\"image\":{\"@type\":\"ImageObject\",\"inLanguage\":\"pt-BR\",\"@id\":\"https:\/\/tecnologia.prefeitura.sp.gov.br\/#\/schema\/person\/image\/\",\"url\":\"https:\/\/secure.gravatar.com\/avatar\/dc89cfbcecd84c1a19a0b8e2ce94215d5ad6838e031f11ffe6931ecd959d6a8c?s=96&d=mm&r=g\",\"contentUrl\":\"https:\/\/secure.gravatar.com\/avatar\/dc89cfbcecd84c1a19a0b8e2ce94215d5ad6838e031f11ffe6931ecd959d6a8c?s=96&d=mm&r=g\",\"caption\":\"Jana Tiemi Homma\"},\"url\":\"https:\/\/tecnologia.prefeitura.sp.gov.br\/?author=13\"}]}<\/script>\n<!-- \/ Yoast SEO plugin. -->","yoast_head_json":{"title":"Zona Sul ganha laborat\u00f3rio de fabrica\u00e7\u00e3o digital da Prefeitura &#8211;","robots":{"index":"index","follow":"follow","max-snippet":"max-snippet:-1","max-image-preview":"max-image-preview:large","max-video-preview":"max-video-preview:-1"},"canonical":"https:\/\/tecnologia.prefeitura.sp.gov.br\/?p=3643","og_locale":"pt_BR","og_type":"article","og_title":"Zona Sul ganha laborat\u00f3rio de fabrica\u00e7\u00e3o digital da Prefeitura &#8211;","og_description":"A Prefeitura de S\u00e3o Paulo, por meio da Secretaria Municipal de Inova\u00e7\u00e3o e Tecnologia (SMIT), inaugurou nesta ter\u00e7a-feira (15\/12), a 13\u00aa unidade da rede de laborat\u00f3rios de fabrica\u00e7\u00e3o digital FAB LAB LIVRE SP. Localizado no Centro Educacional Unificado (CEU) Vila Rubi, na regi\u00e3o da Capela do Socorro, Zona Sul da capital, o equipamento \u00e9 o [&hellip;]","og_url":"https:\/\/tecnologia.prefeitura.sp.gov.br\/?p=3643","article_published_time":"2020-12-16T14:07:30+00:00","og_image":[{"width":1600,"height":1200,"url":"https:\/\/tecnologia.prefeitura.sp.gov.br\/wp-content\/uploads\/2020\/12\/Zona-Sul-ganha-laborat\u00f3rio-de-fabrica\u00e7\u00e3o-digital-da-Prefeitura.png","type":"image\/png"}],"author":"Jana Tiemi Homma","twitter_card":"summary_large_image","twitter_misc":{"Escrito por":"Jana Tiemi Homma","Est. tempo de leitura":"3 minutos"},"schema":{"@context":"https:\/\/schema.org","@graph":[{"@type":"Article","@id":"https:\/\/tecnologia.prefeitura.sp.gov.br\/?p=3643#article","isPartOf":{"@id":"https:\/\/tecnologia.prefeitura.sp.gov.br\/?p=3643"},"author":{"name":"Jana Tiemi Homma","@id":"https:\/\/tecnologia.prefeitura.sp.gov.br\/#\/schema\/person\/bdc02c847813f8ee8b88210d9a3e619a"},"headline":"Zona Sul ganha laborat\u00f3rio de fabrica\u00e7\u00e3o digital da Prefeitura","datePublished":"2020-12-16T14:07:30+00:00","mainEntityOfPage":{"@id":"https:\/\/tecnologia.prefeitura.sp.gov.br\/?p=3643"},"wordCount":619,"commentCount":0,"publisher":{"@id":"https:\/\/tecnologia.prefeitura.sp.gov.br\/#organization"},"image":{"@id":"https:\/\/tecnologia.prefeitura.sp.gov.br\/?p=3643#primaryimage"},"thumbnailUrl":"https:\/\/tecnologia.prefeitura.sp.gov.br\/wp-content\/uploads\/2020\/12\/Zona-Sul-ganha-laborat\u00f3rio-de-fabrica\u00e7\u00e3o-digital-da-Prefeitura.png","articleSection":["Not\u00edcias"],"inLanguage":"pt-BR","potentialAction":[{"@type":"CommentAction","name":"Comment","target":["https:\/\/tecnologia.prefeitura.sp.gov.br\/?p=3643#respond"]}]},{"@type":"WebPage","@id":"https:\/\/tecnologia.prefeitura.sp.gov.br\/?p=3643","url":"https:\/\/tecnologia.prefeitura.sp.gov.br\/?p=3643","name":"Zona Sul ganha laborat\u00f3rio de fabrica\u00e7\u00e3o digital da Prefeitura &#8211;","isPartOf":{"@id":"https:\/\/tecnologia.prefeitura.sp.gov.br\/#website"},"primaryImageOfPage":{"@id":"https:\/\/tecnologia.prefeitura.sp.gov.br\/?p=3643#primaryimage"},"image":{"@id":"https:\/\/tecnologia.prefeitura.sp.gov.br\/?p=3643#primaryimage"},"thumbnailUrl":"https:\/\/tecnologia.prefeitura.sp.gov.br\/wp-content\/uploads\/2020\/12\/Zona-Sul-ganha-laborat\u00f3rio-de-fabrica\u00e7\u00e3o-digital-da-Prefeitura.png","datePublished":"2020-12-16T14:07:30+00:00","breadcrumb":{"@id":"https:\/\/tecnologia.prefeitura.sp.gov.br\/?p=3643#breadcrumb"},"inLanguage":"pt-BR","potentialAction":[{"@type":"ReadAction","target":["https:\/\/tecnologia.prefeitura.sp.gov.br\/?p=3643"]}]},{"@type":"ImageObject","inLanguage":"pt-BR","@id":"https:\/\/tecnologia.prefeitura.sp.gov.br\/?p=3643#primaryimage","url":"https:\/\/tecnologia.prefeitura.sp.gov.br\/wp-content\/uploads\/2020\/12\/Zona-Sul-ganha-laborat\u00f3rio-de-fabrica\u00e7\u00e3o-digital-da-Prefeitura.png","contentUrl":"https:\/\/tecnologia.prefeitura.sp.gov.br\/wp-content\/uploads\/2020\/12\/Zona-Sul-ganha-laborat\u00f3rio-de-fabrica\u00e7\u00e3o-digital-da-Prefeitura.png","width":1600,"height":1200},{"@type":"BreadcrumbList","@id":"https:\/\/tecnologia.prefeitura.sp.gov.br\/?p=3643#breadcrumb","itemListElement":[{"@type":"ListItem","position":1,"name":"In\u00edcio","item":"https:\/\/tecnologia.prefeitura.sp.gov.br\/"},{"@type":"ListItem","position":2,"name":"Zona Sul ganha laborat\u00f3rio de fabrica\u00e7\u00e3o digital da Prefeitura"}]},{"@type":"WebSite","@id":"https:\/\/tecnologia.prefeitura.sp.gov.br\/#website","url":"https:\/\/tecnologia.prefeitura.sp.gov.br\/","name":"Tecnologia cidade de S\u00e3o Paulo","description":"Este portal foi criado com o intuito de divulgar diretrizes, boas pr\u00e1ticas e casos de sucesso no uso de tecnologia na Prefeitura da cidade de S\u00e3o Paulo. Seu p\u00fablico prim\u00e1rio s\u00e3o os servidores e servidoras p\u00fablicos, para que tenhamos mais pessoas entendendo de tecnologia para resolver problemas de pessoas.","publisher":{"@id":"https:\/\/tecnologia.prefeitura.sp.gov.br\/#organization"},"potentialAction":[{"@type":"SearchAction","target":{"@type":"EntryPoint","urlTemplate":"https:\/\/tecnologia.prefeitura.sp.gov.br\/?s={search_term_string}"},"query-input":{"@type":"PropertyValueSpecification","valueRequired":true,"valueName":"search_term_string"}}],"inLanguage":"pt-BR"},{"@type":"Organization","@id":"https:\/\/tecnologia.prefeitura.sp.gov.br\/#organization","name":"Secretaria Municipal de Inova\u00e7\u00e3o e Tecnologia","url":"https:\/\/tecnologia.prefeitura.sp.gov.br\/","logo":{"@type":"ImageObject","inLanguage":"pt-BR","@id":"https:\/\/tecnologia.prefeitura.sp.gov.br\/#\/schema\/logo\/image\/","url":"http:\/\/54.207.50.161\/wp-content\/uploads\/2019\/10\/logo-gov-ti.png","contentUrl":"http:\/\/54.207.50.161\/wp-content\/uploads\/2019\/10\/logo-gov-ti.png","width":250,"height":215,"caption":"Secretaria Municipal de Inova\u00e7\u00e3o e Tecnologia"},"image":{"@id":"https:\/\/tecnologia.prefeitura.sp.gov.br\/#\/schema\/logo\/image\/"}},{"@type":"Person","@id":"https:\/\/tecnologia.prefeitura.sp.gov.br\/#\/schema\/person\/bdc02c847813f8ee8b88210d9a3e619a","name":"Jana Tiemi Homma","image":{"@type":"ImageObject","inLanguage":"pt-BR","@id":"https:\/\/tecnologia.prefeitura.sp.gov.br\/#\/schema\/person\/image\/","url":"https:\/\/secure.gravatar.com\/avatar\/dc89cfbcecd84c1a19a0b8e2ce94215d5ad6838e031f11ffe6931ecd959d6a8c?s=96&d=mm&r=g","contentUrl":"https:\/\/secure.gravatar.com\/avatar\/dc89cfbcecd84c1a19a0b8e2ce94215d5ad6838e031f11ffe6931ecd959d6a8c?s=96&d=mm&r=g","caption":"Jana Tiemi Homma"},"url":"https:\/\/tecnologia.prefeitura.sp.gov.br\/?author=13"}]}},"_links":{"self":[{"href":"https:\/\/tecnologia.prefeitura.sp.gov.br\/index.php?rest_route=\/wp\/v2\/posts\/3643","targetHints":{"allow":["GET"]}}],"collection":[{"href":"https:\/\/tecnologia.prefeitura.sp.gov.br\/index.php?rest_route=\/wp\/v2\/posts"}],"about":[{"href":"https:\/\/tecnologia.prefeitura.sp.gov.br\/index.php?rest_route=\/wp\/v2\/types\/post"}],"author":[{"embeddable":true,"href":"https:\/\/tecnologia.prefeitura.sp.gov.br\/index.php?rest_route=\/wp\/v2\/users\/13"}],"replies":[{"embeddable":true,"href":"https:\/\/tecnologia.prefeitura.sp.gov.br\/index.php?rest_route=%2Fwp%2Fv2%2Fcomments&post=3643"}],"version-history":[{"count":1,"href":"https:\/\/tecnologia.prefeitura.sp.gov.br\/index.php?rest_route=\/wp\/v2\/posts\/3643\/revisions"}],"predecessor-version":[{"id":3648,"href":"https:\/\/tecnologia.prefeitura.sp.gov.br\/index.php?rest_route=\/wp\/v2\/posts\/3643\/revisions\/3648"}],"wp:featuredmedia":[{"embeddable":true,"href":"https:\/\/tecnologia.prefeitura.sp.gov.br\/index.php?rest_route=\/wp\/v2\/media\/3644"}],"wp:attachment":[{"href":"https:\/\/tecnologia.prefeitura.sp.gov.br\/index.php?rest_route=%2Fwp%2Fv2%2Fmedia&parent=3643"}],"wp:term":[{"taxonomy":"category","embeddable":true,"href":"https:\/\/tecnologia.prefeitura.sp.gov.br\/index.php?rest_route=%2Fwp%2Fv2%2Fcategories&post=3643"},{"taxonomy":"post_tag","embeddable":true,"href":"https:\/\/tecnologia.prefeitura.sp.gov.br\/index.php?rest_route=%2Fwp%2Fv2%2Ftags&post=3643"}],"curies":[{"name":"wp","href":"https:\/\/api.w.org\/{rel}","templated":true}]}}