{"id":3859,"date":"2021-01-26T16:21:59","date_gmt":"2021-01-26T19:21:59","guid":{"rendered":"https:\/\/tecnologia.prefeitura.sp.gov.br\/?p=3859"},"modified":"2021-01-26T16:21:23","modified_gmt":"2021-01-26T19:21:23","slug":"empreenda-facil-integra-programa-do-governo-de-sao-paulo-para-abertura-de-empresas","status":"publish","type":"post","link":"https:\/\/tecnologia.prefeitura.sp.gov.br\/?p=3859","title":{"rendered":"Empreenda F\u00e1cil integra programa do Governo de S\u00e3o Paulo para abertura de empresas"},"content":{"rendered":"\n<p>Projeto pioneiro da cidade de S\u00e3o Paulo, o Empreenda F\u00e1cil agora faz parte do <a href=\"https:\/\/www.gov.br\/receitafederal\/pt-br\/assuntos\/noticias\/2021\/janeiro\/governo-federal-lanca-201cbalcao-unico201d-para-simplificar-a-abertura-de-empresas\">Balc\u00e3o \u00danico<\/a>, iniciativa do Governo do Estado, em parceria com o Governo Federal e a Prefeitura, para centralizar e simplificar os processos de abertura de empresas.<\/p>\n\n\n\n<p>Desde sexta-feira (15), o empreendedor pode abrir sua empresa por meio de um \u00fanico acesso, eliminando as etapas realizadas tradicionalmente (viabilidade, DBE, Registro, Inscri\u00e7\u00e3o Municipal e Alvar\u00e1 de Licenciamento). Ser\u00e1 uma integra\u00e7\u00e3o de dados das esferas federal, estadual e municipal.<\/p>\n\n\n\n<p>Com a migra\u00e7\u00e3o para o Via R\u00e1pida Empresa (VRE), da Junta Comercial do Estado de S\u00e3o Paulo (JUCESP), o Empreenda F\u00e1cil passou a disponibilizar op\u00e7\u00f5es para o ciclo completo de empresas de baixo risco.<\/p>\n\n\n\n<p>Em 2020, a JUCESP registrou mais de 200 mil novos neg\u00f3cios abertos, sendo que a cidade de S\u00e3o Paulo representa 40% desse conjunto, ou seja, cerca de 80 mil novas empresas.<\/p>\n\n\n\n<p>\u201cOs investimentos feitos pela Prefeitura de S\u00e3o Paulo nos \u00faltimos quatro anos no sentido de facilitar a abertura de empresas na capital, por meio do Programa Empreenda F\u00e1cil, e a recente parceria firmada com a JUCESP, foram determinantes para viabilizar a proposta de cria\u00e7\u00e3o do Balc\u00e3o \u00danico. O novo processo melhora a experi\u00eancia dos cidad\u00e3os na utiliza\u00e7\u00e3o do servi\u00e7o, unificando etapas do caminho do empreendedor\u201d, afirma Juan Quir\u00f3s, secret\u00e1rio de Inova\u00e7\u00e3o e Tecnologia da cidade de S\u00e3o Paulo.<\/p>\n\n\n\n<p>O <a href=\"http:\/\/empreendafacil.prefeitura.sp.gov.br\/\">Empreenda F\u00e1cil<\/a> \u00e9 liderado pela Coordenadoria de Gest\u00e3o da Tecnologia da Informa\u00e7\u00e3o e Comunica\u00e7\u00e3o da Secretaria Municipal de Inova\u00e7\u00e3o e Tecnologia (SMIT\/CGTIC) em parceria com Secretaria Municipal da Fazenda (SF) e com a Prodam (Empresa de Tecnologia da Informa\u00e7\u00e3o e Comunica\u00e7\u00e3o do Munic\u00edpio de S\u00e3o Paulo), com o apoio de v\u00e1rios \u00f3rg\u00e3os da Administra\u00e7\u00e3o P\u00fablica Municipal, Estadual e Federal.<\/p>\n\n\n\n<p>J\u00e1 o Balc\u00e3o \u00danico, do Governo do Estado, \u00e9 de responsabilidade da Secretaria de Desenvolvimento Econ\u00f4mico.<\/p>\n\n\n\n<p>\u201cEstamos desde o in\u00edcio dessa gest\u00e3o comprometidos em implementar em S\u00e3o Paulo um modelo desburocratizado de fomento ao empreendedorismo, inspirado nas melhores pr\u00e1ticas internacionais avaliadas em visitas presencias realizadas pela equipe de governo, incluindo refer\u00eancias como: Emirados \u00c1rabes (Dubai e Abu Dhabi), Calif\u00f3rnia e Est\u00f4nia\u201d, disse a Secret\u00e1ria de Desenvolvimento Econ\u00f4mico, Patricia Ellen.<\/p>\n\n\n\n<p>A expectativa \u00e9 que a simplifica\u00e7\u00e3o do processo no Balc\u00e3o \u00danico contribua para melhorar a posi\u00e7\u00e3o do Brasil no ranking Doing Business, iniciativa do Banco Mundial que realiza uma an\u00e1lise do ambiente de neg\u00f3cios em 190 economias (pa\u00edses).<\/p>\n\n\n\n<p>Historicamente, a melhor posi\u00e7\u00e3o do pa\u00eds foi a 100\u00aa (2004 e 2005). Ainda est\u00e1 atr\u00e1s, por exemplo, do Uruguai (101\u00ba), do Peru (76\u00ba), Col\u00f4mbia (67\u00ba) e Chile (59\u00ba).<\/p>\n\n\n\n<p>Em rela\u00e7\u00e3o aos pa\u00edses do Brics, somos o \u00faltimo colocado: \u00c1frica do Sul (84\u00ba), \u00cdndia (63\u00ba), China (31\u00ba &#8211; Taiwan 15\u00ba e Hong Kong 3\u00ba) e R\u00fassia (28\u00ba). E os primeiros colocados no o mundo s\u00e3o: Nova Zel\u00e2ndia (1\u00ba), Singapura (2\u00ba) e Hong Kong (3\u00ba).<\/p>\n\n\n\n<p>Fonte:  <a href=\"https:\/\/www.prefeitura.sp.gov.br\/cidade\/secretarias\/inovacao\/noticias\/?p=307607\">https:\/\/www.prefeitura.sp.gov.br\/cidade\/secretarias\/inovacao\/noticias\/?p=307607 <\/a><\/p>\n\n\n\n<p><\/p>\n","protected":false},"excerpt":{"rendered":"<p>Projeto pioneiro da cidade de S\u00e3o Paulo, o Empreenda F\u00e1cil agora faz parte do Balc\u00e3o \u00danico, iniciativa do Governo do Estado, em parceria com o Governo Federal e a Prefeitura, para centralizar e simplificar os processos de abertura de empresas. Desde sexta-feira (15), o empreendedor pode abrir sua empresa por meio de um \u00fanico acesso, [&hellip;]<\/p>\n","protected":false},"author":6,"featured_media":3860,"comment_status":"open","ping_status":"open","sticky":false,"template":"","format":"standard","meta":{"_monsterinsights_skip_tracking":false,"_monsterinsights_sitenote_active":false,"_monsterinsights_sitenote_note":"","_monsterinsights_sitenote_category":0,"site-sidebar-layout":"default","site-content-layout":"","ast-site-content-layout":"","site-content-style":"default","site-sidebar-style":"default","ast-global-header-display":"","ast-banner-title-visibility":"","ast-main-header-display":"","ast-hfb-above-header-display":"","ast-hfb-below-header-display":"","ast-hfb-mobile-header-display":"","site-post-title":"","ast-breadcrumbs-content":"","ast-featured-img":"","footer-sml-layout":"","theme-transparent-header-meta":"","adv-header-id-meta":"","stick-header-meta":"","header-above-stick-meta":"","header-main-stick-meta":"","header-below-stick-meta":"","astra-migrate-meta-layouts":"default","ast-page-background-enabled":"default","ast-page-background-meta":{"desktop":{"background-color":"var(--ast-global-color-5)","background-image":"","background-repeat":"repeat","background-position":"center center","background-size":"auto","background-attachment":"scroll","background-type":"","background-media":"","overlay-type":"","overlay-color":"","overlay-opacity":"","overlay-gradient":""},"tablet":{"background-color":"","background-image":"","background-repeat":"repeat","background-position":"center center","background-size":"auto","background-attachment":"scroll","background-type":"","background-media":"","overlay-type":"","overlay-color":"","overlay-opacity":"","overlay-gradient":""},"mobile":{"background-color":"","background-image":"","background-repeat":"repeat","background-position":"center center","background-size":"auto","background-attachment":"scroll","background-type":"","background-media":"","overlay-type":"","overlay-color":"","overlay-opacity":"","overlay-gradient":""}},"ast-content-background-meta":{"desktop":{"background-color":"var(--ast-global-color-4)","background-image":"","background-repeat":"repeat","background-position":"center center","background-size":"auto","background-attachment":"scroll","background-type":"","background-media":"","overlay-type":"","overlay-color":"","overlay-opacity":"","overlay-gradient":""},"tablet":{"background-color":"var(--ast-global-color-4)","background-image":"","background-repeat":"repeat","background-position":"center center","background-size":"auto","background-attachment":"scroll","background-type":"","background-media":"","overlay-type":"","overlay-color":"","overlay-opacity":"","overlay-gradient":""},"mobile":{"background-color":"var(--ast-global-color-4)","background-image":"","background-repeat":"repeat","background-position":"center center","background-size":"auto","background-attachment":"scroll","background-type":"","background-media":"","overlay-type":"","overlay-color":"","overlay-opacity":"","overlay-gradient":""}},"footnotes":""},"categories":[8],"tags":[],"class_list":["post-3859","post","type-post","status-publish","format-standard","has-post-thumbnail","hentry","category-noticias"],"yoast_head":"<!-- This site is optimized with the Yoast SEO plugin v27.0 - https:\/\/yoast.com\/product\/yoast-seo-wordpress\/ -->\n<title>Empreenda F\u00e1cil integra programa do Governo de S\u00e3o Paulo para abertura de empresas &#8211;<\/title>\n<meta name=\"robots\" content=\"index, follow, max-snippet:-1, max-image-preview:large, max-video-preview:-1\" \/>\n<link rel=\"canonical\" href=\"https:\/\/tecnologia.prefeitura.sp.gov.br\/?p=3859\" \/>\n<meta property=\"og:locale\" content=\"pt_BR\" \/>\n<meta property=\"og:type\" content=\"article\" \/>\n<meta property=\"og:title\" content=\"Empreenda F\u00e1cil integra programa do Governo de S\u00e3o Paulo para abertura de empresas &#8211;\" \/>\n<meta property=\"og:description\" content=\"Projeto pioneiro da cidade de S\u00e3o Paulo, o Empreenda F\u00e1cil agora faz parte do Balc\u00e3o \u00danico, iniciativa do Governo do Estado, em parceria com o Governo Federal e a Prefeitura, para centralizar e simplificar os processos de abertura de empresas. Desde sexta-feira (15), o empreendedor pode abrir sua empresa por meio de um \u00fanico acesso, [&hellip;]\" \/>\n<meta property=\"og:url\" content=\"https:\/\/tecnologia.prefeitura.sp.gov.br\/?p=3859\" \/>\n<meta property=\"article:published_time\" content=\"2021-01-26T19:21:59+00:00\" \/>\n<meta property=\"og:image\" content=\"https:\/\/tecnologia.prefeitura.sp.gov.br\/wp-content\/uploads\/2021\/01\/empreenda-facil-jan21.png\" \/>\n\t<meta property=\"og:image:width\" content=\"1600\" \/>\n\t<meta property=\"og:image:height\" content=\"1200\" \/>\n\t<meta property=\"og:image:type\" content=\"image\/png\" \/>\n<meta name=\"author\" content=\"Aline Menezes\" \/>\n<meta name=\"twitter:card\" content=\"summary_large_image\" \/>\n<meta name=\"twitter:label1\" content=\"Escrito por\" \/>\n\t<meta name=\"twitter:data1\" content=\"Aline Menezes\" \/>\n\t<meta name=\"twitter:label2\" content=\"Est. tempo de leitura\" \/>\n\t<meta name=\"twitter:data2\" content=\"3 minutos\" \/>\n<script type=\"application\/ld+json\" class=\"yoast-schema-graph\">{\"@context\":\"https:\/\/schema.org\",\"@graph\":[{\"@type\":\"Article\",\"@id\":\"https:\/\/tecnologia.prefeitura.sp.gov.br\/?p=3859#article\",\"isPartOf\":{\"@id\":\"https:\/\/tecnologia.prefeitura.sp.gov.br\/?p=3859\"},\"author\":{\"name\":\"Aline Menezes\",\"@id\":\"https:\/\/tecnologia.prefeitura.sp.gov.br\/#\/schema\/person\/fe435fe82328ad345d8b1b2e52c94574\"},\"headline\":\"Empreenda F\u00e1cil integra programa do Governo de S\u00e3o Paulo para abertura de empresas\",\"datePublished\":\"2021-01-26T19:21:59+00:00\",\"mainEntityOfPage\":{\"@id\":\"https:\/\/tecnologia.prefeitura.sp.gov.br\/?p=3859\"},\"wordCount\":529,\"commentCount\":0,\"publisher\":{\"@id\":\"https:\/\/tecnologia.prefeitura.sp.gov.br\/#organization\"},\"image\":{\"@id\":\"https:\/\/tecnologia.prefeitura.sp.gov.br\/?p=3859#primaryimage\"},\"thumbnailUrl\":\"https:\/\/tecnologia.prefeitura.sp.gov.br\/wp-content\/uploads\/2021\/01\/empreenda-facil-jan21.png\",\"articleSection\":[\"Not\u00edcias\"],\"inLanguage\":\"pt-BR\",\"potentialAction\":[{\"@type\":\"CommentAction\",\"name\":\"Comment\",\"target\":[\"https:\/\/tecnologia.prefeitura.sp.gov.br\/?p=3859#respond\"]}]},{\"@type\":\"WebPage\",\"@id\":\"https:\/\/tecnologia.prefeitura.sp.gov.br\/?p=3859\",\"url\":\"https:\/\/tecnologia.prefeitura.sp.gov.br\/?p=3859\",\"name\":\"Empreenda F\u00e1cil integra programa do Governo de S\u00e3o Paulo para abertura de empresas &#8211;\",\"isPartOf\":{\"@id\":\"https:\/\/tecnologia.prefeitura.sp.gov.br\/#website\"},\"primaryImageOfPage\":{\"@id\":\"https:\/\/tecnologia.prefeitura.sp.gov.br\/?p=3859#primaryimage\"},\"image\":{\"@id\":\"https:\/\/tecnologia.prefeitura.sp.gov.br\/?p=3859#primaryimage\"},\"thumbnailUrl\":\"https:\/\/tecnologia.prefeitura.sp.gov.br\/wp-content\/uploads\/2021\/01\/empreenda-facil-jan21.png\",\"datePublished\":\"2021-01-26T19:21:59+00:00\",\"breadcrumb\":{\"@id\":\"https:\/\/tecnologia.prefeitura.sp.gov.br\/?p=3859#breadcrumb\"},\"inLanguage\":\"pt-BR\",\"potentialAction\":[{\"@type\":\"ReadAction\",\"target\":[\"https:\/\/tecnologia.prefeitura.sp.gov.br\/?p=3859\"]}]},{\"@type\":\"ImageObject\",\"inLanguage\":\"pt-BR\",\"@id\":\"https:\/\/tecnologia.prefeitura.sp.gov.br\/?p=3859#primaryimage\",\"url\":\"https:\/\/tecnologia.prefeitura.sp.gov.br\/wp-content\/uploads\/2021\/01\/empreenda-facil-jan21.png\",\"contentUrl\":\"https:\/\/tecnologia.prefeitura.sp.gov.br\/wp-content\/uploads\/2021\/01\/empreenda-facil-jan21.png\",\"width\":1600,\"height\":1200},{\"@type\":\"BreadcrumbList\",\"@id\":\"https:\/\/tecnologia.prefeitura.sp.gov.br\/?p=3859#breadcrumb\",\"itemListElement\":[{\"@type\":\"ListItem\",\"position\":1,\"name\":\"In\u00edcio\",\"item\":\"https:\/\/tecnologia.prefeitura.sp.gov.br\/\"},{\"@type\":\"ListItem\",\"position\":2,\"name\":\"Empreenda F\u00e1cil integra programa do Governo de S\u00e3o Paulo para abertura de empresas\"}]},{\"@type\":\"WebSite\",\"@id\":\"https:\/\/tecnologia.prefeitura.sp.gov.br\/#website\",\"url\":\"https:\/\/tecnologia.prefeitura.sp.gov.br\/\",\"name\":\"Tecnologia cidade de S\u00e3o Paulo\",\"description\":\"Este portal foi criado com o intuito de divulgar diretrizes, boas pr\u00e1ticas e casos de sucesso no uso de tecnologia na Prefeitura da cidade de S\u00e3o Paulo. Seu p\u00fablico prim\u00e1rio s\u00e3o os servidores e servidoras p\u00fablicos, para que tenhamos mais pessoas entendendo de tecnologia para resolver problemas de pessoas.\",\"publisher\":{\"@id\":\"https:\/\/tecnologia.prefeitura.sp.gov.br\/#organization\"},\"potentialAction\":[{\"@type\":\"SearchAction\",\"target\":{\"@type\":\"EntryPoint\",\"urlTemplate\":\"https:\/\/tecnologia.prefeitura.sp.gov.br\/?s={search_term_string}\"},\"query-input\":{\"@type\":\"PropertyValueSpecification\",\"valueRequired\":true,\"valueName\":\"search_term_string\"}}],\"inLanguage\":\"pt-BR\"},{\"@type\":\"Organization\",\"@id\":\"https:\/\/tecnologia.prefeitura.sp.gov.br\/#organization\",\"name\":\"Secretaria Municipal de Inova\u00e7\u00e3o e Tecnologia\",\"url\":\"https:\/\/tecnologia.prefeitura.sp.gov.br\/\",\"logo\":{\"@type\":\"ImageObject\",\"inLanguage\":\"pt-BR\",\"@id\":\"https:\/\/tecnologia.prefeitura.sp.gov.br\/#\/schema\/logo\/image\/\",\"url\":\"http:\/\/54.207.50.161\/wp-content\/uploads\/2019\/10\/logo-gov-ti.png\",\"contentUrl\":\"http:\/\/54.207.50.161\/wp-content\/uploads\/2019\/10\/logo-gov-ti.png\",\"width\":250,\"height\":215,\"caption\":\"Secretaria Municipal de Inova\u00e7\u00e3o e Tecnologia\"},\"image\":{\"@id\":\"https:\/\/tecnologia.prefeitura.sp.gov.br\/#\/schema\/logo\/image\/\"}},{\"@type\":\"Person\",\"@id\":\"https:\/\/tecnologia.prefeitura.sp.gov.br\/#\/schema\/person\/fe435fe82328ad345d8b1b2e52c94574\",\"name\":\"Aline Menezes\",\"image\":{\"@type\":\"ImageObject\",\"inLanguage\":\"pt-BR\",\"@id\":\"https:\/\/tecnologia.prefeitura.sp.gov.br\/#\/schema\/person\/image\/\",\"url\":\"https:\/\/secure.gravatar.com\/avatar\/a29d4a41cc2107f8da943f941cf334b49ba1caf04ec87f872f2c40693ca240fa?s=96&d=mm&r=g\",\"contentUrl\":\"https:\/\/secure.gravatar.com\/avatar\/a29d4a41cc2107f8da943f941cf334b49ba1caf04ec87f872f2c40693ca240fa?s=96&d=mm&r=g\",\"caption\":\"Aline Menezes\"},\"url\":\"https:\/\/tecnologia.prefeitura.sp.gov.br\/?author=6\"}]}<\/script>\n<!-- \/ Yoast SEO plugin. -->","yoast_head_json":{"title":"Empreenda F\u00e1cil integra programa do Governo de S\u00e3o Paulo para abertura de empresas &#8211;","robots":{"index":"index","follow":"follow","max-snippet":"max-snippet:-1","max-image-preview":"max-image-preview:large","max-video-preview":"max-video-preview:-1"},"canonical":"https:\/\/tecnologia.prefeitura.sp.gov.br\/?p=3859","og_locale":"pt_BR","og_type":"article","og_title":"Empreenda F\u00e1cil integra programa do Governo de S\u00e3o Paulo para abertura de empresas &#8211;","og_description":"Projeto pioneiro da cidade de S\u00e3o Paulo, o Empreenda F\u00e1cil agora faz parte do Balc\u00e3o \u00danico, iniciativa do Governo do Estado, em parceria com o Governo Federal e a Prefeitura, para centralizar e simplificar os processos de abertura de empresas. Desde sexta-feira (15), o empreendedor pode abrir sua empresa por meio de um \u00fanico acesso, [&hellip;]","og_url":"https:\/\/tecnologia.prefeitura.sp.gov.br\/?p=3859","article_published_time":"2021-01-26T19:21:59+00:00","og_image":[{"width":1600,"height":1200,"url":"https:\/\/tecnologia.prefeitura.sp.gov.br\/wp-content\/uploads\/2021\/01\/empreenda-facil-jan21.png","type":"image\/png"}],"author":"Aline Menezes","twitter_card":"summary_large_image","twitter_misc":{"Escrito por":"Aline Menezes","Est. tempo de leitura":"3 minutos"},"schema":{"@context":"https:\/\/schema.org","@graph":[{"@type":"Article","@id":"https:\/\/tecnologia.prefeitura.sp.gov.br\/?p=3859#article","isPartOf":{"@id":"https:\/\/tecnologia.prefeitura.sp.gov.br\/?p=3859"},"author":{"name":"Aline Menezes","@id":"https:\/\/tecnologia.prefeitura.sp.gov.br\/#\/schema\/person\/fe435fe82328ad345d8b1b2e52c94574"},"headline":"Empreenda F\u00e1cil integra programa do Governo de S\u00e3o Paulo para abertura de empresas","datePublished":"2021-01-26T19:21:59+00:00","mainEntityOfPage":{"@id":"https:\/\/tecnologia.prefeitura.sp.gov.br\/?p=3859"},"wordCount":529,"commentCount":0,"publisher":{"@id":"https:\/\/tecnologia.prefeitura.sp.gov.br\/#organization"},"image":{"@id":"https:\/\/tecnologia.prefeitura.sp.gov.br\/?p=3859#primaryimage"},"thumbnailUrl":"https:\/\/tecnologia.prefeitura.sp.gov.br\/wp-content\/uploads\/2021\/01\/empreenda-facil-jan21.png","articleSection":["Not\u00edcias"],"inLanguage":"pt-BR","potentialAction":[{"@type":"CommentAction","name":"Comment","target":["https:\/\/tecnologia.prefeitura.sp.gov.br\/?p=3859#respond"]}]},{"@type":"WebPage","@id":"https:\/\/tecnologia.prefeitura.sp.gov.br\/?p=3859","url":"https:\/\/tecnologia.prefeitura.sp.gov.br\/?p=3859","name":"Empreenda F\u00e1cil integra programa do Governo de S\u00e3o Paulo para abertura de empresas &#8211;","isPartOf":{"@id":"https:\/\/tecnologia.prefeitura.sp.gov.br\/#website"},"primaryImageOfPage":{"@id":"https:\/\/tecnologia.prefeitura.sp.gov.br\/?p=3859#primaryimage"},"image":{"@id":"https:\/\/tecnologia.prefeitura.sp.gov.br\/?p=3859#primaryimage"},"thumbnailUrl":"https:\/\/tecnologia.prefeitura.sp.gov.br\/wp-content\/uploads\/2021\/01\/empreenda-facil-jan21.png","datePublished":"2021-01-26T19:21:59+00:00","breadcrumb":{"@id":"https:\/\/tecnologia.prefeitura.sp.gov.br\/?p=3859#breadcrumb"},"inLanguage":"pt-BR","potentialAction":[{"@type":"ReadAction","target":["https:\/\/tecnologia.prefeitura.sp.gov.br\/?p=3859"]}]},{"@type":"ImageObject","inLanguage":"pt-BR","@id":"https:\/\/tecnologia.prefeitura.sp.gov.br\/?p=3859#primaryimage","url":"https:\/\/tecnologia.prefeitura.sp.gov.br\/wp-content\/uploads\/2021\/01\/empreenda-facil-jan21.png","contentUrl":"https:\/\/tecnologia.prefeitura.sp.gov.br\/wp-content\/uploads\/2021\/01\/empreenda-facil-jan21.png","width":1600,"height":1200},{"@type":"BreadcrumbList","@id":"https:\/\/tecnologia.prefeitura.sp.gov.br\/?p=3859#breadcrumb","itemListElement":[{"@type":"ListItem","position":1,"name":"In\u00edcio","item":"https:\/\/tecnologia.prefeitura.sp.gov.br\/"},{"@type":"ListItem","position":2,"name":"Empreenda F\u00e1cil integra programa do Governo de S\u00e3o Paulo para abertura de empresas"}]},{"@type":"WebSite","@id":"https:\/\/tecnologia.prefeitura.sp.gov.br\/#website","url":"https:\/\/tecnologia.prefeitura.sp.gov.br\/","name":"Tecnologia cidade de S\u00e3o Paulo","description":"Este portal foi criado com o intuito de divulgar diretrizes, boas pr\u00e1ticas e casos de sucesso no uso de tecnologia na Prefeitura da cidade de S\u00e3o Paulo. Seu p\u00fablico prim\u00e1rio s\u00e3o os servidores e servidoras p\u00fablicos, para que tenhamos mais pessoas entendendo de tecnologia para resolver problemas de pessoas.","publisher":{"@id":"https:\/\/tecnologia.prefeitura.sp.gov.br\/#organization"},"potentialAction":[{"@type":"SearchAction","target":{"@type":"EntryPoint","urlTemplate":"https:\/\/tecnologia.prefeitura.sp.gov.br\/?s={search_term_string}"},"query-input":{"@type":"PropertyValueSpecification","valueRequired":true,"valueName":"search_term_string"}}],"inLanguage":"pt-BR"},{"@type":"Organization","@id":"https:\/\/tecnologia.prefeitura.sp.gov.br\/#organization","name":"Secretaria Municipal de Inova\u00e7\u00e3o e Tecnologia","url":"https:\/\/tecnologia.prefeitura.sp.gov.br\/","logo":{"@type":"ImageObject","inLanguage":"pt-BR","@id":"https:\/\/tecnologia.prefeitura.sp.gov.br\/#\/schema\/logo\/image\/","url":"http:\/\/54.207.50.161\/wp-content\/uploads\/2019\/10\/logo-gov-ti.png","contentUrl":"http:\/\/54.207.50.161\/wp-content\/uploads\/2019\/10\/logo-gov-ti.png","width":250,"height":215,"caption":"Secretaria Municipal de Inova\u00e7\u00e3o e Tecnologia"},"image":{"@id":"https:\/\/tecnologia.prefeitura.sp.gov.br\/#\/schema\/logo\/image\/"}},{"@type":"Person","@id":"https:\/\/tecnologia.prefeitura.sp.gov.br\/#\/schema\/person\/fe435fe82328ad345d8b1b2e52c94574","name":"Aline Menezes","image":{"@type":"ImageObject","inLanguage":"pt-BR","@id":"https:\/\/tecnologia.prefeitura.sp.gov.br\/#\/schema\/person\/image\/","url":"https:\/\/secure.gravatar.com\/avatar\/a29d4a41cc2107f8da943f941cf334b49ba1caf04ec87f872f2c40693ca240fa?s=96&d=mm&r=g","contentUrl":"https:\/\/secure.gravatar.com\/avatar\/a29d4a41cc2107f8da943f941cf334b49ba1caf04ec87f872f2c40693ca240fa?s=96&d=mm&r=g","caption":"Aline Menezes"},"url":"https:\/\/tecnologia.prefeitura.sp.gov.br\/?author=6"}]}},"_links":{"self":[{"href":"https:\/\/tecnologia.prefeitura.sp.gov.br\/index.php?rest_route=\/wp\/v2\/posts\/3859","targetHints":{"allow":["GET"]}}],"collection":[{"href":"https:\/\/tecnologia.prefeitura.sp.gov.br\/index.php?rest_route=\/wp\/v2\/posts"}],"about":[{"href":"https:\/\/tecnologia.prefeitura.sp.gov.br\/index.php?rest_route=\/wp\/v2\/types\/post"}],"author":[{"embeddable":true,"href":"https:\/\/tecnologia.prefeitura.sp.gov.br\/index.php?rest_route=\/wp\/v2\/users\/6"}],"replies":[{"embeddable":true,"href":"https:\/\/tecnologia.prefeitura.sp.gov.br\/index.php?rest_route=%2Fwp%2Fv2%2Fcomments&post=3859"}],"version-history":[{"count":2,"href":"https:\/\/tecnologia.prefeitura.sp.gov.br\/index.php?rest_route=\/wp\/v2\/posts\/3859\/revisions"}],"predecessor-version":[{"id":3863,"href":"https:\/\/tecnologia.prefeitura.sp.gov.br\/index.php?rest_route=\/wp\/v2\/posts\/3859\/revisions\/3863"}],"wp:featuredmedia":[{"embeddable":true,"href":"https:\/\/tecnologia.prefeitura.sp.gov.br\/index.php?rest_route=\/wp\/v2\/media\/3860"}],"wp:attachment":[{"href":"https:\/\/tecnologia.prefeitura.sp.gov.br\/index.php?rest_route=%2Fwp%2Fv2%2Fmedia&parent=3859"}],"wp:term":[{"taxonomy":"category","embeddable":true,"href":"https:\/\/tecnologia.prefeitura.sp.gov.br\/index.php?rest_route=%2Fwp%2Fv2%2Fcategories&post=3859"},{"taxonomy":"post_tag","embeddable":true,"href":"https:\/\/tecnologia.prefeitura.sp.gov.br\/index.php?rest_route=%2Fwp%2Fv2%2Ftags&post=3859"}],"curies":[{"name":"wp","href":"https:\/\/api.w.org\/{rel}","templated":true}]}}