{"id":3873,"date":"2021-01-26T16:09:01","date_gmt":"2021-01-26T19:09:01","guid":{"rendered":"https:\/\/tecnologia.prefeitura.sp.gov.br\/?p=3873"},"modified":"2021-01-26T16:09:02","modified_gmt":"2021-01-26T19:09:02","slug":"novo-decreto-traz-seguranca-juridica-para-empresas-de-tecnologias-da-informacao-e-comunicacao","status":"publish","type":"post","link":"https:\/\/tecnologia.prefeitura.sp.gov.br\/?p=3873","title":{"rendered":"Novo decreto traz seguran\u00e7a jur\u00eddica para empresas de tecnologias da informa\u00e7\u00e3o e comunica\u00e7\u00e3o"},"content":{"rendered":"\n<p>Publicado no Di\u00e1rio Oficial da Uni\u00e3o (DOU) dessa segunda-feira (18), o <a href=\"https:\/\/www.in.gov.br\/en\/web\/dou\/-\/decreto-n-10.602-de-15-de-janeiro-de-2021-299277982?_ga=2.33507262.1688471613.1610977057-176041860.1610027786\">Decreto Presidencial N\u00ba 10.602<\/a> que regulamenta a Lei de Tecnologias da Informa\u00e7\u00e3o e Comunica\u00e7\u00e3o (TICs) e traz novas mudan\u00e7as para trazer mais seguran\u00e7a jur\u00eddica e tribut\u00e1ria para as empresas que se beneficiam da Lei. O objetivo \u00e9 incentivar a pesquisa e o desenvolvimento do setor.<\/p>\n\n\n\n<p>As altera\u00e7\u00f5es trazem um novo cen\u00e1rio para as empresas de TICs, que s\u00e3o respons\u00e1veis por um n\u00famero significativo de postos de trabalho e possuem uma transversalidade que beneficia o setor econ\u00f4mico como um todo.<\/p>\n\n\n\n<p>Uma altera\u00e7\u00e3o \u00e9 a possibilidade de que sejam contabilizados como investimento em atividades de Pesquisa, Desenvolvimento e Inova\u00e7\u00e3o (PD&amp;I) do ano-calend\u00e1rio os disp\u00eandios \u201ccorrespondentes \u00e0 execu\u00e7\u00e3o de atividades de realizadas at\u00e9 31 de mar\u00e7o do ano subsequente\u201d.<\/p>\n\n\n\n<p>Outra altera\u00e7\u00e3o relevante permite que, caso uma empresa esteja presente em mais de um local no Pa\u00eds, ela possa se valer de regimes diferentes \u2013 ou seja, uma ind\u00fastria pode usar o regime de cr\u00e9ditos trimestrais dos incentivos, enquanto outra usa o sistema anual.<\/p>\n\n\n\n<p>\u201cA expectativa \u00e9 que as altera\u00e7\u00f5es tragam ainda mais seguran\u00e7a jur\u00eddica, um maior detalhamento do que \u00e9 coberto e como \u00e9 coberto pela Lei inclusive nas quest\u00f5es dos c\u00e1lculos tribut\u00e1rios. As altera\u00e7\u00f5es v\u00e3o permitir maior investimento na forma\u00e7\u00e3o de pessoal, maior fomento em ci\u00eancia e tecnologia neste setor que emprega milhares de pessoas e precisa de mais postos de trabalho ainda\u201d, ressaltou o ministro da Ci\u00eancia, Tecnologia e Inova\u00e7\u00f5es, Marcos Pontes.<\/p>\n\n\n\n<p>Fonte: <a href=\"https:\/\/www.gov.br\/casacivil\/pt-br\/assuntos\/noticias\/2021\/janeiro\/novo-decreto-traz-seguranca-juridica-para-empresas-de-tecnologias-da-informacao-e-comunicacao\"> https:\/\/www.gov.br\/casacivil\/pt-br\/assuntos\/noticias\/2021\/janeiro\/novo-decreto-traz-seguranca-juridica-para-empresas-de-tecnologias-da-informacao-e-comunicacao<\/a> <\/p>\n","protected":false},"excerpt":{"rendered":"<p>Publicado no Di\u00e1rio Oficial da Uni\u00e3o (DOU) dessa segunda-feira (18), o Decreto Presidencial N\u00ba 10.602 que regulamenta a Lei de Tecnologias da Informa\u00e7\u00e3o e Comunica\u00e7\u00e3o (TICs) e traz novas mudan\u00e7as para trazer mais seguran\u00e7a jur\u00eddica e tribut\u00e1ria para as empresas que se beneficiam da Lei. O objetivo \u00e9 incentivar a pesquisa e o desenvolvimento do [&hellip;]<\/p>\n","protected":false},"author":6,"featured_media":3874,"comment_status":"open","ping_status":"open","sticky":false,"template":"","format":"standard","meta":{"_monsterinsights_skip_tracking":false,"_monsterinsights_sitenote_active":false,"_monsterinsights_sitenote_note":"","_monsterinsights_sitenote_category":0,"site-sidebar-layout":"default","site-content-layout":"","ast-site-content-layout":"","site-content-style":"default","site-sidebar-style":"default","ast-global-header-display":"","ast-banner-title-visibility":"","ast-main-header-display":"","ast-hfb-above-header-display":"","ast-hfb-below-header-display":"","ast-hfb-mobile-header-display":"","site-post-title":"","ast-breadcrumbs-content":"","ast-featured-img":"","footer-sml-layout":"","theme-transparent-header-meta":"","adv-header-id-meta":"","stick-header-meta":"","header-above-stick-meta":"","header-main-stick-meta":"","header-below-stick-meta":"","astra-migrate-meta-layouts":"default","ast-page-background-enabled":"default","ast-page-background-meta":{"desktop":{"background-color":"var(--ast-global-color-5)","background-image":"","background-repeat":"repeat","background-position":"center center","background-size":"auto","background-attachment":"scroll","background-type":"","background-media":"","overlay-type":"","overlay-color":"","overlay-opacity":"","overlay-gradient":""},"tablet":{"background-color":"","background-image":"","background-repeat":"repeat","background-position":"center center","background-size":"auto","background-attachment":"scroll","background-type":"","background-media":"","overlay-type":"","overlay-color":"","overlay-opacity":"","overlay-gradient":""},"mobile":{"background-color":"","background-image":"","background-repeat":"repeat","background-position":"center center","background-size":"auto","background-attachment":"scroll","background-type":"","background-media":"","overlay-type":"","overlay-color":"","overlay-opacity":"","overlay-gradient":""}},"ast-content-background-meta":{"desktop":{"background-color":"var(--ast-global-color-4)","background-image":"","background-repeat":"repeat","background-position":"center center","background-size":"auto","background-attachment":"scroll","background-type":"","background-media":"","overlay-type":"","overlay-color":"","overlay-opacity":"","overlay-gradient":""},"tablet":{"background-color":"var(--ast-global-color-4)","background-image":"","background-repeat":"repeat","background-position":"center center","background-size":"auto","background-attachment":"scroll","background-type":"","background-media":"","overlay-type":"","overlay-color":"","overlay-opacity":"","overlay-gradient":""},"mobile":{"background-color":"var(--ast-global-color-4)","background-image":"","background-repeat":"repeat","background-position":"center center","background-size":"auto","background-attachment":"scroll","background-type":"","background-media":"","overlay-type":"","overlay-color":"","overlay-opacity":"","overlay-gradient":""}},"footnotes":""},"categories":[8],"tags":[],"class_list":["post-3873","post","type-post","status-publish","format-standard","has-post-thumbnail","hentry","category-noticias"],"yoast_head":"<!-- This site is optimized with the Yoast SEO plugin v27.0 - https:\/\/yoast.com\/product\/yoast-seo-wordpress\/ -->\n<title>Novo decreto traz seguran\u00e7a jur\u00eddica para empresas de tecnologias da informa\u00e7\u00e3o e comunica\u00e7\u00e3o &#8211;<\/title>\n<meta name=\"robots\" content=\"index, follow, max-snippet:-1, max-image-preview:large, max-video-preview:-1\" \/>\n<link rel=\"canonical\" href=\"https:\/\/tecnologia.prefeitura.sp.gov.br\/?p=3873\" \/>\n<meta property=\"og:locale\" content=\"pt_BR\" \/>\n<meta property=\"og:type\" content=\"article\" \/>\n<meta property=\"og:title\" content=\"Novo decreto traz seguran\u00e7a jur\u00eddica para empresas de tecnologias da informa\u00e7\u00e3o e comunica\u00e7\u00e3o &#8211;\" \/>\n<meta property=\"og:description\" content=\"Publicado no Di\u00e1rio Oficial da Uni\u00e3o (DOU) dessa segunda-feira (18), o Decreto Presidencial N\u00ba 10.602 que regulamenta a Lei de Tecnologias da Informa\u00e7\u00e3o e Comunica\u00e7\u00e3o (TICs) e traz novas mudan\u00e7as para trazer mais seguran\u00e7a jur\u00eddica e tribut\u00e1ria para as empresas que se beneficiam da Lei. O objetivo \u00e9 incentivar a pesquisa e o desenvolvimento do [&hellip;]\" \/>\n<meta property=\"og:url\" content=\"https:\/\/tecnologia.prefeitura.sp.gov.br\/?p=3873\" \/>\n<meta property=\"article:published_time\" content=\"2021-01-26T19:09:01+00:00\" \/>\n<meta property=\"article:modified_time\" content=\"2021-01-26T19:09:02+00:00\" \/>\n<meta property=\"og:image\" content=\"https:\/\/tecnologia.prefeitura.sp.gov.br\/wp-content\/uploads\/2021\/01\/decreto-seg-jurid.png\" \/>\n\t<meta property=\"og:image:width\" content=\"1600\" \/>\n\t<meta property=\"og:image:height\" content=\"1200\" \/>\n\t<meta property=\"og:image:type\" content=\"image\/png\" \/>\n<meta name=\"author\" content=\"Aline Menezes\" \/>\n<meta name=\"twitter:card\" content=\"summary_large_image\" \/>\n<meta name=\"twitter:label1\" content=\"Escrito por\" \/>\n\t<meta name=\"twitter:data1\" content=\"Aline Menezes\" \/>\n\t<meta name=\"twitter:label2\" content=\"Est. tempo de leitura\" \/>\n\t<meta name=\"twitter:data2\" content=\"1 minuto\" \/>\n<script type=\"application\/ld+json\" class=\"yoast-schema-graph\">{\"@context\":\"https:\/\/schema.org\",\"@graph\":[{\"@type\":\"Article\",\"@id\":\"https:\/\/tecnologia.prefeitura.sp.gov.br\/?p=3873#article\",\"isPartOf\":{\"@id\":\"https:\/\/tecnologia.prefeitura.sp.gov.br\/?p=3873\"},\"author\":{\"name\":\"Aline Menezes\",\"@id\":\"https:\/\/tecnologia.prefeitura.sp.gov.br\/#\/schema\/person\/fe435fe82328ad345d8b1b2e52c94574\"},\"headline\":\"Novo decreto traz seguran\u00e7a jur\u00eddica para empresas de tecnologias da informa\u00e7\u00e3o e comunica\u00e7\u00e3o\",\"datePublished\":\"2021-01-26T19:09:01+00:00\",\"dateModified\":\"2021-01-26T19:09:02+00:00\",\"mainEntityOfPage\":{\"@id\":\"https:\/\/tecnologia.prefeitura.sp.gov.br\/?p=3873\"},\"wordCount\":298,\"commentCount\":0,\"publisher\":{\"@id\":\"https:\/\/tecnologia.prefeitura.sp.gov.br\/#organization\"},\"image\":{\"@id\":\"https:\/\/tecnologia.prefeitura.sp.gov.br\/?p=3873#primaryimage\"},\"thumbnailUrl\":\"https:\/\/tecnologia.prefeitura.sp.gov.br\/wp-content\/uploads\/2021\/01\/decreto-seg-jurid.png\",\"articleSection\":[\"Not\u00edcias\"],\"inLanguage\":\"pt-BR\",\"potentialAction\":[{\"@type\":\"CommentAction\",\"name\":\"Comment\",\"target\":[\"https:\/\/tecnologia.prefeitura.sp.gov.br\/?p=3873#respond\"]}]},{\"@type\":\"WebPage\",\"@id\":\"https:\/\/tecnologia.prefeitura.sp.gov.br\/?p=3873\",\"url\":\"https:\/\/tecnologia.prefeitura.sp.gov.br\/?p=3873\",\"name\":\"Novo decreto traz seguran\u00e7a jur\u00eddica para empresas de tecnologias da informa\u00e7\u00e3o e comunica\u00e7\u00e3o &#8211;\",\"isPartOf\":{\"@id\":\"https:\/\/tecnologia.prefeitura.sp.gov.br\/#website\"},\"primaryImageOfPage\":{\"@id\":\"https:\/\/tecnologia.prefeitura.sp.gov.br\/?p=3873#primaryimage\"},\"image\":{\"@id\":\"https:\/\/tecnologia.prefeitura.sp.gov.br\/?p=3873#primaryimage\"},\"thumbnailUrl\":\"https:\/\/tecnologia.prefeitura.sp.gov.br\/wp-content\/uploads\/2021\/01\/decreto-seg-jurid.png\",\"datePublished\":\"2021-01-26T19:09:01+00:00\",\"dateModified\":\"2021-01-26T19:09:02+00:00\",\"breadcrumb\":{\"@id\":\"https:\/\/tecnologia.prefeitura.sp.gov.br\/?p=3873#breadcrumb\"},\"inLanguage\":\"pt-BR\",\"potentialAction\":[{\"@type\":\"ReadAction\",\"target\":[\"https:\/\/tecnologia.prefeitura.sp.gov.br\/?p=3873\"]}]},{\"@type\":\"ImageObject\",\"inLanguage\":\"pt-BR\",\"@id\":\"https:\/\/tecnologia.prefeitura.sp.gov.br\/?p=3873#primaryimage\",\"url\":\"https:\/\/tecnologia.prefeitura.sp.gov.br\/wp-content\/uploads\/2021\/01\/decreto-seg-jurid.png\",\"contentUrl\":\"https:\/\/tecnologia.prefeitura.sp.gov.br\/wp-content\/uploads\/2021\/01\/decreto-seg-jurid.png\",\"width\":1600,\"height\":1200},{\"@type\":\"BreadcrumbList\",\"@id\":\"https:\/\/tecnologia.prefeitura.sp.gov.br\/?p=3873#breadcrumb\",\"itemListElement\":[{\"@type\":\"ListItem\",\"position\":1,\"name\":\"In\u00edcio\",\"item\":\"https:\/\/tecnologia.prefeitura.sp.gov.br\/\"},{\"@type\":\"ListItem\",\"position\":2,\"name\":\"Novo decreto traz seguran\u00e7a jur\u00eddica para empresas de tecnologias da informa\u00e7\u00e3o e comunica\u00e7\u00e3o\"}]},{\"@type\":\"WebSite\",\"@id\":\"https:\/\/tecnologia.prefeitura.sp.gov.br\/#website\",\"url\":\"https:\/\/tecnologia.prefeitura.sp.gov.br\/\",\"name\":\"Tecnologia cidade de S\u00e3o Paulo\",\"description\":\"Este portal foi criado com o intuito de divulgar diretrizes, boas pr\u00e1ticas e casos de sucesso no uso de tecnologia na Prefeitura da cidade de S\u00e3o Paulo. Seu p\u00fablico prim\u00e1rio s\u00e3o os servidores e servidoras p\u00fablicos, para que tenhamos mais pessoas entendendo de tecnologia para resolver problemas de pessoas.\",\"publisher\":{\"@id\":\"https:\/\/tecnologia.prefeitura.sp.gov.br\/#organization\"},\"potentialAction\":[{\"@type\":\"SearchAction\",\"target\":{\"@type\":\"EntryPoint\",\"urlTemplate\":\"https:\/\/tecnologia.prefeitura.sp.gov.br\/?s={search_term_string}\"},\"query-input\":{\"@type\":\"PropertyValueSpecification\",\"valueRequired\":true,\"valueName\":\"search_term_string\"}}],\"inLanguage\":\"pt-BR\"},{\"@type\":\"Organization\",\"@id\":\"https:\/\/tecnologia.prefeitura.sp.gov.br\/#organization\",\"name\":\"Secretaria Municipal de Inova\u00e7\u00e3o e Tecnologia\",\"url\":\"https:\/\/tecnologia.prefeitura.sp.gov.br\/\",\"logo\":{\"@type\":\"ImageObject\",\"inLanguage\":\"pt-BR\",\"@id\":\"https:\/\/tecnologia.prefeitura.sp.gov.br\/#\/schema\/logo\/image\/\",\"url\":\"http:\/\/54.207.50.161\/wp-content\/uploads\/2019\/10\/logo-gov-ti.png\",\"contentUrl\":\"http:\/\/54.207.50.161\/wp-content\/uploads\/2019\/10\/logo-gov-ti.png\",\"width\":250,\"height\":215,\"caption\":\"Secretaria Municipal de Inova\u00e7\u00e3o e Tecnologia\"},\"image\":{\"@id\":\"https:\/\/tecnologia.prefeitura.sp.gov.br\/#\/schema\/logo\/image\/\"}},{\"@type\":\"Person\",\"@id\":\"https:\/\/tecnologia.prefeitura.sp.gov.br\/#\/schema\/person\/fe435fe82328ad345d8b1b2e52c94574\",\"name\":\"Aline Menezes\",\"image\":{\"@type\":\"ImageObject\",\"inLanguage\":\"pt-BR\",\"@id\":\"https:\/\/tecnologia.prefeitura.sp.gov.br\/#\/schema\/person\/image\/\",\"url\":\"https:\/\/secure.gravatar.com\/avatar\/a29d4a41cc2107f8da943f941cf334b49ba1caf04ec87f872f2c40693ca240fa?s=96&d=mm&r=g\",\"contentUrl\":\"https:\/\/secure.gravatar.com\/avatar\/a29d4a41cc2107f8da943f941cf334b49ba1caf04ec87f872f2c40693ca240fa?s=96&d=mm&r=g\",\"caption\":\"Aline Menezes\"},\"url\":\"https:\/\/tecnologia.prefeitura.sp.gov.br\/?author=6\"}]}<\/script>\n<!-- \/ Yoast SEO plugin. -->","yoast_head_json":{"title":"Novo decreto traz seguran\u00e7a jur\u00eddica para empresas de tecnologias da informa\u00e7\u00e3o e comunica\u00e7\u00e3o &#8211;","robots":{"index":"index","follow":"follow","max-snippet":"max-snippet:-1","max-image-preview":"max-image-preview:large","max-video-preview":"max-video-preview:-1"},"canonical":"https:\/\/tecnologia.prefeitura.sp.gov.br\/?p=3873","og_locale":"pt_BR","og_type":"article","og_title":"Novo decreto traz seguran\u00e7a jur\u00eddica para empresas de tecnologias da informa\u00e7\u00e3o e comunica\u00e7\u00e3o &#8211;","og_description":"Publicado no Di\u00e1rio Oficial da Uni\u00e3o (DOU) dessa segunda-feira (18), o Decreto Presidencial N\u00ba 10.602 que regulamenta a Lei de Tecnologias da Informa\u00e7\u00e3o e Comunica\u00e7\u00e3o (TICs) e traz novas mudan\u00e7as para trazer mais seguran\u00e7a jur\u00eddica e tribut\u00e1ria para as empresas que se beneficiam da Lei. O objetivo \u00e9 incentivar a pesquisa e o desenvolvimento do [&hellip;]","og_url":"https:\/\/tecnologia.prefeitura.sp.gov.br\/?p=3873","article_published_time":"2021-01-26T19:09:01+00:00","article_modified_time":"2021-01-26T19:09:02+00:00","og_image":[{"width":1600,"height":1200,"url":"https:\/\/tecnologia.prefeitura.sp.gov.br\/wp-content\/uploads\/2021\/01\/decreto-seg-jurid.png","type":"image\/png"}],"author":"Aline Menezes","twitter_card":"summary_large_image","twitter_misc":{"Escrito por":"Aline Menezes","Est. tempo de leitura":"1 minuto"},"schema":{"@context":"https:\/\/schema.org","@graph":[{"@type":"Article","@id":"https:\/\/tecnologia.prefeitura.sp.gov.br\/?p=3873#article","isPartOf":{"@id":"https:\/\/tecnologia.prefeitura.sp.gov.br\/?p=3873"},"author":{"name":"Aline Menezes","@id":"https:\/\/tecnologia.prefeitura.sp.gov.br\/#\/schema\/person\/fe435fe82328ad345d8b1b2e52c94574"},"headline":"Novo decreto traz seguran\u00e7a jur\u00eddica para empresas de tecnologias da informa\u00e7\u00e3o e comunica\u00e7\u00e3o","datePublished":"2021-01-26T19:09:01+00:00","dateModified":"2021-01-26T19:09:02+00:00","mainEntityOfPage":{"@id":"https:\/\/tecnologia.prefeitura.sp.gov.br\/?p=3873"},"wordCount":298,"commentCount":0,"publisher":{"@id":"https:\/\/tecnologia.prefeitura.sp.gov.br\/#organization"},"image":{"@id":"https:\/\/tecnologia.prefeitura.sp.gov.br\/?p=3873#primaryimage"},"thumbnailUrl":"https:\/\/tecnologia.prefeitura.sp.gov.br\/wp-content\/uploads\/2021\/01\/decreto-seg-jurid.png","articleSection":["Not\u00edcias"],"inLanguage":"pt-BR","potentialAction":[{"@type":"CommentAction","name":"Comment","target":["https:\/\/tecnologia.prefeitura.sp.gov.br\/?p=3873#respond"]}]},{"@type":"WebPage","@id":"https:\/\/tecnologia.prefeitura.sp.gov.br\/?p=3873","url":"https:\/\/tecnologia.prefeitura.sp.gov.br\/?p=3873","name":"Novo decreto traz seguran\u00e7a jur\u00eddica para empresas de tecnologias da informa\u00e7\u00e3o e comunica\u00e7\u00e3o &#8211;","isPartOf":{"@id":"https:\/\/tecnologia.prefeitura.sp.gov.br\/#website"},"primaryImageOfPage":{"@id":"https:\/\/tecnologia.prefeitura.sp.gov.br\/?p=3873#primaryimage"},"image":{"@id":"https:\/\/tecnologia.prefeitura.sp.gov.br\/?p=3873#primaryimage"},"thumbnailUrl":"https:\/\/tecnologia.prefeitura.sp.gov.br\/wp-content\/uploads\/2021\/01\/decreto-seg-jurid.png","datePublished":"2021-01-26T19:09:01+00:00","dateModified":"2021-01-26T19:09:02+00:00","breadcrumb":{"@id":"https:\/\/tecnologia.prefeitura.sp.gov.br\/?p=3873#breadcrumb"},"inLanguage":"pt-BR","potentialAction":[{"@type":"ReadAction","target":["https:\/\/tecnologia.prefeitura.sp.gov.br\/?p=3873"]}]},{"@type":"ImageObject","inLanguage":"pt-BR","@id":"https:\/\/tecnologia.prefeitura.sp.gov.br\/?p=3873#primaryimage","url":"https:\/\/tecnologia.prefeitura.sp.gov.br\/wp-content\/uploads\/2021\/01\/decreto-seg-jurid.png","contentUrl":"https:\/\/tecnologia.prefeitura.sp.gov.br\/wp-content\/uploads\/2021\/01\/decreto-seg-jurid.png","width":1600,"height":1200},{"@type":"BreadcrumbList","@id":"https:\/\/tecnologia.prefeitura.sp.gov.br\/?p=3873#breadcrumb","itemListElement":[{"@type":"ListItem","position":1,"name":"In\u00edcio","item":"https:\/\/tecnologia.prefeitura.sp.gov.br\/"},{"@type":"ListItem","position":2,"name":"Novo decreto traz seguran\u00e7a jur\u00eddica para empresas de tecnologias da informa\u00e7\u00e3o e comunica\u00e7\u00e3o"}]},{"@type":"WebSite","@id":"https:\/\/tecnologia.prefeitura.sp.gov.br\/#website","url":"https:\/\/tecnologia.prefeitura.sp.gov.br\/","name":"Tecnologia cidade de S\u00e3o Paulo","description":"Este portal foi criado com o intuito de divulgar diretrizes, boas pr\u00e1ticas e casos de sucesso no uso de tecnologia na Prefeitura da cidade de S\u00e3o Paulo. Seu p\u00fablico prim\u00e1rio s\u00e3o os servidores e servidoras p\u00fablicos, para que tenhamos mais pessoas entendendo de tecnologia para resolver problemas de pessoas.","publisher":{"@id":"https:\/\/tecnologia.prefeitura.sp.gov.br\/#organization"},"potentialAction":[{"@type":"SearchAction","target":{"@type":"EntryPoint","urlTemplate":"https:\/\/tecnologia.prefeitura.sp.gov.br\/?s={search_term_string}"},"query-input":{"@type":"PropertyValueSpecification","valueRequired":true,"valueName":"search_term_string"}}],"inLanguage":"pt-BR"},{"@type":"Organization","@id":"https:\/\/tecnologia.prefeitura.sp.gov.br\/#organization","name":"Secretaria Municipal de Inova\u00e7\u00e3o e Tecnologia","url":"https:\/\/tecnologia.prefeitura.sp.gov.br\/","logo":{"@type":"ImageObject","inLanguage":"pt-BR","@id":"https:\/\/tecnologia.prefeitura.sp.gov.br\/#\/schema\/logo\/image\/","url":"http:\/\/54.207.50.161\/wp-content\/uploads\/2019\/10\/logo-gov-ti.png","contentUrl":"http:\/\/54.207.50.161\/wp-content\/uploads\/2019\/10\/logo-gov-ti.png","width":250,"height":215,"caption":"Secretaria Municipal de Inova\u00e7\u00e3o e Tecnologia"},"image":{"@id":"https:\/\/tecnologia.prefeitura.sp.gov.br\/#\/schema\/logo\/image\/"}},{"@type":"Person","@id":"https:\/\/tecnologia.prefeitura.sp.gov.br\/#\/schema\/person\/fe435fe82328ad345d8b1b2e52c94574","name":"Aline Menezes","image":{"@type":"ImageObject","inLanguage":"pt-BR","@id":"https:\/\/tecnologia.prefeitura.sp.gov.br\/#\/schema\/person\/image\/","url":"https:\/\/secure.gravatar.com\/avatar\/a29d4a41cc2107f8da943f941cf334b49ba1caf04ec87f872f2c40693ca240fa?s=96&d=mm&r=g","contentUrl":"https:\/\/secure.gravatar.com\/avatar\/a29d4a41cc2107f8da943f941cf334b49ba1caf04ec87f872f2c40693ca240fa?s=96&d=mm&r=g","caption":"Aline Menezes"},"url":"https:\/\/tecnologia.prefeitura.sp.gov.br\/?author=6"}]}},"_links":{"self":[{"href":"https:\/\/tecnologia.prefeitura.sp.gov.br\/index.php?rest_route=\/wp\/v2\/posts\/3873","targetHints":{"allow":["GET"]}}],"collection":[{"href":"https:\/\/tecnologia.prefeitura.sp.gov.br\/index.php?rest_route=\/wp\/v2\/posts"}],"about":[{"href":"https:\/\/tecnologia.prefeitura.sp.gov.br\/index.php?rest_route=\/wp\/v2\/types\/post"}],"author":[{"embeddable":true,"href":"https:\/\/tecnologia.prefeitura.sp.gov.br\/index.php?rest_route=\/wp\/v2\/users\/6"}],"replies":[{"embeddable":true,"href":"https:\/\/tecnologia.prefeitura.sp.gov.br\/index.php?rest_route=%2Fwp%2Fv2%2Fcomments&post=3873"}],"version-history":[{"count":1,"href":"https:\/\/tecnologia.prefeitura.sp.gov.br\/index.php?rest_route=\/wp\/v2\/posts\/3873\/revisions"}],"predecessor-version":[{"id":3875,"href":"https:\/\/tecnologia.prefeitura.sp.gov.br\/index.php?rest_route=\/wp\/v2\/posts\/3873\/revisions\/3875"}],"wp:featuredmedia":[{"embeddable":true,"href":"https:\/\/tecnologia.prefeitura.sp.gov.br\/index.php?rest_route=\/wp\/v2\/media\/3874"}],"wp:attachment":[{"href":"https:\/\/tecnologia.prefeitura.sp.gov.br\/index.php?rest_route=%2Fwp%2Fv2%2Fmedia&parent=3873"}],"wp:term":[{"taxonomy":"category","embeddable":true,"href":"https:\/\/tecnologia.prefeitura.sp.gov.br\/index.php?rest_route=%2Fwp%2Fv2%2Fcategories&post=3873"},{"taxonomy":"post_tag","embeddable":true,"href":"https:\/\/tecnologia.prefeitura.sp.gov.br\/index.php?rest_route=%2Fwp%2Fv2%2Ftags&post=3873"}],"curies":[{"name":"wp","href":"https:\/\/api.w.org\/{rel}","templated":true}]}}